{"id":331924,"date":"2025-01-08T11:06:22","date_gmt":"2025-01-08T14:06:22","guid":{"rendered":"https:\/\/blogfolhadocomercio.com.br\/wp\/?p=331924"},"modified":"2025-01-08T11:06:24","modified_gmt":"2025-01-08T14:06:24","slug":"autor-do-pl-das-fake-news-critica-mudancas-na-meta-e-defende-regulamentacao-de-redes-sociais","status":"publish","type":"post","link":"https:\/\/blogfolhadocomercio.com.br\/wp\/2025\/01\/08\/autor-do-pl-das-fake-news-critica-mudancas-na-meta-e-defende-regulamentacao-de-redes-sociais\/","title":{"rendered":"Autor do PL das Fake News critica mudan\u00e7as na Meta e defende regulamenta\u00e7\u00e3o de redes sociais"},"content":{"rendered":"\n<p><strong>Senador Alessandro Vieira diz que mudan\u00e7as visam lucro e n\u00e3o liberdade de express\u00e3o ou sa\u00fade mental; Mark Zuckerberg anunciou altera\u00e7\u00f5es na pol\u00edtica de modera\u00e7\u00e3o de conte\u00fado das plataformas da empresa<\/strong><\/p>\n\n\n\n<p>O senador\u00a0<a href=\"https:\/\/www.estadao.com.br\/tudo-sobre\/alessandro-vieira\/?srsltid=AfmBOoqxeOdqW3o2-LFH6jCN2YnQV5R8ohbwxjnVhgFsFjUjUbMiXNi9\" target=\"_blank\" rel=\"noreferrer noopener\"><strong>Alessandro Vieira<\/strong><\/a>\u00a0(MDB-SE), autor do\u00a0<a href=\"https:\/\/www.estadao.com.br\/politica\/o-que-e-o-pl-2630-das-fake-news-lula-censura-bolsonaro-npr\/?srsltid=AfmBOopPEIflkNN9fDJ3mSqGS90KBw2JHLpgFrK-5JTUF1Q6nRB-P_ul\" target=\"_blank\" rel=\"noreferrer noopener\"><strong>projeto de lei (PL) das Fake News<\/strong><\/a>, rebateu as cr\u00edticas feitas por\u00a0<a href=\"https:\/\/www.estadao.com.br\/tudo-sobre\/mark-zuckerberg\/?srsltid=AfmBOoporhSIB2HQ2pzwy2jXam2xvry4HaUSzqDmtw2aenjYznviOl00\" target=\"_blank\" rel=\"noreferrer noopener\"><strong>Mark Zuckerberg<\/strong><\/a>, diretor-executivo da\u00a0<a href=\"https:\/\/www.estadao.com.br\/tudo-sobre\/meta-empresa\/?srsltid=AfmBOorWcxHr-AkkZxisjmvgLBNqoKfAMa7wUF91iC1FbgbKYlyR4sCQ\" target=\"_blank\" rel=\"noreferrer noopener\"><strong>Meta<\/strong><\/a>, \u00e0s iniciativas de regulamenta\u00e7\u00e3o de redes sociais. Segundo o congressista, as declara\u00e7\u00f5es do empres\u00e1rio, que classificou essas a\u00e7\u00f5es como \u201ccensura\u201d, n\u00e3o interferem no avan\u00e7o da proposta no Brasil.<\/p>\n\n\n\n<p>Zuckerberg anunciou nesta ter\u00e7a-feira, 7,&nbsp;<a href=\"https:\/\/www.estadao.com.br\/link\/empresas\/meta-acaba-com-a-checagem-de-informacao-em-suas-plataformas-em-mais-uma-sinalizacao-ao-governo-trump\/\" target=\"_blank\" rel=\"noreferrer noopener\"><strong>mudan\u00e7as profundas na pol\u00edtica de modera\u00e7\u00e3o de conte\u00fado das plataformas da Meta<\/strong><\/a>, incluindo&nbsp;<a href=\"https:\/\/www.estadao.com.br\/tudo-sobre\/facebook\/?srsltid=AfmBOoo4wVvDZgA8Nl7OHdcMcxynyj_oIB1aMv3BLuSu5LWZ1EeSf-5d\" target=\"_blank\" rel=\"noreferrer noopener\"><strong>Facebook<\/strong><\/a>,&nbsp;<a href=\"https:\/\/www.estadao.com.br\/tudo-sobre\/instagram\/?srsltid=AfmBOoo0ubS7QCtXOoHUg3LVJfoPSdU4HZp23SEfy-iS-bFIWPFU88_G\" target=\"_blank\" rel=\"noreferrer noopener\"><strong>Instagram<\/strong><\/a>,&nbsp;<a href=\"https:\/\/www.estadao.com.br\/tudo-sobre\/threads\/?srsltid=AfmBOorViqI3pQR4yp4qB0N6fu4TjD8BSKaWP4hc-KjaG3fTEBb5D6ri\" target=\"_blank\" rel=\"noreferrer noopener\"><strong>Threads&nbsp;<\/strong><\/a>e&nbsp;<a href=\"https:\/\/www.estadao.com.br\/tudo-sobre\/whatsapp\/?srsltid=AfmBOorLolgX_Fr-OGid1XeDiiXa7_FWaoQsWU_u14hKjvNZb7Cllsjg\" target=\"_blank\" rel=\"noreferrer noopener\"><strong>WhatsApp<\/strong><\/a>. Entre as altera\u00e7\u00f5es, est\u00e3o o fim dos contratos com ag\u00eancias de checagem de fatos e a ado\u00e7\u00e3o de um sistema de notas da comunidade, semelhante ao modelo usado pelo X (antigo Twitter), de&nbsp;<a href=\"https:\/\/www.estadao.com.br\/tudo-sobre\/elon-musk\/?srsltid=AfmBOopVSUymShkpRGm3xP89pfLFXxh5WJsE6_wotASuxhw40JuL2P-j\" target=\"_blank\" rel=\"noreferrer noopener\"><strong>Elon Musk<\/strong><\/a>.<\/p>\n\n\n\n<p>\u201cCada pa\u00eds tem autonomia para fazer a sua regula\u00e7\u00e3o sobre qualquer tema. Os abusos eventuais s\u00e3o reflexos de m\u00e1 legisla\u00e7\u00e3o ou maus ju\u00edzes, mas n\u00e3o s\u00e3o a regra\u201d, afirmou o senador, em declara\u00e7\u00e3o ao&nbsp;<em>Congresso em Foco<\/em>.<\/p>\n\n\n\n<figure class=\"wp-block-image\"><img decoding=\"async\" src=\"https:\/\/www.estadao.com.br\/resizer\/v2\/EJE6A7EJBVI5BDSMNVH3MIGABE.jpg?quality=80&amp;auth=a9428013874c07a72f39d8e76b96a25be4bc14dd04748203a1c740e3a5447fd1&amp;width=380\" alt=\"Senador Alessandro Vieira, autor do PL das Fake News\"\/><figcaption class=\"wp-element-caption\">Senador Alessandro Vieira, autor do PL das Fake News&nbsp;<em>Foto:&nbsp;Edilson Rodrigues\/Ag\u00eancia Senado<\/em><\/figcaption><\/figure>\n\n\n\n<p>Zuckerberg afirmou que a regulamenta\u00e7\u00e3o proposta em pa\u00edses como a Uni\u00e3o Europeia institucionaliza a censura e \u201cdificulta a inova\u00e7\u00e3o\u201d. Ele tamb\u00e9m criticou na\u00e7\u00f5es latino-americanas,&nbsp;<a href=\"https:\/\/www.estadao.com.br\/link\/empresas\/america-latina-tem-tribunais-secretos-de-censura-diz-zuckerberg-ao-acabar-com-moderacao-na-meta\/\" target=\"_blank\" rel=\"noreferrer noopener\"><strong>alegando que possuem \u201ctribunais secretos\u201d que ordenam a remo\u00e7\u00e3o de conte\u00fado<\/strong><\/a>. No pronunciamento, o CEO apelou ao presidente eleito dos Estados Unidos,&nbsp;<a href=\"https:\/\/www.estadao.com.br\/tudo-sobre\/donald-trump\/?srsltid=AfmBOop86wwgxD3AwntLuvW0Czv59UHlDvBmkvsVXcL0pq7j_BbJEzf_\" target=\"_blank\" rel=\"noreferrer noopener\"><strong>Donald Trump<\/strong><\/a>, para liderar uma oposi\u00e7\u00e3o institucional a essas pol\u00edticas.<\/p>\n\n\n\n<p>Alessandro Vieira, no entanto, acredita que essas declara\u00e7\u00f5es t\u00eam pouca relev\u00e2ncia pr\u00e1tica no Brasil. \u201cO que afeta a tramita\u00e7\u00e3o deste ou de qualquer outro projeto complexo \u00e9 a baixa capacidade dos parlamentares para entender o problema e enfrentar a press\u00e3o midi\u00e1tica\u201d, avaliou. Ele tamb\u00e9m alertou para os poss\u00edveis impactos negativos das mudan\u00e7as na Meta, que podem facilitar a dissemina\u00e7\u00e3o de desinforma\u00e7\u00e3o.<\/p>\n\n\n\n<p>O PL das Fake News, aprovado no Senado em 2021, inicialmente visava penalizar pessoas envolvidas na produ\u00e7\u00e3o e na dissemina\u00e7\u00e3o de not\u00edcias falsas. Na C\u00e2mara, o projeto ganhou um escopo mais amplo, buscando regulamentar as redes sociais com base em modelos internacionais, como os da Austr\u00e1lia, do Canad\u00e1 e da Uni\u00e3o Europeia. Por\u00e9m,&nbsp;<a href=\"https:\/\/www.estadao.com.br\/politica\/camara-decide-criar-grupo-de-trabalho-sobre-fake-news-sem-deputado-orlando-silva-na-relatoria\/?srsltid=AfmBOoqGt-in5MMObE2LRI1qabFfS1CvH_nkTOBZ8yocVg5qemAxfPcq\" target=\"_blank\" rel=\"noreferrer noopener\"><strong>tramita\u00e7\u00e3o da proposta foi paralisada em 2024, quando o presidente da C\u00e2mara, Arthur Lira (PP-AL), instituiu um grupo de trabalho para revisar o texto<\/strong><\/a>.<\/p>\n\n\n\n<p>Zuckerberg justificou as mudan\u00e7as anunciadas como uma forma de promover a liberdade de express\u00e3o. Contudo, para Alessandro Vieira, o objetivo real do pacote \u00e9 puramente financeiro. \u201cA Meta nunca teve preocupa\u00e7\u00e3o real com a qualidade da informa\u00e7\u00e3o que circula nas redes, seu foco sempre foi maximizar lucros. (\u2026) Zuckerberg s\u00f3 est\u00e1 preocupado com o lucro das suas empresas, n\u00e3o com liberdade de express\u00e3o ou sa\u00fade mental\u201d, argumentou.<\/p>\n\n\n\n<p>O senador refor\u00e7ou que a regulamenta\u00e7\u00e3o n\u00e3o \u00e9 censura, mas uma necessidade para proteger os usu\u00e1rios de abusos e da desinforma\u00e7\u00e3o. Segundo ele, a aus\u00eancia de mecanismos de controle deixa as plataformas vulner\u00e1veis ao uso indevido, muitas vezes prejudicando o debate p\u00fablico e as institui\u00e7\u00f5es democr\u00e1ticas.<\/p>\n\n\n\n<p>A flexibiliza\u00e7\u00e3o na modera\u00e7\u00e3o de conte\u00fado da Meta inclui ainda a remo\u00e7\u00e3o de restri\u00e7\u00f5es sobre temas como g\u00eanero e imigra\u00e7\u00e3o, alinhando-se a demandas antigas de Trump e de outros l\u00edderes de extrema direita. Para Vieira, essas decis\u00f5es mostram que a empresa n\u00e3o busca melhorar a qualidade das redes, mas sim atender a press\u00f5es pol\u00edticas e proteger interesses comerciais.<\/p>\n\n\n\n<p><strong>Por Estad\u00e3o<\/strong><\/p>\n\n\n\n<p><strong><br><\/strong><\/p>\n","protected":false},"excerpt":{"rendered":"<p>Senador Alessandro Vieira diz que mudan\u00e7as visam lucro e n\u00e3o liberdade de express\u00e3o ou sa\u00fade mental; Mark Zuckerberg anunciou altera\u00e7\u00f5es na pol\u00edtica de modera\u00e7\u00e3o de conte\u00fado das plataformas da empresa&hellip;<\/p>\n","protected":false},"author":1,"featured_media":331925,"comment_status":"closed","ping_status":"open","sticky":false,"template":"","format":"standard","meta":{"footnotes":""},"categories":[34,35,42],"tags":[],"class_list":["post-331924","post","type-post","status-publish","format-standard","has-post-thumbnail","hentry","category-brasil","category-politica","category-ultimas"],"_links":{"self":[{"href":"https:\/\/blogfolhadocomercio.com.br\/wp\/wp-json\/wp\/v2\/posts\/331924","targetHints":{"allow":["GET"]}}],"collection":[{"href":"https:\/\/blogfolhadocomercio.com.br\/wp\/wp-json\/wp\/v2\/posts"}],"about":[{"href":"https:\/\/blogfolhadocomercio.com.br\/wp\/wp-json\/wp\/v2\/types\/post"}],"author":[{"embeddable":true,"href":"https:\/\/blogfolhadocomercio.com.br\/wp\/wp-json\/wp\/v2\/users\/1"}],"replies":[{"embeddable":true,"href":"https:\/\/blogfolhadocomercio.com.br\/wp\/wp-json\/wp\/v2\/comments?post=331924"}],"version-history":[{"count":1,"href":"https:\/\/blogfolhadocomercio.com.br\/wp\/wp-json\/wp\/v2\/posts\/331924\/revisions"}],"predecessor-version":[{"id":331926,"href":"https:\/\/blogfolhadocomercio.com.br\/wp\/wp-json\/wp\/v2\/posts\/331924\/revisions\/331926"}],"wp:featuredmedia":[{"embeddable":true,"href":"https:\/\/blogfolhadocomercio.com.br\/wp\/wp-json\/wp\/v2\/media\/331925"}],"wp:attachment":[{"href":"https:\/\/blogfolhadocomercio.com.br\/wp\/wp-json\/wp\/v2\/media?parent=331924"}],"wp:term":[{"taxonomy":"category","embeddable":true,"href":"https:\/\/blogfolhadocomercio.com.br\/wp\/wp-json\/wp\/v2\/categories?post=331924"},{"taxonomy":"post_tag","embeddable":true,"href":"https:\/\/blogfolhadocomercio.com.br\/wp\/wp-json\/wp\/v2\/tags?post=331924"}],"curies":[{"name":"wp","href":"https:\/\/api.w.org\/{rel}","templated":true}]}}