{"id":331784,"date":"2025-01-06T19:51:36","date_gmt":"2025-01-06T22:51:36","guid":{"rendered":"https:\/\/blogfolhadocomercio.com.br\/wp\/?p=331784"},"modified":"2025-01-06T19:51:37","modified_gmt":"2025-01-06T22:51:37","slug":"tatuador-do-df-desaparece-apos-marcar-viagem-para-caldas-novas-no-ano-novo","status":"publish","type":"post","link":"https:\/\/blogfolhadocomercio.com.br\/wp\/2025\/01\/06\/tatuador-do-df-desaparece-apos-marcar-viagem-para-caldas-novas-no-ano-novo\/","title":{"rendered":"Tatuador do DF desaparece ap\u00f3s marcar viagem para Caldas Novas no Ano Novo"},"content":{"rendered":"\n<p>O jovem disse aos familiares que iria viajar para Caldas Novas para comemorar a virada do ano com os amigos<\/p>\n\n\n\n<figure class=\"wp-block-image size-large\"><img loading=\"lazy\" decoding=\"async\" width=\"1024\" height=\"576\" src=\"https:\/\/blogfolhadocomercio.com.br\/wp\/wp-content\/uploads\/2025\/01\/image-153-1024x576.png\" alt=\"\" class=\"wp-image-331785\" srcset=\"https:\/\/blogfolhadocomercio.com.br\/wp\/wp-content\/uploads\/2025\/01\/image-153-1024x576.png 1024w, https:\/\/blogfolhadocomercio.com.br\/wp\/wp-content\/uploads\/2025\/01\/image-153-300x169.png 300w, https:\/\/blogfolhadocomercio.com.br\/wp\/wp-content\/uploads\/2025\/01\/image-153-768x432.png 768w, https:\/\/blogfolhadocomercio.com.br\/wp\/wp-content\/uploads\/2025\/01\/image-153-1170x658.png 1170w, https:\/\/blogfolhadocomercio.com.br\/wp\/wp-content\/uploads\/2025\/01\/image-153-585x329.png 585w, https:\/\/blogfolhadocomercio.com.br\/wp\/wp-content\/uploads\/2025\/01\/image-153.png 1200w\" sizes=\"auto, (max-width: 1024px) 100vw, 1024px\" \/><\/figure>\n\n\n\n<p>(POR MAIS GOI\u00c1S) Maur\u00edcio Ribeiro da Silva, de 22 anos, est\u00e1 desaparecido desde o dia 31 de dezembro de 2024. O jovem, que trabalha como tatuador no Distrito Federal, foi visto pela \u00faltima vez no Gama, regi\u00e3o administrativa do Distrito Federal.<\/p>\n\n\n\n<p>De acordo com Michele Gon\u00e7alves, m\u00e3e do rapaz, Maur\u00edcio informou que viajaria para Caldas Novas (GO) com um grupo de amigos para celebrar a virada do ano. Ele foi deixado pelo av\u00f4 na esta\u00e7\u00e3o do BRT no Gama, por volta das 10h30, com uma mochila. Segundo a m\u00e3e, o filho avisou que encontraria os amigos no Plano Piloto antes de seguir viagem e que desligaria o celular, prometendo ligar para a fam\u00edlia na noite da virada.<\/p>\n\n\n\n<p>No entanto, Maur\u00edcio n\u00e3o fez contato desde ent\u00e3o, e o celular permanece desligado. Os familiares tentaram localizar o jovem por meio de conhecidos, mas n\u00e3o conseguiram informa\u00e7\u00f5es sobre seu paradeiro. \u201cN\u00f3s tamb\u00e9m n\u00e3o temos conhecimento de quem seriam esses colegas que iam viajar com ele\u201d, relatou Michele.<\/p>\n\n\n\n<h2 class=\"wp-block-heading\" id=\"h-tatuador-sumido-ha-uma-semana\">Tatuador sumido h\u00e1 uma semana<\/h2>\n\n\n\n<p>A m\u00e3e do jovem registrou um boletim de ocorr\u00eancia na 20\u00aa\u00a0<a href=\"https:\/\/www.pcdf.df.gov.br\/informacoes\/lista-telefonica\/20\/20-dp-gama\">Delegacia de Pol\u00edcia (Gama)<\/a>, que investiga o caso. Michele expressou sua preocupa\u00e7\u00e3o: \u201cJ\u00e1 vai completar uma semana que ele est\u00e1\u00a0desaparecido. N\u00e3o sabemos nem onde procur\u00e1-lo ou para quem perguntar sobre o paradeiro dele\u201d.<\/p>\n\n\n\n<p>Quem tiver informa\u00e7\u00f5es sobre Maur\u00edcio pode entrar em contato com a m\u00e3e pelo telefone (61) 99594-2825.<\/p>\n\n\n\n<p>*Com informa\u00e7\u00f5es Metr\u00f3poles<\/p>\n","protected":false},"excerpt":{"rendered":"<p>O jovem disse aos familiares que iria viajar para Caldas Novas para comemorar a virada do ano com os amigos (POR MAIS GOI\u00c1S) Maur\u00edcio Ribeiro da Silva, de 22 anos,&hellip;<\/p>\n","protected":false},"author":1,"featured_media":331785,"comment_status":"closed","ping_status":"open","sticky":false,"template":"","format":"standard","meta":{"footnotes":""},"categories":[34,1,42],"tags":[],"class_list":["post-331784","post","type-post","status-publish","format-standard","has-post-thumbnail","hentry","category-brasil","category-cidades","category-ultimas"],"_links":{"self":[{"href":"https:\/\/blogfolhadocomercio.com.br\/wp\/wp-json\/wp\/v2\/posts\/331784","targetHints":{"allow":["GET"]}}],"collection":[{"href":"https:\/\/blogfolhadocomercio.com.br\/wp\/wp-json\/wp\/v2\/posts"}],"about":[{"href":"https:\/\/blogfolhadocomercio.com.br\/wp\/wp-json\/wp\/v2\/types\/post"}],"author":[{"embeddable":true,"href":"https:\/\/blogfolhadocomercio.com.br\/wp\/wp-json\/wp\/v2\/users\/1"}],"replies":[{"embeddable":true,"href":"https:\/\/blogfolhadocomercio.com.br\/wp\/wp-json\/wp\/v2\/comments?post=331784"}],"version-history":[{"count":1,"href":"https:\/\/blogfolhadocomercio.com.br\/wp\/wp-json\/wp\/v2\/posts\/331784\/revisions"}],"predecessor-version":[{"id":331786,"href":"https:\/\/blogfolhadocomercio.com.br\/wp\/wp-json\/wp\/v2\/posts\/331784\/revisions\/331786"}],"wp:featuredmedia":[{"embeddable":true,"href":"https:\/\/blogfolhadocomercio.com.br\/wp\/wp-json\/wp\/v2\/media\/331785"}],"wp:attachment":[{"href":"https:\/\/blogfolhadocomercio.com.br\/wp\/wp-json\/wp\/v2\/media?parent=331784"}],"wp:term":[{"taxonomy":"category","embeddable":true,"href":"https:\/\/blogfolhadocomercio.com.br\/wp\/wp-json\/wp\/v2\/categories?post=331784"},{"taxonomy":"post_tag","embeddable":true,"href":"https:\/\/blogfolhadocomercio.com.br\/wp\/wp-json\/wp\/v2\/tags?post=331784"}],"curies":[{"name":"wp","href":"https:\/\/api.w.org\/{rel}","templated":true}]}}