{"id":331696,"date":"2025-01-06T13:30:36","date_gmt":"2025-01-06T16:30:36","guid":{"rendered":"https:\/\/blogfolhadocomercio.com.br\/wp\/?p=331696"},"modified":"2025-01-06T13:30:38","modified_gmt":"2025-01-06T16:30:38","slug":"haddad-interrompe-ferias-se-reune-com-lula-e-diz-que-prioridade-do-governo-e-votar-orcamento","status":"publish","type":"post","link":"https:\/\/blogfolhadocomercio.com.br\/wp\/2025\/01\/06\/haddad-interrompe-ferias-se-reune-com-lula-e-diz-que-prioridade-do-governo-e-votar-orcamento\/","title":{"rendered":"Haddad interrompe f\u00e9rias, se re\u00fane com Lula e diz que prioridade do governo \u00e9 votar Or\u00e7amento"},"content":{"rendered":"\n<p><strong>Ministro da Fazenda teve encontro de uma hora e meia com presidente na manh\u00e3 desta segunda-feira; novas medidas de cortes de gastos n\u00e3o foram discutidas, segundo ele<\/strong><\/p>\n\n\n\n<p>O ministro da Fazenda,\u00a0<a href=\"https:\/\/www.estadao.com.br\/tudo-sobre\/fernando-haddad\/\" target=\"_blank\" rel=\"noreferrer noopener\"><strong>Fernando Haddad<\/strong><\/a>, disse que conversou nesta segunda-feira, 6, com o presidente\u00a0<a href=\"https:\/\/www.estadao.com.br\/tudo-sobre\/lula-luiz-inacio-lula-da-silva\/\" target=\"_blank\" rel=\"noreferrer noopener\"><strong>Luiz In\u00e1cio Lula da Silva<\/strong><\/a>\u00a0sobre o planejamento do ano e o\u00a0<a href=\"https:\/\/www.estadao.com.br\/tudo-sobre\/orcamento-federal-brasil\/\" target=\"_blank\" rel=\"noreferrer noopener\"><strong>Or\u00e7amento<\/strong><\/a>\u00a0de 2025. A prioridade do governo \u00e9 aprovar o Or\u00e7amento no\u00a0<a href=\"https:\/\/www.estadao.com.br\/tudo-sobre\/congresso-nacional\/\" target=\"_blank\" rel=\"noreferrer noopener\"><strong>Congresso<\/strong><\/a>, mesmo que n\u00e3o haja expectativa de restri\u00e7\u00f5es pelo fato de a pe\u00e7a ainda n\u00e3o ter sido votada.<\/p>\n\n\n\n<p>\u201cNo come\u00e7o do ano \u00e9 sempre uma execu\u00e7\u00e3o mais lenta, ordinariamente. Mas n\u00f3s temos que discutir, falar com o relator para ajustar o Or\u00e7amento \u00e0s perspectivas do arcabou\u00e7o fiscal e das leis que foram aprovadas no final do ano passado\u201d, disse Haddad a jornalistas, na entrada da sede da Fazenda, em Bras\u00edlia. Segundo o ministro, novas medidas de corte de gastos n\u00e3o foram discutidas.<\/p>\n\n\n\n<p>O ministro interrompeu suas f\u00e9rias nesta segunda-feira e se reuniu com Lula durante uma hora e meia pela manh\u00e3, na volta do presidente ao Pal\u00e1cio do Planalto. O encontro foi das 10h at\u00e9 as 11h30, aproximadamente. Em nota, a Fazenda afirmou que o recesso havia sido marcado porque um familiar de Haddad faria uma cirurgia. Como esse familiar j\u00e1 estava recuperado, o ministro voltou ao trabalho. O per\u00edodo de f\u00e9rias que Haddad teria de 10 a 21 de janeiro tamb\u00e9m foi cancelado.<\/p>\n\n\n\n<figure class=\"wp-block-image\"><img decoding=\"async\" src=\"https:\/\/www.estadao.com.br\/resizer\/v2\/UMC3AGSKL5HNVEFYL657SGJWNA.jpg?quality=80&amp;auth=47c817abcd1b00dd4a1f2091364f48f8632115cff746993cf18fa2fda315c14b&amp;width=380\" alt=\"Haddad negou nesta segunda-feira uma eventual altera\u00e7\u00e3o no IOF para conter a alta do d\u00f3lar\"\/><figcaption class=\"wp-element-caption\">Haddad negou nesta segunda-feira uma eventual altera\u00e7\u00e3o no IOF para conter a alta do d\u00f3lar&nbsp;<em>Foto:&nbsp;Paulo Pinto\/Ag\u00eancia Brasil<\/em><\/figcaption><\/figure>\n\n\n\n<p>Como a Lei Or\u00e7ament\u00e1ria Anual (LOA) n\u00e3o foi aprovada no ano passado, o governo funcionar\u00e1 nos primeiros meses deste ano com o chamado \u201cduod\u00e9cimo\u201d \u2014 uma regra que autoriza o Executivo a gastar 1\/12 do valor previsto na pe\u00e7a or\u00e7ament\u00e1ria para garantir o funcionamento da m\u00e1quina p\u00fablica. O Executivo quer votar a LOA at\u00e9 fevereiro.<\/p>\n\n\n\n<p>Indagado sobre a reforma do Imposto de Renda, que prev\u00ea isentar quem ganha at\u00e9 R$ 5 mil reais por m\u00eas, Haddad disse que Lula pretende aguardar as elei\u00e7\u00f5es para a presid\u00eancia da C\u00e2mara e Senado para entrar no tema. Antes, afirmou, \u00e9 necess\u00e1rio votar o Or\u00e7amento. \u201cMas a discuss\u00e3o est\u00e1 programada para 2025, ela tem de acontecer em 2025\u2033, disse.<\/p>\n\n\n\n<h3 class=\"wp-block-heading\" id=\"dolar\">D\u00f3lar<\/h3>\n\n\n\n<p>Haddad negou uma eventual altera\u00e7\u00e3o no Imposto Sobre Opera\u00e7\u00f5es Financeiras (IOF) para conter a alta do d\u00f3lar. E disse que h\u00e1 um processo de \u201cacomoda\u00e7\u00e3o natural\u201d no c\u00e2mbio. \u201c\u00c9 natural que as coisas se acomodem. Mas n\u00e3o existe discuss\u00e3o de mudar o regime cambial no Brasil. Nem de aumentar imposto com esse objetivo\u201d, afirmou.<\/p>\n\n\n\n<p>Haddad avaliou que houve estresse no c\u00e2mbio n\u00e3o s\u00f3 no Brasil como em todo o mundo no fim de 2024. Nesta segunda, mais cedo, o d\u00f3lar chegou a recuar para abaixo de R$ 6,10 no mercado \u00e0 vista, com informa\u00e7\u00f5es de que o pr\u00f3ximo governo dos Estados Unidos pode adotar um conjunto de tarifas menos abrangente do que o esperado.<\/p>\n\n\n\n<p>\u201cHoje mesmo, o presidente eleito dos EUA deu declara\u00e7\u00f5es moderando determinadas propostas que foram feitas ao longo da campanha\u201d, afirmou Haddad, ao refor\u00e7ar o argumento de acomoda\u00e7\u00e3o do c\u00e2mbio.<\/p>\n\n\n\n<p><strong>Por Estad\u00e3o<\/strong><\/p>\n\n\n\n<p><strong><br><\/strong><\/p>\n","protected":false},"excerpt":{"rendered":"<p>Ministro da Fazenda teve encontro de uma hora e meia com presidente na manh\u00e3 desta segunda-feira; novas medidas de cortes de gastos n\u00e3o foram discutidas, segundo ele O ministro da&hellip;<\/p>\n","protected":false},"author":1,"featured_media":331697,"comment_status":"closed","ping_status":"open","sticky":false,"template":"","format":"standard","meta":{"footnotes":""},"categories":[34,35,42],"tags":[],"class_list":["post-331696","post","type-post","status-publish","format-standard","has-post-thumbnail","hentry","category-brasil","category-politica","category-ultimas"],"_links":{"self":[{"href":"https:\/\/blogfolhadocomercio.com.br\/wp\/wp-json\/wp\/v2\/posts\/331696","targetHints":{"allow":["GET"]}}],"collection":[{"href":"https:\/\/blogfolhadocomercio.com.br\/wp\/wp-json\/wp\/v2\/posts"}],"about":[{"href":"https:\/\/blogfolhadocomercio.com.br\/wp\/wp-json\/wp\/v2\/types\/post"}],"author":[{"embeddable":true,"href":"https:\/\/blogfolhadocomercio.com.br\/wp\/wp-json\/wp\/v2\/users\/1"}],"replies":[{"embeddable":true,"href":"https:\/\/blogfolhadocomercio.com.br\/wp\/wp-json\/wp\/v2\/comments?post=331696"}],"version-history":[{"count":1,"href":"https:\/\/blogfolhadocomercio.com.br\/wp\/wp-json\/wp\/v2\/posts\/331696\/revisions"}],"predecessor-version":[{"id":331698,"href":"https:\/\/blogfolhadocomercio.com.br\/wp\/wp-json\/wp\/v2\/posts\/331696\/revisions\/331698"}],"wp:featuredmedia":[{"embeddable":true,"href":"https:\/\/blogfolhadocomercio.com.br\/wp\/wp-json\/wp\/v2\/media\/331697"}],"wp:attachment":[{"href":"https:\/\/blogfolhadocomercio.com.br\/wp\/wp-json\/wp\/v2\/media?parent=331696"}],"wp:term":[{"taxonomy":"category","embeddable":true,"href":"https:\/\/blogfolhadocomercio.com.br\/wp\/wp-json\/wp\/v2\/categories?post=331696"},{"taxonomy":"post_tag","embeddable":true,"href":"https:\/\/blogfolhadocomercio.com.br\/wp\/wp-json\/wp\/v2\/tags?post=331696"}],"curies":[{"name":"wp","href":"https:\/\/api.w.org\/{rel}","templated":true}]}}