{"id":331687,"date":"2025-01-06T13:21:37","date_gmt":"2025-01-06T16:21:37","guid":{"rendered":"https:\/\/blogfolhadocomercio.com.br\/wp\/?p=331687"},"modified":"2025-01-06T13:21:39","modified_gmt":"2025-01-06T16:21:39","slug":"bolsonaro-deve-ser-julgado-por-tentativa-de-golpe-pela-primeira-turma-do-stf-entenda","status":"publish","type":"post","link":"https:\/\/blogfolhadocomercio.com.br\/wp\/2025\/01\/06\/bolsonaro-deve-ser-julgado-por-tentativa-de-golpe-pela-primeira-turma-do-stf-entenda\/","title":{"rendered":"Bolsonaro deve ser julgado por tentativa de golpe pela Primeira Turma do STF; entenda"},"content":{"rendered":"\n<p><strong>Ex-presidente aguarda manifesta\u00e7\u00e3o da Procuradoria-Geral da Rep\u00fablica (PGR) por den\u00fancia no caso<\/strong><\/p>\n\n\n\n<p><strong>&nbsp;<\/strong><a href=\"https:\/\/www.estadao.com.br\/politica\/blog-do-fausto-macedo\/pf-indicia-37-por-golpe-organizacao-criminosa-e-abolicao-violenta-do-estado-democratico\/\" target=\"_blank\" rel=\"noreferrer noopener\"><strong>Indiciado pela Pol\u00edcia Federal pelos crimes de aboli\u00e7\u00e3o violenta do Estado Democr\u00e1tico de Direito, golpe de Estado e organiza\u00e7\u00e3o criminosa<\/strong><\/a>, o ex-presidente&nbsp;<a href=\"https:\/\/www.estadao.com.br\/tudo-sobre\/jair-bolsonaro\/\" target=\"_blank\" rel=\"noreferrer noopener\"><strong>Jair Bolsonaro&nbsp;<\/strong><\/a>(PL) aguarda uma prov\u00e1vel den\u00fancia da<a href=\"https:\/\/www.estadao.com.br\/tudo-sobre\/procuradoria-geral-da-republica\/?srsltid=AfmBOooLFZuEq2RPbywpx_PO2b-w5bRSXRO--i_jh27itfYMfYB4HJHE\" target=\"_blank\" rel=\"noreferrer noopener\">&nbsp;<strong>Procuradoria-Geral da Rep\u00fablica (PGR)<\/strong><\/a><strong>&nbsp;<\/strong>sob a acusa\u00e7\u00e3o de conspira\u00e7\u00e3o contra o sistema democr\u00e1tico do Pa\u00eds para se defender das imputa\u00e7\u00f5es perante o&nbsp;<a href=\"https:\/\/www.estadao.com.br\/tudo-sobre\/stf-supremo-tribunal-federal\/?srsltid=AfmBOooC0O_JROL07wFteh3NIw-Dzi01kGVKYAmUnUyHbahn0pIleQWI\" target=\"_blank\" rel=\"noreferrer noopener\"><strong>Supremo Tribunal Federal (STF)<\/strong><\/a>.<\/p>\n\n\n\n<p>Como mostrou o&nbsp;<strong>Estad\u00e3o<\/strong>, a&nbsp;<a href=\"https:\/\/www.estadao.com.br\/politica\/vera-rosa\/denuncia-do-golpe-deve-ser-fatiada-em-varios-nucleos-para-agilizar-julgamento-de-bolsonaro-e-aliados\/\" target=\"_blank\" rel=\"noreferrer noopener\"><strong>PGR pretende apresentar mais de uma den\u00fancia ao STF<\/strong><\/a>&nbsp;contra os 40 indiciados no inqu\u00e9rito do golpe.&nbsp;<a href=\"https:\/\/www.estadao.com.br\/politica\/o-que-diz-jair-bolsonaro-indiciado-policia-federal-pf-golpe-de-estado-nprp\/?srsltid=AfmBOopujJMWafBL236KD5HkkWnXWLeJeAHPHQxbvzYbdQyUl7OjFQXI\"><strong>A ideia \u00e9 dividir as acusa\u00e7\u00f5es que atingem o ex-presidente Jair Bolsonaro, os ex-ministros Braga Netto e Augusto Heleno<\/strong><\/a>&nbsp;e outros 37 envolvidos no caso de acordo com os \u201cn\u00facleos\u201d da organiza\u00e7\u00e3o criminosa, mas n\u00e3o necessariamente com os nomes usados pela PF para batizar esses grupos.<\/p>\n\n\n\n<figure class=\"wp-block-image\"><img decoding=\"async\" src=\"https:\/\/www.estadao.com.br\/resizer\/v2\/JXWPD32HA5AC5IQ5TXR6YHNP4M.jpg?quality=80&amp;auth=0579bac5e2da9c91ef78911760bb6ecca29d59b0054c31417e17509d86181a03&amp;width=380\" alt=\"Ministro Alexandre de Moraes integra a Primeira Turma do Supremo Tribunal Federal (STF) \"\/><figcaption class=\"wp-element-caption\">Ministro Alexandre de Moraes integra a Primeira Turma do Supremo Tribunal Federal (STF)&nbsp;<em>Foto:&nbsp;Wilton Junior\/ESTADAO<\/em><\/figcaption><\/figure>\n\n\n\n<p>O indiciamento \u00e9 a imputa\u00e7\u00e3o a algu\u00e9m, por parte da autoridade policial, da pr\u00e1tica de um il\u00edcito. Assim, significa que, para a PF, Bolsonaro cometeu tais crimes. Com isso, o ex-presidente passa da condi\u00e7\u00e3o de \u201csuspeito\u201d para a de \u201cprov\u00e1vel autor da infra\u00e7\u00e3o penal\u201d. Contudo, continua gozando da presun\u00e7\u00e3o de inoc\u00eancia. Procurada pelo&nbsp;<strong>Estad\u00e3o<\/strong>, a defesa do ex-presidente n\u00e3o se manifestou.<\/p>\n\n\n\n<p>O pr\u00f3ximo passo ser\u00e1 a manifesta\u00e7\u00e3o da PGR. A prov\u00e1vel den\u00fancia dever\u00e1 ser encaminhada ao ministro<a href=\"https:\/\/www.estadao.com.br\/tudo-sobre\/alexandre-de-moraes\/\" target=\"_blank\" rel=\"noreferrer noopener\"><strong>&nbsp;Alexandre de Moraes<\/strong><\/a>, relator do inqu\u00e9rito sobre a suposta tentativa de golpe de Estado. O caminho natural \u00e9 que a den\u00fancia seja apreciada pela Primeira Turma do tribunal composta por Moraes, C\u00e1rmen L\u00facia, Cristiano Zanin, atual presidente, Fl\u00e1vio Dino e Luiz Fux.<\/p>\n\n\n\n<p>Em dezembro de 2023, o STF acolheu uma proposta do ministro&nbsp;<a href=\"https:\/\/www.estadao.com.br\/tudo-sobre\/luis-roberto-barroso\/\" target=\"_blank\" rel=\"noreferrer noopener\"><strong>Lu\u00eds Roberto Barroso<\/strong><\/a>, presidente da Corte, e restabeleceu a compet\u00eancia das Turmas para processar e julgar a\u00e7\u00f5es penais (APs) contra autoridades com foro no Tribunal, como \u00e9 o caso de Bolsonaro. As altera\u00e7\u00f5es no Regimento Interno do STF visam \u201cracionalizar a distribui\u00e7\u00e3o dos processos criminais e reduzir a sobrecarga do Plen\u00e1rio\u201d.<\/p>\n\n\n\n<p>Aliados do ex-presidente entendem que a defesa de Bolsonaro deve pedir que o caso seja analisado no plen\u00e1rio da Corte, em uma tentativa de buscar votos \u201cmais favor\u00e1veis\u201d ao ex-mandat\u00e1rio, como os ministros indicados durante a gest\u00e3o Bolsonaro, Nunes Marques e Andr\u00e9 Mendon\u00e7a. Caber\u00e1 ao relator decidir de mant\u00e9m o tramite natural do processo ou convoca o plen\u00e1rio.<\/p>\n\n\n\n<h3 class=\"wp-block-heading\" id=\"indiciamento\">Indiciamento<\/h3>\n\n\n\n<p>O ex-presidente<a href=\"https:\/\/www.estadao.com.br\/politica\/blog-do-fausto-macedo\/pf-indicia-37-por-golpe-organizacao-criminosa-e-abolicao-violenta-do-estado-democratico\/\"><strong>&nbsp;e mais 36 aliados foram indiciados pela Pol\u00edcia Federal<\/strong><\/a>,<strong>&nbsp;<\/strong>em novembro de 2024, pelos crimes de aboli\u00e7\u00e3o violenta do Estado Democr\u00e1tico de Direito, golpe de Estado e organiza\u00e7\u00e3o criminosa. Pela primeira vez na hist\u00f3ria democr\u00e1tica do Brasil, um presidente eleito enfrenta indiciamento sob a acusa\u00e7\u00e3o de conspirar contra o sistema democr\u00e1tico do Pa\u00eds. Em dezembro, mais tr\u00eas foram indiciados.<\/p>\n\n\n\n<p>O relat\u00f3rio aponta que&nbsp;<a href=\"https:\/\/www.estadao.com.br\/politica\/blog-do-fausto-macedo\/bolsonaro-sabia-de-plano-para-envenenar-lula-e-explodir-moraes-diz-pf\/\"><strong>Bolsonaro sabia do plano<\/strong><\/a>&nbsp;para matar o presidente&nbsp;<a href=\"https:\/\/www.estadao.com.br\/tudo-sobre\/lula-luiz-inacio-lula-da-silva\/?srsltid=AfmBOop_Qf399mEZkmSU3OErY-9xnpMA_1MBp1FpegHSg5C6_Q8RahAD\"><strong>Luiz In\u00e1cio Lula da Silva<\/strong><\/a><strong>&nbsp;<\/strong>(PT), o vice-presidente,&nbsp;<a href=\"https:\/\/www.estadao.com.br\/tudo-sobre\/geraldo-alckmin\/?srsltid=AfmBOorIwtb92GZV_0trGPB0LrRkLLWvBuu8DcqktFQGbULGxAPn4FCj\"><strong>Geraldo Alckmin<\/strong><\/a>&nbsp;(PSB), e o ministro&nbsp;<a href=\"https:\/\/www.estadao.com.br\/tudo-sobre\/alexandre-de-moraes\/?srsltid=AfmBOoomW6v8L1hhdtNimN8ZsvOjn-w6lAzC_SeWe1qfxZPd_798Xgar\"><strong>Alexandre de Moraes<\/strong><\/a>&nbsp;em 2022. Al\u00e9m de mensagens de celular, v\u00eddeos, grava\u00e7\u00f5es, depoimentos da dela\u00e7\u00e3o premiada de&nbsp;<a href=\"https:\/\/www.estadao.com.br\/tudo-sobre\/mauro-cesar-barbosa-cid\/?srsltid=AfmBOopaMgd_axpbJMs6qO_UJJVoPEGmvO6RcvUfzKtUeVJe4GX0PEdD\"><strong>Mauro Cid<\/strong><\/a>, h\u00e1 uma&nbsp;<a href=\"https:\/\/www.estadao.com.br\/politica\/kids-pretos-minuta-golpista-tentativas-golpe-envolvendo-militares-governo-jair-bolsonaro-nprp\/\"><strong>minuta de um decreto golpista<\/strong><\/a>, que, de acordo com a PF, foi redigida e ajustada por Bolsonaro.<\/p>\n\n\n\n<p><strong>Por Estad\u00e3o<\/strong><\/p>\n\n\n\n<p><strong><br><\/strong><\/p>\n","protected":false},"excerpt":{"rendered":"<p>Ex-presidente aguarda manifesta\u00e7\u00e3o da Procuradoria-Geral da Rep\u00fablica (PGR) por den\u00fancia no caso &nbsp;Indiciado pela Pol\u00edcia Federal pelos crimes de aboli\u00e7\u00e3o violenta do Estado Democr\u00e1tico de Direito, golpe de Estado e&hellip;<\/p>\n","protected":false},"author":1,"featured_media":331688,"comment_status":"closed","ping_status":"open","sticky":false,"template":"","format":"standard","meta":{"footnotes":""},"categories":[57,42],"tags":[],"class_list":["post-331687","post","type-post","status-publish","format-standard","has-post-thumbnail","hentry","category-justica","category-ultimas"],"_links":{"self":[{"href":"https:\/\/blogfolhadocomercio.com.br\/wp\/wp-json\/wp\/v2\/posts\/331687","targetHints":{"allow":["GET"]}}],"collection":[{"href":"https:\/\/blogfolhadocomercio.com.br\/wp\/wp-json\/wp\/v2\/posts"}],"about":[{"href":"https:\/\/blogfolhadocomercio.com.br\/wp\/wp-json\/wp\/v2\/types\/post"}],"author":[{"embeddable":true,"href":"https:\/\/blogfolhadocomercio.com.br\/wp\/wp-json\/wp\/v2\/users\/1"}],"replies":[{"embeddable":true,"href":"https:\/\/blogfolhadocomercio.com.br\/wp\/wp-json\/wp\/v2\/comments?post=331687"}],"version-history":[{"count":1,"href":"https:\/\/blogfolhadocomercio.com.br\/wp\/wp-json\/wp\/v2\/posts\/331687\/revisions"}],"predecessor-version":[{"id":331689,"href":"https:\/\/blogfolhadocomercio.com.br\/wp\/wp-json\/wp\/v2\/posts\/331687\/revisions\/331689"}],"wp:featuredmedia":[{"embeddable":true,"href":"https:\/\/blogfolhadocomercio.com.br\/wp\/wp-json\/wp\/v2\/media\/331688"}],"wp:attachment":[{"href":"https:\/\/blogfolhadocomercio.com.br\/wp\/wp-json\/wp\/v2\/media?parent=331687"}],"wp:term":[{"taxonomy":"category","embeddable":true,"href":"https:\/\/blogfolhadocomercio.com.br\/wp\/wp-json\/wp\/v2\/categories?post=331687"},{"taxonomy":"post_tag","embeddable":true,"href":"https:\/\/blogfolhadocomercio.com.br\/wp\/wp-json\/wp\/v2\/tags?post=331687"}],"curies":[{"name":"wp","href":"https:\/\/api.w.org\/{rel}","templated":true}]}}