{"id":331373,"date":"2025-01-02T13:45:32","date_gmt":"2025-01-02T16:45:32","guid":{"rendered":"https:\/\/blogfolhadocomercio.com.br\/wp\/?p=331373"},"modified":"2025-01-02T13:45:34","modified_gmt":"2025-01-02T16:45:34","slug":"atletico-go-divulga-lista-de-jogadores-que-vao-para-a-copinha","status":"publish","type":"post","link":"https:\/\/blogfolhadocomercio.com.br\/wp\/2025\/01\/02\/atletico-go-divulga-lista-de-jogadores-que-vao-para-a-copinha\/","title":{"rendered":"Atl\u00e9tico-GO divulga lista de jogadores que v\u00e3o para a Copinha"},"content":{"rendered":"\n<p>Drag\u00e3o estreia no s\u00e1bado (4\/01) e vai levar 20 atletas para sua 16\u00b0 participa\u00e7\u00e3o na competi\u00e7\u00e3o<\/p>\n\n\n\n<figure class=\"wp-block-image size-full\"><img loading=\"lazy\" decoding=\"async\" width=\"828\" height=\"607\" src=\"https:\/\/blogfolhadocomercio.com.br\/wp\/wp-content\/uploads\/2025\/01\/image-37.png\" alt=\"\" class=\"wp-image-331374\" srcset=\"https:\/\/blogfolhadocomercio.com.br\/wp\/wp-content\/uploads\/2025\/01\/image-37.png 828w, https:\/\/blogfolhadocomercio.com.br\/wp\/wp-content\/uploads\/2025\/01\/image-37-300x220.png 300w, https:\/\/blogfolhadocomercio.com.br\/wp\/wp-content\/uploads\/2025\/01\/image-37-768x563.png 768w, https:\/\/blogfolhadocomercio.com.br\/wp\/wp-content\/uploads\/2025\/01\/image-37-585x429.png 585w\" sizes=\"auto, (max-width: 828px) 100vw, 828px\" \/><\/figure>\n\n\n\n<p>O Atl\u00e9tico-GO divulgou a lista de jogadores que v\u00e3o representar o time na Copinha deste ano. O Drag\u00e3o estreia no pr\u00f3ximo s\u00e1bado (4\/12) e ficar\u00e1 na cidade de Itapira. Veja a lista dos 20 atletas escolhidos pelo t\u00e9cnico Lucas Zanella.<\/p>\n\n\n\n<p><strong>Goleiros:<\/strong>&nbsp;Martins e Pedro Henrique<\/p>\n\n\n\n<p><strong>Zagueiros:<\/strong>&nbsp;Ivan, Gustavo Daniel, Macedo e Big<\/p>\n\n\n\n<p><strong>Laterais:<\/strong>&nbsp;Jo\u00e3o Gabriel, Luiz Guilherme, Lira e Jan<\/p>\n\n\n\n<p><strong>Meias:<\/strong>&nbsp;Agnaldo, Pep\u00ea, Lacerda, Maranh\u00e3o e Almeida<\/p>\n\n\n\n<p><strong>Atacantes:<\/strong>&nbsp;Pa\u00e9, Geovane, Pet, Ra\u00ed e Yuri<\/p>\n\n\n\n<p>O Atl\u00e9tico-GO est\u00e1 no Grupo 14 com sede na cidade de Itapira, e ter\u00e1 como advers\u00e1rios na primeira fase a Portuguesa, o Am\u00e9rica-RJ e o Itapirense. Os jogos do Drag\u00e3o est\u00e3o marcados para os dias 4, 7 e 10 de janeiro.<\/p>\n\n\n\n<p>Esta ser\u00e1 a 16\u00b0 participa\u00e7\u00e3o do Atl\u00e9tico na Copinha, a d\u00e9cima de maneira consecutiva. A primeira vez que esteve na competi\u00e7\u00e3o foi em 1994 e desde 2015 o Drag\u00e3o participa de todas as edi\u00e7\u00f5es com exce\u00e7\u00e3o de 2021, em que n\u00e3o houve a Copinha por causa da pandemia de Covid-19.<\/p>\n\n\n\n<p>A Copa S\u00e3o Paulo de Futebol J\u00fanior, chamada carinhosamente de Copinha, \u00e9 o principal campeonato de base do pa\u00eds. Ela tradicionalmente abre o calend\u00e1rio do futebol brasileiro, a competi\u00e7\u00e3o tem a final marcada sempre no mesmo dia: 25 de janeiro, anivers\u00e1rio da cidade de S\u00e3o Paulo, no Est\u00e1dio Municipal do Pacaemb\u00fa, agora batizado de Mercado Livre Arena Pacaembu.<\/p>\n\n\n\n<p>Esta ser\u00e1 a 55\u00b0 edi\u00e7\u00e3o da Copinha, e entre os 128 clubes que est\u00e3o divididos em 32 grupos, quatro times v\u00e3o representar o estado de Goi\u00e1s a partir de 2 de janeiro.<\/p>\n\n\n\n<p><strong>Por Mais Goi\u00e1s<\/strong><\/p>\n","protected":false},"excerpt":{"rendered":"<p>Drag\u00e3o estreia no s\u00e1bado (4\/01) e vai levar 20 atletas para sua 16\u00b0 participa\u00e7\u00e3o na competi\u00e7\u00e3o O Atl\u00e9tico-GO divulgou a lista de jogadores que v\u00e3o representar o time na Copinha&hellip;<\/p>\n","protected":false},"author":1,"featured_media":331374,"comment_status":"closed","ping_status":"open","sticky":false,"template":"","format":"standard","meta":{"footnotes":""},"categories":[36,42],"tags":[],"class_list":["post-331373","post","type-post","status-publish","format-standard","has-post-thumbnail","hentry","category-esporte","category-ultimas"],"_links":{"self":[{"href":"https:\/\/blogfolhadocomercio.com.br\/wp\/wp-json\/wp\/v2\/posts\/331373","targetHints":{"allow":["GET"]}}],"collection":[{"href":"https:\/\/blogfolhadocomercio.com.br\/wp\/wp-json\/wp\/v2\/posts"}],"about":[{"href":"https:\/\/blogfolhadocomercio.com.br\/wp\/wp-json\/wp\/v2\/types\/post"}],"author":[{"embeddable":true,"href":"https:\/\/blogfolhadocomercio.com.br\/wp\/wp-json\/wp\/v2\/users\/1"}],"replies":[{"embeddable":true,"href":"https:\/\/blogfolhadocomercio.com.br\/wp\/wp-json\/wp\/v2\/comments?post=331373"}],"version-history":[{"count":1,"href":"https:\/\/blogfolhadocomercio.com.br\/wp\/wp-json\/wp\/v2\/posts\/331373\/revisions"}],"predecessor-version":[{"id":331375,"href":"https:\/\/blogfolhadocomercio.com.br\/wp\/wp-json\/wp\/v2\/posts\/331373\/revisions\/331375"}],"wp:featuredmedia":[{"embeddable":true,"href":"https:\/\/blogfolhadocomercio.com.br\/wp\/wp-json\/wp\/v2\/media\/331374"}],"wp:attachment":[{"href":"https:\/\/blogfolhadocomercio.com.br\/wp\/wp-json\/wp\/v2\/media?parent=331373"}],"wp:term":[{"taxonomy":"category","embeddable":true,"href":"https:\/\/blogfolhadocomercio.com.br\/wp\/wp-json\/wp\/v2\/categories?post=331373"},{"taxonomy":"post_tag","embeddable":true,"href":"https:\/\/blogfolhadocomercio.com.br\/wp\/wp-json\/wp\/v2\/tags?post=331373"}],"curies":[{"name":"wp","href":"https:\/\/api.w.org\/{rel}","templated":true}]}}