{"id":330824,"date":"2024-12-21T15:49:31","date_gmt":"2024-12-21T18:49:31","guid":{"rendered":"https:\/\/blogfolhadocomercio.com.br\/wp\/?p=330824"},"modified":"2024-12-21T15:50:38","modified_gmt":"2024-12-21T18:50:38","slug":"semad-executa-protocolos-para-minimizar-contaminacao-do-rio-vermelho-com-agrotoxicos","status":"publish","type":"post","link":"https:\/\/blogfolhadocomercio.com.br\/wp\/2024\/12\/21\/semad-executa-protocolos-para-minimizar-contaminacao-do-rio-vermelho-com-agrotoxicos\/","title":{"rendered":"Semad executa protocolos para minimizar contamina\u00e7\u00e3o do rio Vermelho com agrot\u00f3xicos"},"content":{"rendered":"\n<p>Vazamento de agrot\u00f3xicos ocorreu no dia 17 de dezembro de 2024 na GO-164. Carga era roubada e, portanto, n\u00e3o tinha licen\u00e7a ambiental para ser transportada<\/p>\n\n\n\n<figure class=\"wp-block-image size-full\"><img loading=\"lazy\" decoding=\"async\" width=\"960\" height=\"640\" src=\"https:\/\/blogfolhadocomercio.com.br\/wp\/wp-content\/uploads\/2024\/12\/image-570.png\" alt=\"\" class=\"wp-image-330825\" srcset=\"https:\/\/blogfolhadocomercio.com.br\/wp\/wp-content\/uploads\/2024\/12\/image-570.png 960w, https:\/\/blogfolhadocomercio.com.br\/wp\/wp-content\/uploads\/2024\/12\/image-570-300x200.png 300w, https:\/\/blogfolhadocomercio.com.br\/wp\/wp-content\/uploads\/2024\/12\/image-570-768x512.png 768w, https:\/\/blogfolhadocomercio.com.br\/wp\/wp-content\/uploads\/2024\/12\/image-570-585x390.png 585w, https:\/\/blogfolhadocomercio.com.br\/wp\/wp-content\/uploads\/2024\/12\/image-570-263x175.png 263w\" sizes=\"auto, (max-width: 960px) 100vw, 960px\" \/><\/figure>\n\n\n\n<p>Quatro dias depois do acidente automobil\u00edstico que resultou no vazamento de agrot\u00f3xicos no km 493&nbsp;da GO-164, na Cidade de Goi\u00e1s, a&nbsp;<a href=\"https:\/\/goias.gov.br\/meioambiente\/\">Secretaria de Estado de Meio Ambiente e Desenvolvimento Sustent\u00e1vel (Semad)<\/a>&nbsp;continua a executar protocolos para frear a contamina\u00e7\u00e3o do rio Vermelho e mitigar danos ambientais causados pela ocorr\u00eancia.<\/p>\n\n\n\n<p>O acidente ocorreu por volta das 7h30 do dia 17 de dezembro e envolveu um caminh\u00e3o e um ve\u00edculo de passeio. As duas pessoas que estavam no carro faleceram e os dois ocupantes do caminh\u00e3o est\u00e3o hospitalizados. J\u00e1 se sabe que a carga era roubada. Por consequ\u00eancia, n\u00e3o havia licen\u00e7a ambiental, com as devidas condicionantes, para o transporte do produto (como determina a lei).<\/p>\n\n\n\n<p>A partir de embalagens encontradas no local do acidente, sabe-se que vazaram volumes de Fipronil, Blavity, Fox xpro, Sphere Max e Orkestra SC. Na manh\u00e3 deste s\u00e1bado (21), constatou-se a morte de peixes no rio Vermelho. Choveu 35 mm na regi\u00e3o, e \u00e9 prov\u00e1vel que a precipita\u00e7\u00e3o tenha carreado defensivos para o leito e causado esse fato.<\/p>\n\n\n\n<p>H\u00e1 equipes do Centro de An\u00e1lises Ambientais e Laboratoriais (Ceamb) da Semad e a Saneago trabalhando no monitoramento de par\u00e2metros de qualidade da \u00e1gua, e, por se tratar de um procedimento complexo, o resultado ainda n\u00e3o est\u00e1 pronto. Os respons\u00e1veis pela remo\u00e7\u00e3o j\u00e1 retiraram 95% dos res\u00edduos s\u00f3lidos, constru\u00edram barreiras no corpo h\u00eddrico e v\u00e3o remover parte do solo contaminado. Por precau\u00e7\u00e3o, a Semad refor\u00e7a a recomenda\u00e7\u00e3o para os moradores n\u00e3o banhem ou utilizem \u00e1gua do rio Vermelho.<\/p>\n\n\n\n<h2 class=\"wp-block-heading\" id=\"h-protocolos-do-acidente-com-agrotoxico\">Protocolos do acidente com agrot\u00f3xico<\/h2>\n\n\n\n<p>A Semad foi comunicada a respeito do acidente duas horas depois de ele ocorrer, por volta das 9h30. Acionou ent\u00e3o o protocolo de emerg\u00eancias ambientais, que prev\u00ea a comunica\u00e7\u00e3o imediata da Saneago, Defesa Civil e do Batalh\u00e3o Especializado em Opera\u00e7\u00f5es com Produtos Perigosos do Corpo de Bombeiros. Enviou tamb\u00e9m para o local uma equipe da ger\u00eancia que cuida de emerg\u00eancias ambientais e outra do seu pr\u00f3prio Centro de An\u00e1lises Ambientais e Laboratoriais (Ceamb).<\/p>\n\n\n\n<p>Enquanto bombeiros trabalhavam na conten\u00e7\u00e3o e recolhimento de embalagens e frascos de defensivos, que foram acomodados em sacos \u201cbig bag\u201d, e na remo\u00e7\u00e3o das ferragens para retirar o corpo de uma das v\u00edtimas fatais, a Semad usou a placa para chegar no respons\u00e1vel pelo caminh\u00e3o, a quem cabe a obriga\u00e7\u00e3o legal de contratar uma empresa para atender a emerg\u00eancia ambiental.<\/p>\n\n\n\n<p>Valendo-se do que diz a lei federal 6938, que atribui responsabilidade indireta aos fabricantes dos produtos vazados, a Semad acionou a BASF e a Bayer. Ambas contrataram a Ambipar, que desde ent\u00e3o trabalha no local.<\/p>\n\n\n\n<p>A Semad continua a monitorar a regi\u00e3o da GO-164 e a trabalhar no monitoramento da qualidade da \u00e1gua do rio Vermelho, mas refor\u00e7a a orienta\u00e7\u00e3o para que, por precau\u00e7\u00e3o, n\u00e3o utilizem \u00e1gua do rio para consumo, nem para banho. As san\u00e7\u00f5es administrativas cab\u00edveis ao caso ser\u00e3o aplicadas pela secretaria. A Semad se solidariza com as fam\u00edlias e amigos das v\u00edtimas nesse momento de dor.<\/p>\n\n\n\n<p><a href=\"https:\/\/www.instagram.com\/semadgoias.reserva\/?utm_source=ig_embed&amp;ig_rid=00e8f988-4a9d-458d-9d12-01b9470ae749\">VER NO INSTAGRAM<\/a><\/p>\n\n\n\n<p><strong>Por Mais Goi\u00e1s<\/strong><\/p>\n","protected":false},"excerpt":{"rendered":"<p>Vazamento de agrot\u00f3xicos ocorreu no dia 17 de dezembro de 2024 na GO-164. Carga era roubada e, portanto, n\u00e3o tinha licen\u00e7a ambiental para ser transportada Quatro dias depois do acidente&hellip;<\/p>\n","protected":false},"author":1,"featured_media":330826,"comment_status":"closed","ping_status":"open","sticky":false,"template":"","format":"standard","meta":{"footnotes":""},"categories":[1,42],"tags":[],"class_list":["post-330824","post","type-post","status-publish","format-standard","has-post-thumbnail","hentry","category-cidades","category-ultimas"],"_links":{"self":[{"href":"https:\/\/blogfolhadocomercio.com.br\/wp\/wp-json\/wp\/v2\/posts\/330824","targetHints":{"allow":["GET"]}}],"collection":[{"href":"https:\/\/blogfolhadocomercio.com.br\/wp\/wp-json\/wp\/v2\/posts"}],"about":[{"href":"https:\/\/blogfolhadocomercio.com.br\/wp\/wp-json\/wp\/v2\/types\/post"}],"author":[{"embeddable":true,"href":"https:\/\/blogfolhadocomercio.com.br\/wp\/wp-json\/wp\/v2\/users\/1"}],"replies":[{"embeddable":true,"href":"https:\/\/blogfolhadocomercio.com.br\/wp\/wp-json\/wp\/v2\/comments?post=330824"}],"version-history":[{"count":2,"href":"https:\/\/blogfolhadocomercio.com.br\/wp\/wp-json\/wp\/v2\/posts\/330824\/revisions"}],"predecessor-version":[{"id":330828,"href":"https:\/\/blogfolhadocomercio.com.br\/wp\/wp-json\/wp\/v2\/posts\/330824\/revisions\/330828"}],"wp:featuredmedia":[{"embeddable":true,"href":"https:\/\/blogfolhadocomercio.com.br\/wp\/wp-json\/wp\/v2\/media\/330826"}],"wp:attachment":[{"href":"https:\/\/blogfolhadocomercio.com.br\/wp\/wp-json\/wp\/v2\/media?parent=330824"}],"wp:term":[{"taxonomy":"category","embeddable":true,"href":"https:\/\/blogfolhadocomercio.com.br\/wp\/wp-json\/wp\/v2\/categories?post=330824"},{"taxonomy":"post_tag","embeddable":true,"href":"https:\/\/blogfolhadocomercio.com.br\/wp\/wp-json\/wp\/v2\/tags?post=330824"}],"curies":[{"name":"wp","href":"https:\/\/api.w.org\/{rel}","templated":true}]}}