{"id":330787,"date":"2024-12-21T10:08:07","date_gmt":"2024-12-21T13:08:07","guid":{"rendered":"https:\/\/blogfolhadocomercio.com.br\/wp\/?p=330787"},"modified":"2024-12-21T10:08:09","modified_gmt":"2024-12-21T13:08:09","slug":"maes-de-goias-valor-sera-reajustado-para-r-300","status":"publish","type":"post","link":"https:\/\/blogfolhadocomercio.com.br\/wp\/2024\/12\/21\/maes-de-goias-valor-sera-reajustado-para-r-300\/","title":{"rendered":"M\u00e3es de Goi\u00e1s: valor ser\u00e1 reajustado para R$ 300"},"content":{"rendered":"\n<p>O governador Ronaldo Caiado autorizou, nesta sexta-feira (20\/12), o reajuste de 20% no valor do programa M\u00e3es de Goi\u00e1s, que passa de R$ 250 para R$ 300 mensais, a partir de janeiro de 2025.<\/p>\n\n\n\n<p>O Governo de Goi\u00e1s, por meio do Goi\u00e1s Social, repassa o benef\u00edcio para garantir a seguran\u00e7a alimentar, oferecendo melhor qualidade de vida para as fam\u00edlias com filhos de 0 a 6 anos de idade, que est\u00e3o em situa\u00e7\u00e3o de extrema pobreza. A m\u00e9dia do valor investido mensalmente pelo estado \u00e9 de R$ 20 milh\u00f5es.<\/p>\n\n\n\n<blockquote class=\"wp-block-quote is-layout-flow wp-block-quote-is-layout-flow\">\n<p>\u201cEste \u00e9 um esfor\u00e7o do nosso governo para atender as mais de 90 mil m\u00e3es em situa\u00e7\u00e3o de vulnerabilidade que recebem o benef\u00edcio em todo o estado. Hoje, Goi\u00e1s \u00e9 o estado que mais reduziu a pobreza e a extrema pobreza no pa\u00eds. E n\u00e3o vamos parar por aqui. O trabalho continua. Vamos a cada dia mais devolver Goi\u00e1s aos goianos\u201d, afirma Caiado.<\/p>\n<\/blockquote>\n\n\n\n<p>A coordenadora do Goi\u00e1s Social, primeira-dama Gracinha Caiado, explica que o programa tem como foco a prote\u00e7\u00e3o \u00e0 primeira inf\u00e2ncia.<\/p>\n\n\n\n<blockquote class=\"wp-block-quote is-layout-flow wp-block-quote-is-layout-flow\">\n<p>\u201cCom o M\u00e3es de Goi\u00e1s, conseguimos levar prote\u00e7\u00e3o social para crian\u00e7as entre 0 a 6 anos de idade, ou seja, aquelas que est\u00e3o na primeira inf\u00e2ncia, garantindo seguran\u00e7a alimentar a elas durante esse per\u00edodo crucial para seu pleno desenvolvimento.\u201d<\/p>\n<\/blockquote>\n\n\n\n<p>O programa, criado em 2021, j\u00e1 beneficiou mais de 185 mil m\u00e3es do estado, bem como outros programas do Goi\u00e1s Social, como Aluguel Social e Bolsa Estudo. A iniciativa surgiu a partir da necessidade de garantir a alimenta\u00e7\u00e3o adequada da primeira inf\u00e2ncia, quando as crian\u00e7as ainda n\u00e3o frequentam a escola.<\/p>\n\n\n\n<h2 class=\"wp-block-heading\">M\u00e3es de Goi\u00e1s<\/h2>\n\n\n\n<p>O M\u00e3es de Goi\u00e1s \u00e9 um dos mais bem-sucedidos do Brasil, por ter como objetivo a garantia da seguran\u00e7a alimentar de crian\u00e7as de 0 a 6 anos de idade, considerada a fase decisiva no desenvolvimento neurocognitivo.<\/p>\n\n\n\n<p>Al\u00e9m disso, o programa tem a responsabilidade, por meio do Cadastro \u00danico (Cad\u00danico), de garantir a vacina\u00e7\u00e3o das crian\u00e7as e ainda cuidar da frequ\u00eancia no col\u00e9gio daquelas que est\u00e3o em idade escolar.<\/p>\n\n\n\n<p>O programa \u00e9 destinado a fam\u00edlias goianas que cumpram todos os crit\u00e9rios do programa e estejam em situa\u00e7\u00e3o de extrema pobreza com renda por pessoa de at\u00e9 R$ 109, que morem em Goi\u00e1s, estejam com Cad\u00danico atualizado e que tenham crian\u00e7as de 0 a 6 anos de idade.<\/p>\n\n\n\n<p>A finalidade do programa \u00e9 fortalecer o papel protetivo da m\u00e3e, com a supera\u00e7\u00e3o de riscos sociais, garantir a seguran\u00e7a alimentar e fomentar a seguran\u00e7a de renda e melhor qualidade de vida, al\u00e9m de assegurar a perman\u00eancia dos filhos na escola e a cobertura vacinal infantil.<\/p>\n\n\n\n<p><strong>Por Governo Goi\u00e1s<\/strong><\/p>\n","protected":false},"excerpt":{"rendered":"<p>O governador Ronaldo Caiado autorizou, nesta sexta-feira (20\/12), o reajuste de 20% no valor do programa M\u00e3es de Goi\u00e1s, que passa de R$ 250 para R$ 300 mensais, a partir&hellip;<\/p>\n","protected":false},"author":1,"featured_media":330788,"comment_status":"closed","ping_status":"open","sticky":false,"template":"","format":"standard","meta":{"footnotes":""},"categories":[1,58,42],"tags":[],"class_list":["post-330787","post","type-post","status-publish","format-standard","has-post-thumbnail","hentry","category-cidades","category-social","category-ultimas"],"_links":{"self":[{"href":"https:\/\/blogfolhadocomercio.com.br\/wp\/wp-json\/wp\/v2\/posts\/330787","targetHints":{"allow":["GET"]}}],"collection":[{"href":"https:\/\/blogfolhadocomercio.com.br\/wp\/wp-json\/wp\/v2\/posts"}],"about":[{"href":"https:\/\/blogfolhadocomercio.com.br\/wp\/wp-json\/wp\/v2\/types\/post"}],"author":[{"embeddable":true,"href":"https:\/\/blogfolhadocomercio.com.br\/wp\/wp-json\/wp\/v2\/users\/1"}],"replies":[{"embeddable":true,"href":"https:\/\/blogfolhadocomercio.com.br\/wp\/wp-json\/wp\/v2\/comments?post=330787"}],"version-history":[{"count":1,"href":"https:\/\/blogfolhadocomercio.com.br\/wp\/wp-json\/wp\/v2\/posts\/330787\/revisions"}],"predecessor-version":[{"id":330789,"href":"https:\/\/blogfolhadocomercio.com.br\/wp\/wp-json\/wp\/v2\/posts\/330787\/revisions\/330789"}],"wp:featuredmedia":[{"embeddable":true,"href":"https:\/\/blogfolhadocomercio.com.br\/wp\/wp-json\/wp\/v2\/media\/330788"}],"wp:attachment":[{"href":"https:\/\/blogfolhadocomercio.com.br\/wp\/wp-json\/wp\/v2\/media?parent=330787"}],"wp:term":[{"taxonomy":"category","embeddable":true,"href":"https:\/\/blogfolhadocomercio.com.br\/wp\/wp-json\/wp\/v2\/categories?post=330787"},{"taxonomy":"post_tag","embeddable":true,"href":"https:\/\/blogfolhadocomercio.com.br\/wp\/wp-json\/wp\/v2\/tags?post=330787"}],"curies":[{"name":"wp","href":"https:\/\/api.w.org\/{rel}","templated":true}]}}