{"id":330550,"date":"2024-12-19T10:39:17","date_gmt":"2024-12-19T13:39:17","guid":{"rendered":"https:\/\/blogfolhadocomercio.com.br\/wp\/?p=330550"},"modified":"2024-12-19T10:39:19","modified_gmt":"2024-12-19T13:39:19","slug":"qual-deve-ser-o-valor-do-salario-minimo-em-2025","status":"publish","type":"post","link":"https:\/\/blogfolhadocomercio.com.br\/wp\/2024\/12\/19\/qual-deve-ser-o-valor-do-salario-minimo-em-2025\/","title":{"rendered":"Qual deve ser o valor do sal\u00e1rio m\u00ednimo em 2025?"},"content":{"rendered":"\n<p><strong>Congresso aprovou, nesta semana, o projeto de Lei de Diretrizes Or\u00e7ament\u00e1rias para 2025<\/strong><\/p>\n\n\n\n<p>O&nbsp;<a href=\"https:\/\/www.estadao.com.br\/tudo-sobre\/congresso-nacional\" target=\"_blank\" rel=\"noreferrer noopener\"><strong>Congresso Nacional<\/strong><\/a>&nbsp;aprovou, na quarta-feira, 18, o projeto de&nbsp;<a href=\"https:\/\/www.estadao.com.br\/tudo-sobre\/ldo-lei-de-diretrizes-orcamentarias\/?srsltid=AfmBOopi0O6yLIJbLDjORWaJttOLhHYZgGN1Nj3ula1Gf_ogxmfzgaxL\" target=\"_blank\" rel=\"noreferrer noopener\"><strong>Lei de Diretrizes Or\u00e7ament\u00e1rias (LDO)<\/strong><\/a>&nbsp;para 2025, estabelecendo o valor do&nbsp;<a href=\"https:\/\/www.estadao.com.br\/tudo-sobre\/salario-minimo\" target=\"_blank\" rel=\"noreferrer noopener\"><strong>sal\u00e1rio m\u00ednimo<\/strong><\/a>&nbsp;em&nbsp;<strong>R$ 1.502<\/strong>. A medida segue agora para a san\u00e7\u00e3o do presidente&nbsp;<a href=\"https:\/\/www.estadao.com.br\/tudo-sobre\/lula-luiz-inacio-lula-da-silva\" target=\"_blank\" rel=\"noreferrer noopener\"><strong>Luiz In\u00e1cio Lula da Silva<\/strong><\/a>. A diferen\u00e7a do novo valor em rela\u00e7\u00e3o ao praticado neste ano de 2025, de R$ 90, representa um aumento de 6,37% em rela\u00e7\u00e3o aos atuais R$ 1.412.<\/p>\n\n\n\n<p>O reajuste do sal\u00e1rio m\u00ednimo \u00e9 calculado com base na reposi\u00e7\u00e3o da infla\u00e7\u00e3o, medida pelo&nbsp;<a href=\"https:\/\/www.estadao.com.br\/tudo-sobre\/inpc-indice-nacional-de-precos-ao-consumidor\" target=\"_blank\" rel=\"noreferrer noopener\"><strong>\u00cdndice Nacional de Pre\u00e7os ao Consumidor (INPC)<\/strong><\/a>, e no c<a href=\"https:\/\/www.estadao.com.br\/tudo-sobre\/pib-produto-interno-bruto\" target=\"_blank\" rel=\"noreferrer noopener\"><strong>rescimento real do Produto Interno Bruto (PIB)<\/strong><\/a>. Para o ano de 2025, foi aplicada uma reposi\u00e7\u00e3o da infla\u00e7\u00e3o de 3,35%, mais um crescimento real de 2,9%, referente \u00e0 varia\u00e7\u00e3o do PIB de 2023.<\/p>\n\n\n\n<figure class=\"wp-block-image\"><img decoding=\"async\" src=\"https:\/\/www.estadao.com.br\/resizer\/v2\/NOAP6P73LVP2RG3A4BC6RTVSMQ.jpg?quality=80&amp;auth=5c4f17238824b5d648a455ae02e1a399638e65c531be03725827b3b38a6550de&amp;width=380\" alt=\"Aumento do sal\u00e1rio m\u00ednimo previsto para 2025 \u00e9 de 6,37%, chegando a R$ 1.502\"\/><figcaption class=\"wp-element-caption\">Aumento do sal\u00e1rio m\u00ednimo previsto para 2025 \u00e9 de 6,37%, chegando a R$ 1.502&nbsp;<em>Foto:&nbsp;Marcos Santos\/USP Imagens<\/em><\/figcaption><\/figure>\n\n\n\n<p>Saiba mais sobre a LDO<\/p>\n\n\n\n<p>A LDO&nbsp;<a href=\"https:\/\/www.estadao.com.br\/politica\/congresso-rejeita-corte-em-emendas-aumenta-reajuste-do-fundo-partidario-e-contraria-pacote-fiscal\/\" target=\"_blank\" rel=\"noreferrer noopener\"><strong>foi aprovada em vota\u00e7\u00e3o simb\u00f3lica<\/strong><\/a>&nbsp;ap\u00f3s receber um relat\u00f3rio favor\u00e1vel do senador<a href=\"https:\/\/www.estadao.com.br\/tudo-sobre\/confucio-moura\" target=\"_blank\" rel=\"noreferrer noopener\"><strong>&nbsp;Conf\u00facio Moura (MDB-RO)<\/strong><\/a>&nbsp;na Comiss\u00e3o Mista de Or\u00e7amento (CMO). O projeto tamb\u00e9m prev\u00ea um d\u00e9ficit de at\u00e9 R$ 31 bilh\u00f5es nas contas p\u00fablicas para o pr\u00f3ximo ano.<\/p>\n\n\n\n<p>A LDO estabelece as receitas e despesas e determina o n\u00edvel de equil\u00edbrio fiscal. Entre outras coisas, determina quanto cada um dos poderes (Executivo, Legislativo e Judici\u00e1rio) autoriza o aumento de despesas com pessoal, como ser\u00e1 feito o repasse de verbas das Uni\u00e3o para estados e munic\u00edpios e ainda indica prioridades de financiamento pelos bancos p\u00fablicos.<\/p>\n\n\n\n<p><strong>Por Estad\u00e3o<\/strong><\/p>\n\n\n\n<p><strong><br><\/strong><\/p>\n","protected":false},"excerpt":{"rendered":"<p>Congresso aprovou, nesta semana, o projeto de Lei de Diretrizes Or\u00e7ament\u00e1rias para 2025 O&nbsp;Congresso Nacional&nbsp;aprovou, na quarta-feira, 18, o projeto de&nbsp;Lei de Diretrizes Or\u00e7ament\u00e1rias (LDO)&nbsp;para 2025, estabelecendo o valor do&nbsp;sal\u00e1rio&hellip;<\/p>\n","protected":false},"author":1,"featured_media":330551,"comment_status":"closed","ping_status":"open","sticky":false,"template":"","format":"standard","meta":{"footnotes":""},"categories":[43,42],"tags":[],"class_list":["post-330550","post","type-post","status-publish","format-standard","has-post-thumbnail","hentry","category-economia","category-ultimas"],"_links":{"self":[{"href":"https:\/\/blogfolhadocomercio.com.br\/wp\/wp-json\/wp\/v2\/posts\/330550","targetHints":{"allow":["GET"]}}],"collection":[{"href":"https:\/\/blogfolhadocomercio.com.br\/wp\/wp-json\/wp\/v2\/posts"}],"about":[{"href":"https:\/\/blogfolhadocomercio.com.br\/wp\/wp-json\/wp\/v2\/types\/post"}],"author":[{"embeddable":true,"href":"https:\/\/blogfolhadocomercio.com.br\/wp\/wp-json\/wp\/v2\/users\/1"}],"replies":[{"embeddable":true,"href":"https:\/\/blogfolhadocomercio.com.br\/wp\/wp-json\/wp\/v2\/comments?post=330550"}],"version-history":[{"count":1,"href":"https:\/\/blogfolhadocomercio.com.br\/wp\/wp-json\/wp\/v2\/posts\/330550\/revisions"}],"predecessor-version":[{"id":330552,"href":"https:\/\/blogfolhadocomercio.com.br\/wp\/wp-json\/wp\/v2\/posts\/330550\/revisions\/330552"}],"wp:featuredmedia":[{"embeddable":true,"href":"https:\/\/blogfolhadocomercio.com.br\/wp\/wp-json\/wp\/v2\/media\/330551"}],"wp:attachment":[{"href":"https:\/\/blogfolhadocomercio.com.br\/wp\/wp-json\/wp\/v2\/media?parent=330550"}],"wp:term":[{"taxonomy":"category","embeddable":true,"href":"https:\/\/blogfolhadocomercio.com.br\/wp\/wp-json\/wp\/v2\/categories?post=330550"},{"taxonomy":"post_tag","embeddable":true,"href":"https:\/\/blogfolhadocomercio.com.br\/wp\/wp-json\/wp\/v2\/tags?post=330550"}],"curies":[{"name":"wp","href":"https:\/\/api.w.org\/{rel}","templated":true}]}}