{"id":330544,"date":"2024-12-19T10:29:39","date_gmt":"2024-12-19T13:29:39","guid":{"rendered":"https:\/\/blogfolhadocomercio.com.br\/wp\/?p=330544"},"modified":"2024-12-19T10:29:42","modified_gmt":"2024-12-19T13:29:42","slug":"carlinhos-brown-sai-em-defesa-de-claudia-leitte-por-mudanca-de-termos-religiosos-em-letra-de-musica","status":"publish","type":"post","link":"https:\/\/blogfolhadocomercio.com.br\/wp\/2024\/12\/19\/carlinhos-brown-sai-em-defesa-de-claudia-leitte-por-mudanca-de-termos-religiosos-em-letra-de-musica\/","title":{"rendered":"Carlinhos Brown sai em defesa de Claudia Leitte por mudan\u00e7a de termos religiosos em letra de m\u00fasica"},"content":{"rendered":"\n<p><strong>Em um show, a cantora trocou Iemanj\u00e1 por Yeshua em uma m\u00fasica e foi criticada por muitos; Brown buscou entender a postura da colega<\/strong><\/p>\n\n\n\n<p>A cantora&nbsp;<a href=\"https:\/\/www.estadao.com.br\/tudo-sobre\/claudia-leitte\/\">Claudia Leitte<\/a>&nbsp;se envolveu, mais uma vez, em uma pol\u00eamica por trocar nomes de orix\u00e1s das religi\u00f5es de matrizes africanas por nomes que remetem ao cristianismo. Depois de ser amplamente criticada,&nbsp;<a href=\"https:\/\/www.estadao.com.br\/tudo-sobre\/carlinhos-brown\/\">Carlinhos Brown<\/a>&nbsp;saiu em sua defesa.<\/p>\n\n\n\n<figure class=\"wp-block-image\"><img decoding=\"async\" src=\"https:\/\/www.estadao.com.br\/resizer\/v2\/KELFUEEYMFGBDB6ZDFZMILIOUE.png?quality=80&amp;auth=2d7a88074d7548c46f14a17a14d10b2ce23c032b44ab3c53b55adf0739e445ae&amp;width=380\" alt=\"Carlinhos Brown sai em defesa de Claudia Leitte\"\/><figcaption class=\"wp-element-caption\">Carlinhos Brown sai em defesa de Claudia Leitte&nbsp;<em>Foto:&nbsp;@carlinhosbrows via Instagram\/ @candyallguethosquare via Instagram<\/em><\/figcaption><\/figure>\n\n\n\n<p>O caso aconteceu em um show no \u00faltimo dia 14, no Candyall Guetho Square, em Salvador, reaberto por Carlinhos Brown recentemente para celebrar os 40 anos da Ax\u00e9 Music.<\/p>\n\n\n\n<p>Na apresenta\u00e7\u00e3o, Claudia Leitte cantou a m\u00fasica&nbsp;<em>Caranguejo<\/em>&nbsp;e trocou a palavra Iemanj\u00e1 por Yeshua, que nas religi\u00f5es crist\u00e3s \u00e9 considerado o nome original de Jesus. A cantora que \u00e9 evang\u00e9lica desde 2014 cantou \u201cEu canto meu Rei Yeshua\u201d no lugar de \u201cSaudando a rainha Iemanj\u00e1\u201d.<\/p>\n\n\n\n<p>Leitte foi muito criticada nas redes sociais. A voz de Carlinhos Brown surge dissonante neste sentido. Em entrevista ao portal iBahia, o m\u00fasico disse que podia garantir que Claudia Leitte n\u00e3o \u00e9 uma pessoa racista.<\/p>\n\n\n\n<p>A defesa de Brown veio depois que Pedro Tourinho, secret\u00e1rio de Cultura e Turismo de Salvador, criticou artistas que ganham dinheiro com o ax\u00e9 e querem \u201creescrever\u201d a hist\u00f3ria \u00e0 sua maneira.<\/p>\n\n\n\n<p>\u201cQuando um artista se diz parte desse movimento, sa\u00fada o povo negro e sua cultura, reverencia sua percuss\u00e3o e musicalidade, faz sucesso e ganha muito dinheiro com isso, mas, de repente escolhe reescrever a hist\u00f3ria e retirar o nome dos Orix\u00e1s das m\u00fasicas, n\u00e3o se engane: o nome disso \u00e9 racismo, e \u00e9 surreal e expl\u00edcito o refor\u00e7o do que houve de errado naquele tempo\u201d, disse o pol\u00edtico.<\/p>\n\n\n\n<p>\u201cA gente precisa buscar esse tom. N\u00e3o vi que o secret\u00e1rio falou isso [que Claudia \u00e9 racista], mas sobre mudar letras, e para o povo de santo, que tem tamb\u00e9m tamanha clareza, sabe que Yeshua \u00e9 Oxal\u00e1\u201d, disse.<\/p>\n\n\n\n<p>Na entrevista, Carlinhos defendeu ainda que n\u00e3o \u00e9 necess\u00e1rio polemizar o assunto. \u201cEssa ideia de que Jesus n\u00e3o est\u00e1 pr\u00f3ximo a n\u00f3s. \u00c9 claro que est\u00e1, n\u00f3s seguimos os caminhos de Jesus Cristo. Voc\u00ea n\u00e3o entra em um terreiro que n\u00e3o tenha uma imagem do Sagrado Cora\u00e7\u00e3o de Jesus. Ent\u00e3o, n\u00e3o vamos nos envolver com aqueles que querem destruir isso e imaginar que a nossa dor \u00e9 a nossa dor. A gente \u00e9 vit\u00f3ria. A nossa dor foi dissipada h\u00e1 muito tempo\u201d.<\/p>\n\n\n\n<p><strong>Por Estad\u00e3o<\/strong><\/p>\n\n\n\n<p><strong><br><\/strong><\/p>\n","protected":false},"excerpt":{"rendered":"<p>Em um show, a cantora trocou Iemanj\u00e1 por Yeshua em uma m\u00fasica e foi criticada por muitos; Brown buscou entender a postura da colega A cantora&nbsp;Claudia Leitte&nbsp;se envolveu, mais uma&hellip;<\/p>\n","protected":false},"author":1,"featured_media":330545,"comment_status":"closed","ping_status":"open","sticky":false,"template":"","format":"standard","meta":{"footnotes":""},"categories":[50,63,42],"tags":[],"class_list":["post-330544","post","type-post","status-publish","format-standard","has-post-thumbnail","hentry","category-famosos","category-religiao","category-ultimas"],"_links":{"self":[{"href":"https:\/\/blogfolhadocomercio.com.br\/wp\/wp-json\/wp\/v2\/posts\/330544","targetHints":{"allow":["GET"]}}],"collection":[{"href":"https:\/\/blogfolhadocomercio.com.br\/wp\/wp-json\/wp\/v2\/posts"}],"about":[{"href":"https:\/\/blogfolhadocomercio.com.br\/wp\/wp-json\/wp\/v2\/types\/post"}],"author":[{"embeddable":true,"href":"https:\/\/blogfolhadocomercio.com.br\/wp\/wp-json\/wp\/v2\/users\/1"}],"replies":[{"embeddable":true,"href":"https:\/\/blogfolhadocomercio.com.br\/wp\/wp-json\/wp\/v2\/comments?post=330544"}],"version-history":[{"count":1,"href":"https:\/\/blogfolhadocomercio.com.br\/wp\/wp-json\/wp\/v2\/posts\/330544\/revisions"}],"predecessor-version":[{"id":330546,"href":"https:\/\/blogfolhadocomercio.com.br\/wp\/wp-json\/wp\/v2\/posts\/330544\/revisions\/330546"}],"wp:featuredmedia":[{"embeddable":true,"href":"https:\/\/blogfolhadocomercio.com.br\/wp\/wp-json\/wp\/v2\/media\/330545"}],"wp:attachment":[{"href":"https:\/\/blogfolhadocomercio.com.br\/wp\/wp-json\/wp\/v2\/media?parent=330544"}],"wp:term":[{"taxonomy":"category","embeddable":true,"href":"https:\/\/blogfolhadocomercio.com.br\/wp\/wp-json\/wp\/v2\/categories?post=330544"},{"taxonomy":"post_tag","embeddable":true,"href":"https:\/\/blogfolhadocomercio.com.br\/wp\/wp-json\/wp\/v2\/tags?post=330544"}],"curies":[{"name":"wp","href":"https:\/\/api.w.org\/{rel}","templated":true}]}}