{"id":330541,"date":"2024-12-19T10:15:37","date_gmt":"2024-12-19T13:15:37","guid":{"rendered":"https:\/\/blogfolhadocomercio.com.br\/wp\/?p=330541"},"modified":"2024-12-19T10:15:39","modified_gmt":"2024-12-19T13:15:39","slug":"opiniao-por-que-o-caos-politico-na-alemanha-e-uma-ameaca-em-um-mundo-conturbado","status":"publish","type":"post","link":"https:\/\/blogfolhadocomercio.com.br\/wp\/2024\/12\/19\/opiniao-por-que-o-caos-politico-na-alemanha-e-uma-ameaca-em-um-mundo-conturbado\/","title":{"rendered":"Opini\u00e3o\u00a0|\u00a0Por que o caos pol\u00edtico na Alemanha \u00e9 uma amea\u00e7a em um mundo conturbado"},"content":{"rendered":"\n<p><strong>A queda do governo de Berlim \u00e9 consequ\u00eancia da economia inst\u00e1vel da Alemanha; mas o mundo inteiro est\u00e1 inst\u00e1vel<\/strong><\/p>\n\n\n\n<p><a href=\"https:\/\/www.estadao.com.br\/internacional\/como-a-siria-trocou-um-ditador-vil-por-um-futuro-incerto\/\" target=\"_blank\" rel=\"noreferrer noopener\"><strong>Guerras, dist\u00farbios e uma mudan\u00e7a de regime sacodem o Oriente M\u00e9dio<\/strong><\/a>.\u00a0<a href=\"https:\/\/www.estadao.com.br\/tudo-sobre\/russia\/\" target=\"_blank\" rel=\"noreferrer noopener\"><strong>R\u00fassia\u00a0<\/strong><\/a>e\u00a0<a href=\"https:\/\/www.estadao.com.br\/tudo-sobre\/ira-asia\/\" target=\"_blank\" rel=\"noreferrer noopener\"><strong>Ir\u00e3<\/strong><\/a>, dois dos\u00a0<a href=\"https:\/\/www.estadao.com.br\/internacional\/lourival-santanna\/fim-do-regime-assad-na-siria-muda-tabuleiro-e-consolida-nova-ordem-no-oriente-medio\/\" target=\"_blank\" rel=\"noreferrer noopener\"><strong>maiores desordeiros do mundo<\/strong><\/a>, sofrem reveses humilhantes. A\u00a0<a href=\"https:\/\/tudo-sobre.estadao.com.br\/china-asia\" target=\"_blank\" rel=\"noreferrer noopener\"><strong>China<\/strong><\/a>, apesar de sua economia problem\u00e1tica, pressiona com suas ambi\u00e7\u00f5es de expans\u00e3o em grande parte do mundo em desenvolvimento. E agora o governo alem\u00e3o caiu.<\/p>\n\n\n\n<p>Trata-se do tipo de<a href=\"https:\/\/www.estadao.com.br\/internacional\/o-que-esta-acontecendo-com-o-nosso-mundo-leia-artigo-de-thomas-friedman\/\" target=\"_blank\" rel=\"noreferrer noopener\"><strong>&nbsp;conflu\u00eancia de eventos mundiais que os historiadores analisar\u00e3o no futuro&nbsp;<\/strong><\/a>perguntando-se por que as pessoas daquela \u00e9poca n\u00e3o conseguiam reconhecer um ponto de inflex\u00e3o elementar.<\/p>\n\n\n\n<p>Tudo isso ocorre ao mesmo tempo que a&nbsp;<a href=\"https:\/\/tudo-sobre.estadao.com.br\/donald-trump\" target=\"_blank\" rel=\"noreferrer noopener\"><strong>\u00e2ncora ocidental dos Estados Unidos parece incapaz \u2014 ou sem interesse<\/strong><\/a>&nbsp;\u2014 de manter o navio est\u00e1vel.<\/p>\n\n\n\n<p>A queda da coaliz\u00e3o de governo liderada pelo social-democrata\u00a0<a href=\"https:\/\/tudo-sobre.estadao.com.br\/olaf-scholz\" target=\"_blank\" rel=\"noreferrer noopener\"><strong>Olaf Scholz<\/strong><\/a><strong>\u00a0<\/strong>em Berlim, na segunda-feira, diz respeito, de certa forma, estritamente \u00e0\u00a0<a href=\"https:\/\/tudo-sobre.estadao.com.br\/alemanha-europa\" target=\"_blank\" rel=\"noreferrer noopener\"><strong>Alemanha<\/strong><\/a>. Assistindo \u00e0 cobertura da TV alem\u00e3 sobre a importante vota\u00e7\u00e3o no Bundestag para derrubar esse governo e convocar novas elei\u00e7\u00f5es fiquei impressionado com a maneira com que a not\u00edcia era percebida pelos alem\u00e3es, como uma confirma\u00e7\u00e3o de dois ditados pol\u00edticos americanos: \u201cToda pol\u00edtica \u00e9 local\u201d e \u201c\u00c9 a economia, est\u00fapido\u201d. Se voc\u00ea usou a cobertura alem\u00e3 como guia, esse colapso diz respeito principalmente a amea\u00e7as de cortar benef\u00edcios de pens\u00e3o e bem-estar social.<\/p>\n\n\n\n<figure class=\"wp-block-image\"><img decoding=\"async\" src=\"https:\/\/www.estadao.com.br\/resizer\/v2\/QJG6ALF47NC75DAII5Y5AIWSIA.jpg?quality=80&amp;auth=87fd9c24cecb14f326092dbe32e155e69c065aa50c9f269329717897dc3670f0&amp;width=380\" alt=\"O chanceler alem\u00e3o, Olaf Scholz, tentando defender seu governo antes do voto de desconfian\u00e7a no Parlamento da Alemanha: desmoronamento perigoso \"\/><figcaption class=\"wp-element-caption\">O chanceler alem\u00e3o, Olaf Scholz, tentando defender seu governo antes do voto de desconfian\u00e7a no Parlamento da Alemanha: desmoronamento perigoso&nbsp;<em>Foto:&nbsp;Markus Schreiber\/AP<\/em><\/figcaption><\/figure>\n\n\n\n<p>Mas por tr\u00e1s da amea\u00e7a existe uma ansiedade cl\u00e1ssica e permanente dos alem\u00e3es: um medo de que a invej\u00e1vel estabilidade do pa\u00eds n\u00e3o seja mais confi\u00e1vel. O que nos leva diretamente ao quadro maior, que n\u00e3o \u00e9 de nenhum modo paroquial.<\/p>\n\n\n\n<p>Desde a 2.\u00aa Guerra, o papel dos EUA na Europa tem sido fornecer seguran\u00e7a \u2014 contra a R\u00fassia, mas tamb\u00e9m dentro da Europa. Afora o epis\u00f3dio da Ucr\u00e2nia, este \u00e9 o per\u00edodo de paz mais longo entre as na\u00e7\u00f5es europeias em s\u00e9culos, e embora n\u00e3o haja d\u00favida de que a Uni\u00e3o Europeia \u00e9 uma raz\u00e3o fundamental para isso, a base dessa situa\u00e7\u00e3o \u00e9 a garantia do apoio em defesa dos EUA por meio da alian\u00e7a atl\u00e2ntica.<\/p>\n\n\n\n<p>Agora essa base parece bem inst\u00e1vel. Apesar de o Partido Republicano parecer irremediavelmente enrolado entre seu internacionalismo de longa data e seu ascendente trumpismo EUA-em-primeiro-lugar, o presidente eleito amea\u00e7a agir em fun\u00e7\u00e3o de seu descontentamento de d\u00e9cadas com a Otan e os europeus, que ele considera sanguessugas e indolentes. N\u00e3o \u00e9 uma receita para uma lideran\u00e7a eficaz dos EUA.<\/p>\n\n\n\n<p>Nenhum pa\u00eds acreditou mais no experimento europeu e no valor e na bondade da lideran\u00e7a dos EUA do que a Alemanha. \u00c9 quase um milagre da hist\u00f3ria que a duradoura democracia do p\u00f3s-guerra na Alemanha Ocidental tenha sido em parte inspirada, imposta e sustentada exatamente pelo pa\u00eds que reduziu grande parte da Alemanha a escombros.<\/p>\n\n\n\n<p>A cada d\u00e9cada desde a 2.\u00aa Guerra, rumores de extremismo de direita acenaram toda vez que as fortunas econ\u00f4micas ou pol\u00edticas do pa\u00eds titubearam. Os alem\u00e3es, contudo, tanto antes quanto ap\u00f3s a reunifica\u00e7\u00e3o Leste-Oeste que se seguiu \u00e0 queda do Muro de Berlim, em 1989, depositaram sua confian\u00e7a e esfor\u00e7o consistentemente numa filosofia de Estabilidade \u00dcber Alles.<\/p>\n\n\n\n<p>Agora a extrema direita est\u00e1 surgindo mais uma vez, na forma de um partido pol\u00edtico anti-imigra\u00e7\u00e3o, o Alternativa para a Alemanha, que ganha votos mesmo enquanto a ag\u00eancia de seguran\u00e7a interna do governo mant\u00e9m o controle sobre a amea\u00e7a que o grupo representa para a Constitui\u00e7\u00e3o e a democracia do pa\u00eds.<\/p>\n\n\n\n<p>Esse incremento ocorre ao mesmo tempo que os dois principais partidos, os conservadores democrata-crist\u00e3os e os esquerdistas social-democratas, perderam \u2014 da mesma forma que os nossos republicanos e democratas \u2014 claridade sobre suas vis\u00f5es para o futuro e, como resultado, produziram confus\u00e3o entre seus apoiadores tradicionais.<\/p>\n\n\n\n<figure class=\"wp-block-image\"><img decoding=\"async\" src=\"https:\/\/www.estadao.com.br\/resizer\/v2\/RJQUK2VZGFCDTC5WR4MRGPVIEI.jpg?quality=80&amp;auth=61e805ba40534be525f3046759f5a02ca6bd1d1d3aff2042854d1669eac9a4e0&amp;width=380\" alt=\"O presidente da CSU (Uni\u00e3o Social Crist\u00e3) Alexander Dobrindt (\u00e0 esquerda) e o l\u00edder da Uni\u00e3o Democrata Crist\u00e3 (CDU) Friedrich Merz falam \u00e0 m\u00eddia ap\u00f3s o voto de desconfian\u00e7a contra o chanceler alem\u00e3o no Bundestag \"\/><figcaption class=\"wp-element-caption\">O presidente da CSU (Uni\u00e3o Social Crist\u00e3) Alexander Dobrindt (\u00e0 esquerda) e o l\u00edder da Uni\u00e3o Democrata Crist\u00e3 (CDU) Friedrich Merz falam \u00e0 m\u00eddia ap\u00f3s o voto de desconfian\u00e7a contra o chanceler alem\u00e3o no Bundestag&nbsp;<em>Foto:&nbsp;Ralf Hirschberger\/AFP<\/em><\/figcaption><\/figure>\n\n\n\n<p>Num sistema parlamentar europeu, quando tal consenso deixa de existir, a desordem pode surgir rapidamente em compara\u00e7\u00e3o com o sistema federal dos EUA. Nossos votos de desconfian\u00e7a chegam ao longo de anos, n\u00e3o meramente em semanas ou meses. Outros sistemas parlamentares, na Fran\u00e7a e no Reino Unido, est\u00e3o enfrentando dificuldades juntamente com a Alemanha para garantir uma confian\u00e7a est\u00e1vel no governo.<\/p>\n\n\n\n<p>Mas a elei\u00e7\u00e3o americana foi um claro sinal negativo para o status quo e contribui para a inquieta\u00e7\u00e3o do Ocidente. Sem uma Europa razoavelmente unida, a capacidade dos EUA de resistir \u00e0s concentra\u00e7\u00f5es de poder da China ou conter as fantasias de Vladimir Putin de restaurar o Imp\u00e9rio Russo ficar\u00e1 severamente limitada.<\/p>\n\n\n\n<p>Com sorte, os alem\u00e3es se deparar\u00e3o com uma nova coaliz\u00e3o de governo ap\u00f3s uma campanha eleitoral nos pr\u00f3ximos dois meses, mas h\u00e1 pouco motivo para acreditar que a elei\u00e7\u00e3o produzir\u00e1 uma no\u00e7\u00e3o clara sobre o rumo do pa\u00eds. Para os alem\u00e3es, assim como para os americanos, as quest\u00f5es que dividem e assustam as pessoas s\u00e3o enormes, os riscos, muito assustadores, e as for\u00e7as da mudan\u00e7a, aparentemente imposs\u00edveis de regular de forma eficaz.<\/p>\n\n\n\n<p>Os alem\u00e3es, como a ex-chanceler Angela Merkel descobriu em seus \u00faltimos anos no cargo, est\u00e3o realmente ansiosos para se apresentar ao mundo como uma for\u00e7a em defesa da paz e da igualdade, mas n\u00e3o est\u00e3o dispostos a arriscar seguran\u00e7a econ\u00f4mica para acolher os refugiados do mundo num grau que mudaria o car\u00e1ter b\u00e1sico de seu pa\u00eds. E embora estejam comprometidos com a soberania ucraniana \u2014 os alem\u00e3es investiram dinheiro e equipamentos militares para prov\u00e1-lo \u2014 eles n\u00e3o est\u00e3o dispostos a cutucar o urso russo a ponto de arriscar sua pr\u00f3pria seguran\u00e7a. Sua confian\u00e7a inst\u00e1vel \u00e9 abalada ainda mais pela possibilidade de guerras tarif\u00e1rias globais que amea\u00e7am atingir mais duramente sua economia dependente de exporta\u00e7\u00f5es.<\/p>\n\n\n\n<p>A queda do governo alem\u00e3o ocorre em um momento estranho e fr\u00e1gil para o mundo. \u00c9 especialmente inquietante porque, gostem eles ou n\u00e3o, os alem\u00e3es viraram um s\u00edmbolo vital de estabilidade para o Ocidente \u2014 um modelo do que a comunidade de na\u00e7\u00f5es liderada pelos EUA pode alcan\u00e7ar. Os alem\u00e3es tendem a pensar que dependem muito da for\u00e7a dos EUA. N\u00f3s \u2014 e os alem\u00e3es \u2014 devemos perceber que tamb\u00e9m precisamos da for\u00e7a deles.&nbsp;<strong>\/ TRADU\u00c7\u00c3O DE GUILHERME RUSSO<\/strong><\/p>\n\n\n\n<p><strong>Opini\u00e3o<\/strong>&nbsp;por&nbsp;Marc Fisher<\/p>\n\n\n\n<p><em>\u00c9 editor-associado do The Washington Post, escreve uma coluna sobre Washington. Fisher come\u00e7ou a escrever na se\u00e7\u00e3o Opinions em 2024, ap\u00f3s 37 anos como rep\u00f3rter e editor de v\u00e1rias editorias do Post<\/em><\/p>\n\n\n\n<p><strong>Por Estad\u00e3o<\/strong><\/p>\n\n\n\n<p><strong><br><\/strong><\/p>\n","protected":false},"excerpt":{"rendered":"<p>A queda do governo de Berlim \u00e9 consequ\u00eancia da economia inst\u00e1vel da Alemanha; mas o mundo inteiro est\u00e1 inst\u00e1vel Guerras, dist\u00farbios e uma mudan\u00e7a de regime sacodem o Oriente M\u00e9dio.\u00a0R\u00fassia\u00a0e\u00a0Ir\u00e3,&hellip;<\/p>\n","protected":false},"author":1,"featured_media":330542,"comment_status":"closed","ping_status":"open","sticky":false,"template":"","format":"standard","meta":{"footnotes":""},"categories":[46,49,35,42],"tags":[],"class_list":["post-330541","post","type-post","status-publish","format-standard","has-post-thumbnail","hentry","category-mundo","category-opiniao","category-politica","category-ultimas"],"_links":{"self":[{"href":"https:\/\/blogfolhadocomercio.com.br\/wp\/wp-json\/wp\/v2\/posts\/330541","targetHints":{"allow":["GET"]}}],"collection":[{"href":"https:\/\/blogfolhadocomercio.com.br\/wp\/wp-json\/wp\/v2\/posts"}],"about":[{"href":"https:\/\/blogfolhadocomercio.com.br\/wp\/wp-json\/wp\/v2\/types\/post"}],"author":[{"embeddable":true,"href":"https:\/\/blogfolhadocomercio.com.br\/wp\/wp-json\/wp\/v2\/users\/1"}],"replies":[{"embeddable":true,"href":"https:\/\/blogfolhadocomercio.com.br\/wp\/wp-json\/wp\/v2\/comments?post=330541"}],"version-history":[{"count":1,"href":"https:\/\/blogfolhadocomercio.com.br\/wp\/wp-json\/wp\/v2\/posts\/330541\/revisions"}],"predecessor-version":[{"id":330543,"href":"https:\/\/blogfolhadocomercio.com.br\/wp\/wp-json\/wp\/v2\/posts\/330541\/revisions\/330543"}],"wp:featuredmedia":[{"embeddable":true,"href":"https:\/\/blogfolhadocomercio.com.br\/wp\/wp-json\/wp\/v2\/media\/330542"}],"wp:attachment":[{"href":"https:\/\/blogfolhadocomercio.com.br\/wp\/wp-json\/wp\/v2\/media?parent=330541"}],"wp:term":[{"taxonomy":"category","embeddable":true,"href":"https:\/\/blogfolhadocomercio.com.br\/wp\/wp-json\/wp\/v2\/categories?post=330541"},{"taxonomy":"post_tag","embeddable":true,"href":"https:\/\/blogfolhadocomercio.com.br\/wp\/wp-json\/wp\/v2\/tags?post=330541"}],"curies":[{"name":"wp","href":"https:\/\/api.w.org\/{rel}","templated":true}]}}