{"id":330477,"date":"2024-12-19T08:32:04","date_gmt":"2024-12-19T11:32:04","guid":{"rendered":"https:\/\/blogfolhadocomercio.com.br\/wp\/?p=330477"},"modified":"2024-12-19T08:32:06","modified_gmt":"2024-12-19T11:32:06","slug":"entidades-alertam-haddad-sobre-50-mil-itens-parados-em-guarulhos-e-viracopos-por-greve-de-auditores","status":"publish","type":"post","link":"https:\/\/blogfolhadocomercio.com.br\/wp\/2024\/12\/19\/entidades-alertam-haddad-sobre-50-mil-itens-parados-em-guarulhos-e-viracopos-por-greve-de-auditores\/","title":{"rendered":"Entidades alertam Haddad sobre 50 mil itens parados em Guarulhos e Viracopos por greve de auditores"},"content":{"rendered":"\n<p><strong>Associa\u00e7\u00f5es de com\u00e9rcio exterior afirmam que ac\u00famulo de mercadorias prejudica competitividade do pa\u00eds no mercado global<\/strong><\/p>\n\n\n\n<p>As associa\u00e7\u00f5es brasileiras de com\u00e9rcio exterior enviaram ao ministro da Fazenda,\u00a0<a href=\"https:\/\/www.estadao.com.br\/tudo-sobre\/fernando-haddad\/?srsltid=AfmBOoqHVqicg5xm-LQRtY2MOrfBZ1s8m1dpJIAJb0tgI5-1Uokl6ZAC\" target=\"_blank\" rel=\"noreferrer noopener\"><strong>Fernando Haddad<\/strong><\/a>, uma carta<strong>\u00a0<\/strong>em que alertam para os preju\u00edzos no setor devido \u00e0 greve dos auditores fiscais. Segundo as entidades, mais de 50 mil envios de encomendas e documentos est\u00e3o acumulados nos aeroportos de\u00a0<a href=\"https:\/\/www.estadao.com.br\/tudo-sobre\/aeroporto-de-viracopos-campinas\/?srsltid=AfmBOooLOfL6NvNV9qZzRdWwSC4Xqmbnf3Xt9rJ7phMGztfGpzSu65N8\" target=\"_blank\" rel=\"noreferrer noopener\"><strong>Viracopos<\/strong><\/a>\u00a0e\u00a0<a href=\"https:\/\/www.estadao.com.br\/tudo-sobre\/aeroporto-de-cumbica-guarulhos\/?srsltid=AfmBOopI9FYTi_RRXELzcZmAMwg9plfrLhF6fKEc9IZ1fxLsL5346Y1H\" target=\"_blank\" rel=\"noreferrer noopener\"><strong>Guarulhos<\/strong><\/a>, aguardando libera\u00e7\u00e3o. Os principais \u00f3rg\u00e3os do segmento pedem uma audi\u00eancia com o chefe da equipe econ\u00f4mica e com o secret\u00e1rio da\u00a0<a href=\"https:\/\/www.estadao.com.br\/tudo-sobre\/receita-federal\/?srsltid=AfmBOooYl9zzfEnQu3Bnb047acGuRXI9EpiRqmmT1oVnYrLvRetNdjW4\" target=\"_blank\" rel=\"noreferrer noopener\"><strong>Receita Federal<\/strong><\/a>,\u00a0<a href=\"https:\/\/www.estadao.com.br\/tudo-sobre\/robinson-barreirinhas\/?srsltid=AfmBOor67dRJFvOdDAkbn3na_7fJiF5LxaEMj-FGtQZPHgbhK0IXdgkd\" target=\"_blank\" rel=\"noreferrer noopener\"><strong>Robinson Barreirinhas<\/strong><\/a>, para tratar do assunto. Eles argumentam que a competitividade do Pa\u00eds no mercado global sair\u00e1 prejudicada caso as paralisa\u00e7\u00f5es n\u00e3o terminem em breve.<\/p>\n\n\n\n<p>\u201cA crise operacional gerada pela paralisa\u00e7\u00e3o tem ampliado os custos log\u00edsticos, afetando exportadores e importadores de forma indiscriminada. Empresas brasileiras enfrentam dificuldades para cumprir prazos de entrega, o que pode levar \u00e0 rescis\u00e3o de contratos internacionais e \u00e0 substitui\u00e7\u00e3o do Brasil por fornecedores de outros pa\u00edses\u201d, diz o documento, enviado nesta ter\u00e7a-feira, 17, e obtido pela&nbsp;<strong>Coluna do Estad\u00e3o<\/strong>.<\/p>\n\n\n\n<p>\u201cOs atrasos log\u00edsticos n\u00e3o apenas impactam as empresas de transporte e log\u00edstica, mas tamb\u00e9m afetam diretamente o com\u00e9rcio exterior brasileiro, prejudicando a competitividade do pa\u00eds no mercado global e comprometendo a efici\u00eancia das cadeias de exporta\u00e7\u00e3o e importa\u00e7\u00e3o\u201d, afirma outro trecho da carta das associa\u00e7\u00f5es.<\/p>\n\n\n\n<p>O documento, que fala em \u201cgrav\u00edssimos impactos\u201d da greve, tamb\u00e9m \u00e9 endere\u00e7ado aos ministros\u00a0<a href=\"https:\/\/www.estadao.com.br\/tudo-sobre\/rui-costa\/?srsltid=AfmBOooFz3zWkOXNd-8lxlhcsMoHGklP73sJK2ozYWzcY1gXTfdAp_2w\" target=\"_blank\" rel=\"noreferrer noopener\"><strong>Rui Costa<\/strong><\/a>\u00a0(Casa Civil),\u00a0<a href=\"https:\/\/www.estadao.com.br\/tudo-sobre\/geraldo-alckmin\/?srsltid=AfmBOopY1hSrL-GotRvgQnw8BZOUhTuGAyGpLwfBzCKntaBW2FyTDIM1\" target=\"_blank\" rel=\"noreferrer noopener\"><strong>Geraldo Alckmin<\/strong><\/a>\u00a0(Desenvolvimento, Ind\u00fastria, Com\u00e9rcio e Servi\u00e7os),\u00a0<a href=\"https:\/\/www.estadao.com.br\/tudo-sobre\/silvio-costa-filho\/?srsltid=AfmBOormfT4qaL9pbbH8sRKWEAUyfkxBn5LhIRk_a1qF8IHGazdBwvm1\" target=\"_blank\" rel=\"noreferrer noopener\"><strong>Silvio Costa Filho<\/strong><\/a>\u00a0(Portos e Aeroportos) e\u00a0<a href=\"https:\/\/www.estadao.com.br\/tudo-sobre\/esther-dweck\/?srsltid=AfmBOoqgCPxobiNk9XKV7GXurjwhPGklRtq2ZAeqTwGG4FCwFNt4ha_s\" target=\"_blank\" rel=\"noreferrer noopener\"><strong>Esther Dweck<\/strong><\/a>\u00a0(Gest\u00e3o e Inova\u00e7\u00e3o).<\/p>\n\n\n\n<figure class=\"wp-block-image\"><img decoding=\"async\" src=\"https:\/\/www.estadao.com.br\/resizer\/v2\/XXPWOZMT2FDELOU7PGJQXW4HXY.jpg?quality=80&amp;auth=efba825a09f22896d3fc2650b95c7fb9e5eadf33c16d46f9b1ab3e74fdc8d1b3&amp;width=380\" alt=\"Fernando Haddad, ministro da Fazenda\"\/><figcaption class=\"wp-element-caption\">Fernando Haddad, ministro da Fazenda&nbsp;<em>Foto:&nbsp;Wilton Junior\/Estad\u00e3o<\/em><\/figcaption><\/figure>\n\n\n\n<p>Assinam o texto a Associa\u00e7\u00e3o Brasileira das Empresas de Transporte Internacional Expresso de Cargas (Abraec), a Associa\u00e7\u00e3o Latino-Americana e do Caribe de Transporte A\u00e9reo (Alta), a Associa\u00e7\u00e3o Brasileira de Operadores Log\u00edsticos (Abol) e Associa\u00e7\u00e3o Brasileira de Transportadores Internacionais (ABTI).<\/p>\n\n\n\n<p>Tamb\u00e9m s\u00e3o signat\u00e1rias a Associa\u00e7\u00e3o Brasileira de Prote\u00edna Animal (ABPA), a Associa\u00e7\u00e3o Brasileira de Log\u00edstica (Abralog), o Conselho Internacional de Aeroportos da Am\u00e9rica Latina e Caribe (ACI-LAC), o Conselho Empresarial Brasil-Estados Unidos (BUSBC), a Associa\u00e7\u00e3o Internacional de Transportes A\u00e9reos (Iata), o Instituto Livre Mercado (ILM) e a Junta de Representantes das Companhias A\u00e9reas Internacionais do Brasil (Jurcaib).<\/p>\n\n\n\n<p><strong>Por Estad\u00e3o<\/strong><\/p>\n\n\n\n<p><strong><br><\/strong><\/p>\n","protected":false},"excerpt":{"rendered":"<p>Associa\u00e7\u00f5es de com\u00e9rcio exterior afirmam que ac\u00famulo de mercadorias prejudica competitividade do pa\u00eds no mercado global As associa\u00e7\u00f5es brasileiras de com\u00e9rcio exterior enviaram ao ministro da Fazenda,\u00a0Fernando Haddad, uma carta\u00a0em&hellip;<\/p>\n","protected":false},"author":1,"featured_media":330478,"comment_status":"closed","ping_status":"open","sticky":false,"template":"","format":"standard","meta":{"footnotes":""},"categories":[34,42],"tags":[],"class_list":["post-330477","post","type-post","status-publish","format-standard","has-post-thumbnail","hentry","category-brasil","category-ultimas"],"_links":{"self":[{"href":"https:\/\/blogfolhadocomercio.com.br\/wp\/wp-json\/wp\/v2\/posts\/330477","targetHints":{"allow":["GET"]}}],"collection":[{"href":"https:\/\/blogfolhadocomercio.com.br\/wp\/wp-json\/wp\/v2\/posts"}],"about":[{"href":"https:\/\/blogfolhadocomercio.com.br\/wp\/wp-json\/wp\/v2\/types\/post"}],"author":[{"embeddable":true,"href":"https:\/\/blogfolhadocomercio.com.br\/wp\/wp-json\/wp\/v2\/users\/1"}],"replies":[{"embeddable":true,"href":"https:\/\/blogfolhadocomercio.com.br\/wp\/wp-json\/wp\/v2\/comments?post=330477"}],"version-history":[{"count":1,"href":"https:\/\/blogfolhadocomercio.com.br\/wp\/wp-json\/wp\/v2\/posts\/330477\/revisions"}],"predecessor-version":[{"id":330479,"href":"https:\/\/blogfolhadocomercio.com.br\/wp\/wp-json\/wp\/v2\/posts\/330477\/revisions\/330479"}],"wp:featuredmedia":[{"embeddable":true,"href":"https:\/\/blogfolhadocomercio.com.br\/wp\/wp-json\/wp\/v2\/media\/330478"}],"wp:attachment":[{"href":"https:\/\/blogfolhadocomercio.com.br\/wp\/wp-json\/wp\/v2\/media?parent=330477"}],"wp:term":[{"taxonomy":"category","embeddable":true,"href":"https:\/\/blogfolhadocomercio.com.br\/wp\/wp-json\/wp\/v2\/categories?post=330477"},{"taxonomy":"post_tag","embeddable":true,"href":"https:\/\/blogfolhadocomercio.com.br\/wp\/wp-json\/wp\/v2\/tags?post=330477"}],"curies":[{"name":"wp","href":"https:\/\/api.w.org\/{rel}","templated":true}]}}