{"id":330468,"date":"2024-12-19T08:01:57","date_gmt":"2024-12-19T11:01:57","guid":{"rendered":"https:\/\/blogfolhadocomercio.com.br\/wp\/?p=330468"},"modified":"2024-12-19T08:02:01","modified_gmt":"2024-12-19T11:02:01","slug":"descarrilamento-na-cptm-provoca-restricoes-pelo-segundo-dia-seguido-veja-trechos-afetados","status":"publish","type":"post","link":"https:\/\/blogfolhadocomercio.com.br\/wp\/2024\/12\/19\/descarrilamento-na-cptm-provoca-restricoes-pelo-segundo-dia-seguido-veja-trechos-afetados\/","title":{"rendered":"Descarrilamento na CPTM provoca restri\u00e7\u00f5es pelo segundo dia seguido; veja trechos afetados"},"content":{"rendered":"\n<p><strong>Desde o in\u00edcio da opera\u00e7\u00e3o comercial, a Linha 11-Coral circula por via \u00fanica e com maiores intervalos entre as esta\u00e7\u00f5es Br\u00e1s e Tatuap\u00e9; tamb\u00e9m h\u00e1 velocidade reduzida na Linha 3-Vermelha do Metr\u00f4<\/strong><\/p>\n\n\n\n<p><a href=\"https:\/\/www.estadao.com.br\/sao-paulo\/descarrilamento-de-trem-afeta-linhas-cptm-paese-cidade-sp-veja-quais-nprm\/\" target=\"_blank\" rel=\"noreferrer noopener\"><strong>O descarrilamento de um trem de carga da MRS Log\u00edstica na via 3<\/strong><\/a>, pr\u00f3ximo \u00e0 Esta\u00e7\u00e3o Br\u00e1s da\u00a0<a href=\"https:\/\/www.estadao.com.br\/tudo-sobre\/cptm-companhia-paulista-de-trens-metropolitanos\/?srsltid=AfmBOorJ0340hfA5MGM_BDuXZhOcGhf8j2l6u_hnA70zVoZdLipDEFA4\"><strong>Companhia Paulista de Trens Metropolitanos (CPTM)<\/strong><\/a><strong>\u00a0<\/strong>na madrugada de quarta-feira, 18, ainda provoca impactos no transporte na manh\u00e3 desta quinta-feira, 19. De acordo com a companhia, h\u00e1 reflexos na\u00a0<strong>Linha 11-Coral<\/strong>. Pela manh\u00e3, o Metr\u00f4 de S\u00e3o Paulo tamb\u00e9m registrava velocidade reduzida na\u00a0<strong>Linha 3-Vermelha<\/strong>.<\/p>\n\n\n\n<p>\u201cDesde o in\u00edcio da opera\u00e7\u00e3o comercial, a Linha 11-Coral est\u00e1 circulando por via \u00fanica e com maiores intervalos entre as esta\u00e7\u00f5es Br\u00e1s e Tatuap\u00e9 para continuidade dos trabalhos dos t\u00e9cnicos de manuten\u00e7\u00e3o que atuam na avalia\u00e7\u00e3o e conserto dos trilhos para a libera\u00e7\u00e3o e normaliza\u00e7\u00e3o da circula\u00e7\u00e3o dos trens\u201d, disse a CPTM.<\/p>\n\n\n\n<p>Segundo a companhia, a circula\u00e7\u00e3o das linhas&nbsp;<strong>7-Rubi<\/strong>,&nbsp;<strong>10-Turquesa<\/strong>,&nbsp;<strong>12-Safira<\/strong>,&nbsp;<strong>13-Jade<\/strong>&nbsp;e do servi\u00e7o&nbsp;<strong>Expresso Aeroporto&nbsp;<\/strong>est\u00e1 normal na manh\u00e3 desta quinta-feira.<\/p>\n\n\n\n<figure class=\"wp-block-image\"><img decoding=\"async\" src=\"https:\/\/www.estadao.com.br\/resizer\/v2\/7JGCOIDSJBBBTDUN6I5C6IQSB4.jpg?quality=80&amp;auth=604427ad6cb8bf19af03146896bfeaf0b2e82b87c9edbe8c3f80f9666a64de34&amp;width=380\" alt=\"Equipes de manuten\u00e7\u00e3o trabalhando para restabelecer o fluxo de trens ap\u00f3s um trem de carga descarrilhar nas proximidades da Esta\u00e7\u00e3o Br\u00e1s da CPTM na quarta-feira, 18.\"\/><figcaption class=\"wp-element-caption\">Equipes de manuten\u00e7\u00e3o trabalhando para restabelecer o fluxo de trens ap\u00f3s um trem de carga descarrilhar nas proximidades da Esta\u00e7\u00e3o Br\u00e1s da CPTM na quarta-feira, 18.&nbsp;<em>Foto:&nbsp;Taba Benedicto\/ Estad\u00e3o<\/em><\/figcaption><\/figure>\n\n\n\n<h3 class=\"wp-block-heading\" id=\"descarrilamento-de-trem\">Descarrilamento de trem<\/h3>\n\n\n\n<p>Na madrugada de quarta-feira, por volta das 2h10,&nbsp;<a href=\"https:\/\/www.estadao.com.br\/sao-paulo\/descarrilamento-de-trem-afeta-linhas-cptm-paese-cidade-sp-veja-quais-nprm\/\" target=\"_blank\" rel=\"noreferrer noopener\"><strong>um trem de carga da MRS Log\u00edstica descarrilou na via 3<\/strong><\/a>, pr\u00f3ximo \u00e0 Esta\u00e7\u00e3o Br\u00e1s da Linha 11-Coral da CPTM. As causas do acidente est\u00e3o sendo investigadas pela CPTM e MRS, qualquer ila\u00e7\u00e3o sobre a causa do descarrilamento neste momento n\u00e3o tem nenhuma rela\u00e7\u00e3o com a verdade dos fatos. O trem j\u00e1 foi retirado da via.<\/p>\n\n\n\n<p>A companhia disse que solicitou nesta quinta-feira 10 \u00f4nibus do&nbsp;<strong>Plano de Atendimento entre Empresas em Situa\u00e7\u00e3o de Emerg\u00eancia (Paese)<\/strong>&nbsp;entre as esta\u00e7\u00f5es Br\u00e1s e Tatuap\u00e9. Outras op\u00e7\u00f5es para o passageiro s\u00e3o a Linha 12-Safira e a Linha 3-Vermelha do Metr\u00f4, que est\u00e1 com a transfer\u00eancia liberada nas Esta\u00e7\u00f5es Tatuap\u00e9 e Corinthians-Itaquera.<\/p>\n\n\n\n<p>Al\u00e9m dos transtornos pela manh\u00e3, no fim da tarde de quarta-feira, por exemplo, o Terminal da Barra Funda ficou lotado, devido \u00e0 lentid\u00e3o nos deslocamentos.<\/p>\n\n\n\n<p><strong>Por Estad\u00e3o<\/strong><\/p>\n\n\n\n<p><strong><br><\/strong><\/p>\n","protected":false},"excerpt":{"rendered":"<p>Desde o in\u00edcio da opera\u00e7\u00e3o comercial, a Linha 11-Coral circula por via \u00fanica e com maiores intervalos entre as esta\u00e7\u00f5es Br\u00e1s e Tatuap\u00e9; tamb\u00e9m h\u00e1 velocidade reduzida na Linha 3-Vermelha&hellip;<\/p>\n","protected":false},"author":1,"featured_media":330469,"comment_status":"closed","ping_status":"open","sticky":false,"template":"","format":"standard","meta":{"footnotes":""},"categories":[34,1,42],"tags":[],"class_list":["post-330468","post","type-post","status-publish","format-standard","has-post-thumbnail","hentry","category-brasil","category-cidades","category-ultimas"],"_links":{"self":[{"href":"https:\/\/blogfolhadocomercio.com.br\/wp\/wp-json\/wp\/v2\/posts\/330468","targetHints":{"allow":["GET"]}}],"collection":[{"href":"https:\/\/blogfolhadocomercio.com.br\/wp\/wp-json\/wp\/v2\/posts"}],"about":[{"href":"https:\/\/blogfolhadocomercio.com.br\/wp\/wp-json\/wp\/v2\/types\/post"}],"author":[{"embeddable":true,"href":"https:\/\/blogfolhadocomercio.com.br\/wp\/wp-json\/wp\/v2\/users\/1"}],"replies":[{"embeddable":true,"href":"https:\/\/blogfolhadocomercio.com.br\/wp\/wp-json\/wp\/v2\/comments?post=330468"}],"version-history":[{"count":1,"href":"https:\/\/blogfolhadocomercio.com.br\/wp\/wp-json\/wp\/v2\/posts\/330468\/revisions"}],"predecessor-version":[{"id":330470,"href":"https:\/\/blogfolhadocomercio.com.br\/wp\/wp-json\/wp\/v2\/posts\/330468\/revisions\/330470"}],"wp:featuredmedia":[{"embeddable":true,"href":"https:\/\/blogfolhadocomercio.com.br\/wp\/wp-json\/wp\/v2\/media\/330469"}],"wp:attachment":[{"href":"https:\/\/blogfolhadocomercio.com.br\/wp\/wp-json\/wp\/v2\/media?parent=330468"}],"wp:term":[{"taxonomy":"category","embeddable":true,"href":"https:\/\/blogfolhadocomercio.com.br\/wp\/wp-json\/wp\/v2\/categories?post=330468"},{"taxonomy":"post_tag","embeddable":true,"href":"https:\/\/blogfolhadocomercio.com.br\/wp\/wp-json\/wp\/v2\/tags?post=330468"}],"curies":[{"name":"wp","href":"https:\/\/api.w.org\/{rel}","templated":true}]}}