{"id":330369,"date":"2024-12-18T21:16:30","date_gmt":"2024-12-19T00:16:30","guid":{"rendered":"https:\/\/blogfolhadocomercio.com.br\/wp\/?p=330369"},"modified":"2024-12-18T21:16:33","modified_gmt":"2024-12-19T00:16:33","slug":"com-panda-na-habitacao-e-ex-titular-vilela-vai-anunciar-novos-secretarios-em-aparecida","status":"publish","type":"post","link":"https:\/\/blogfolhadocomercio.com.br\/wp\/2024\/12\/18\/com-panda-na-habitacao-e-ex-titular-vilela-vai-anunciar-novos-secretarios-em-aparecida\/","title":{"rendered":"Com Panda na Habita\u00e7\u00e3o e ex-titular, Vilela vai anunciar novos secret\u00e1rios em Aparecida"},"content":{"rendered":"\n<p>Prefeito eleito vai anunciar nomes em blocos at\u00e9 o dia de sua posse<\/p>\n\n\n\n<figure class=\"wp-block-image size-full\"><img loading=\"lazy\" decoding=\"async\" width=\"960\" height=\"640\" src=\"https:\/\/blogfolhadocomercio.com.br\/wp\/wp-content\/uploads\/2024\/12\/image-429.png\" alt=\"\" class=\"wp-image-330370\" srcset=\"https:\/\/blogfolhadocomercio.com.br\/wp\/wp-content\/uploads\/2024\/12\/image-429.png 960w, https:\/\/blogfolhadocomercio.com.br\/wp\/wp-content\/uploads\/2024\/12\/image-429-300x200.png 300w, https:\/\/blogfolhadocomercio.com.br\/wp\/wp-content\/uploads\/2024\/12\/image-429-768x512.png 768w, https:\/\/blogfolhadocomercio.com.br\/wp\/wp-content\/uploads\/2024\/12\/image-429-585x390.png 585w, https:\/\/blogfolhadocomercio.com.br\/wp\/wp-content\/uploads\/2024\/12\/image-429-263x175.png 263w\" sizes=\"auto, (max-width: 960px) 100vw, 960px\" \/><\/figure>\n\n\n\n<p>Um dia ap\u00f3s revelar os\u00a0doze primeiros nomes\u00a0do primeiro escal\u00e3o da sua gest\u00e3o, o prefeito eleito Leandro Vilela (MDB), encaminhou acordos com outros quatro auxiliares que v\u00e3o acompanh\u00e1-lo na administra\u00e7\u00e3o, a partir do dia 1\u00ba de janeiro. A coluna apurou que o emedebista conta com o vereador Willian Panda (PSB), na Habita\u00e7\u00e3o, e Vanilson Bueno, na Articula\u00e7\u00e3o Pol\u00edtica.<\/p>\n\n\n\n<p>Outros dois nomes devem ser confirmados: o advogado Rafael Rezende, atualmente assessor t\u00e9cnico da Secretaria Estadual de Sa\u00fade e com passagem pela Casa Civil da Prefeitura de Goi\u00e2nia no governo Maguito Vilela at\u00e9 o MDB desembarcar da gest\u00e3o do Rog\u00e9rio Cruz (SD), assumir\u00e1 a secretaria de Transpar\u00eancia, Fiscaliza\u00e7\u00e3o e Controle Interno e Luiz Maronezi, permanecer\u00e1 \u00e0 frente da Companhia de Desenvolvimento de Aparecida (Codap).<\/p>\n\n\n\n<p>O conselho de Administra\u00e7\u00e3o da Codap, inclusive, j\u00e1 se reuniu nesta quarta-feira (18) para conduzi-lo junto ao cargo. J\u00e1 citados, Panda assumir\u00e1 a Habita\u00e7\u00e3o. Ele esteve presente na cerim\u00f4nia que diplomou o prefeito, vice-prefeito e vereadores eleitos na \u00faltima elei\u00e7\u00e3o. \u201cH\u00e1 uma conversa com Leandro Vilela, que aprendi a admirar e respeitar ao longo da campanha. Nosso grupo tem condi\u00e7\u00f5es de compor e ajudar a administra\u00e7\u00e3o sim, mas n\u00e3o definimos cargos\u201d, pontuou Willian \u00e0 coluna na ocasi\u00e3o. Vale lembrar, o socialista disputou a \u00faltima elei\u00e7\u00e3o para Prefeito e ficou em terceiro lugar no pleito.<\/p>\n\n\n\n<p>Vanilson Bueno \u00e9 aliado h\u00e1 longa data do ex-prefeito Gustavo Mendanha e j\u00e1 teve outras duas passagens pelo primeiro escal\u00e3o da Prefeitura de Aparecida como secret\u00e1rio de A\u00e7\u00e3o Integrada e mais recentemente comandou a Secretaria de Rela\u00e7\u00f5es Institucionais, onde ampliou seu tr\u00e2nsito em Bras\u00edlia na articula\u00e7\u00e3o de emendas para o munic\u00edpio. Por isso, seu nome agrada em uma pasta respons\u00e1vel pelo di\u00e1logo junto \u00e0 C\u00e2mara dos Vereadores.<\/p>\n\n\n\n<p>A coluna apurou que Leandro far\u00e1 an\u00fancios dos novos titulares por blocos ao longo dos pr\u00f3ximos dias, at\u00e9 assumir o mandato no pr\u00f3ximo dia 1\u00ba de janeiro. Nomes da atual gest\u00e3o capitaneada pelo prefeito Vilmar Mariano (UB), n\u00e3o est\u00e3o descartados.&nbsp;<\/p>\n\n\n\n<p><strong>Por Mais Goi\u00e1s<\/strong><\/p>\n","protected":false},"excerpt":{"rendered":"<p>Prefeito eleito vai anunciar nomes em blocos at\u00e9 o dia de sua posse Um dia ap\u00f3s revelar os\u00a0doze primeiros nomes\u00a0do primeiro escal\u00e3o da sua gest\u00e3o, o prefeito eleito Leandro Vilela&hellip;<\/p>\n","protected":false},"author":1,"featured_media":330370,"comment_status":"closed","ping_status":"open","sticky":false,"template":"","format":"standard","meta":{"footnotes":""},"categories":[1,35,42],"tags":[],"class_list":["post-330369","post","type-post","status-publish","format-standard","has-post-thumbnail","hentry","category-cidades","category-politica","category-ultimas"],"_links":{"self":[{"href":"https:\/\/blogfolhadocomercio.com.br\/wp\/wp-json\/wp\/v2\/posts\/330369","targetHints":{"allow":["GET"]}}],"collection":[{"href":"https:\/\/blogfolhadocomercio.com.br\/wp\/wp-json\/wp\/v2\/posts"}],"about":[{"href":"https:\/\/blogfolhadocomercio.com.br\/wp\/wp-json\/wp\/v2\/types\/post"}],"author":[{"embeddable":true,"href":"https:\/\/blogfolhadocomercio.com.br\/wp\/wp-json\/wp\/v2\/users\/1"}],"replies":[{"embeddable":true,"href":"https:\/\/blogfolhadocomercio.com.br\/wp\/wp-json\/wp\/v2\/comments?post=330369"}],"version-history":[{"count":1,"href":"https:\/\/blogfolhadocomercio.com.br\/wp\/wp-json\/wp\/v2\/posts\/330369\/revisions"}],"predecessor-version":[{"id":330371,"href":"https:\/\/blogfolhadocomercio.com.br\/wp\/wp-json\/wp\/v2\/posts\/330369\/revisions\/330371"}],"wp:featuredmedia":[{"embeddable":true,"href":"https:\/\/blogfolhadocomercio.com.br\/wp\/wp-json\/wp\/v2\/media\/330370"}],"wp:attachment":[{"href":"https:\/\/blogfolhadocomercio.com.br\/wp\/wp-json\/wp\/v2\/media?parent=330369"}],"wp:term":[{"taxonomy":"category","embeddable":true,"href":"https:\/\/blogfolhadocomercio.com.br\/wp\/wp-json\/wp\/v2\/categories?post=330369"},{"taxonomy":"post_tag","embeddable":true,"href":"https:\/\/blogfolhadocomercio.com.br\/wp\/wp-json\/wp\/v2\/tags?post=330369"}],"curies":[{"name":"wp","href":"https:\/\/api.w.org\/{rel}","templated":true}]}}