{"id":330321,"date":"2024-12-18T14:34:40","date_gmt":"2024-12-18T17:34:40","guid":{"rendered":"https:\/\/blogfolhadocomercio.com.br\/wp\/?p=330321"},"modified":"2024-12-18T14:34:42","modified_gmt":"2024-12-18T17:34:42","slug":"veto-a-celular-em-escolas-deve-ser-votado-hoje-no-senado-saiba-qual-e-a-nova-divergencia","status":"publish","type":"post","link":"https:\/\/blogfolhadocomercio.com.br\/wp\/2024\/12\/18\/veto-a-celular-em-escolas-deve-ser-votado-hoje-no-senado-saiba-qual-e-a-nova-divergencia\/","title":{"rendered":"Veto a celular em escolas deve ser votado hoje no Senado; saiba qual \u00e9 a nova diverg\u00eancia"},"content":{"rendered":"\n<p><strong>Grupo de pais a favor da desconex\u00e3o pede que texto reduza espa\u00e7o para brechas; relator do projeto na CCJ da C\u00e2mara diz que proposta considera realidade nacional e foi fruto de consenso<\/strong><\/p>\n\n\n\n<p>O projeto de lei que pro\u00edbe o uso de celular nas escolas do Pa\u00eds deve ser votado nesta quarta-feira, 18, no plen\u00e1rio do Senado. O texto foi aprovado na semana passada na Comiss\u00e3o de Constitui\u00e7\u00e3o e Justi\u00e7a da C\u00e2mara, ap\u00f3s acordos para acomodar trechos que viabilizassem o apoio de parte da oposi\u00e7\u00e3o.<\/p>\n\n\n\n<p>O projeto motivou cr\u00edticas por n\u00e3o abordar a necessidade de solu\u00e7\u00f5es para armazenamento dos aparelhos dos estudantes nas unidades escolares.&nbsp;<a href=\"https:\/\/www.estadao.com.br\/educacao\/lei-que-proibe-celular-em-escolas-publicas-e-particulares-de-sp-e-sancionada-veja-o-que-muda\/#:~:text=O%20governador%20Tarc%C3%ADsio%20de%20Freitas,o%20uso%20tamb%C3%A9m%20em%20intervalos.\" target=\"_blank\" rel=\"noreferrer noopener\"><strong>Norma recente aprovada pela Assembleia Legislativa de S\u00e3o Paulo (Alesp)<\/strong><\/a>&nbsp;e sancionada pelo governador Tarc\u00edsio de Freitas (Republicanos-SP) para restringir o uso de celulares prev\u00ea que as escolas criem solu\u00e7\u00f5es para o armazenamento dos dispositivos.<\/p>\n\n\n\n<figure class=\"wp-block-image\"><img decoding=\"async\" src=\"https:\/\/www.estadao.com.br\/resizer\/v2\/PUZWQ646LJCLFDZJUQUMUBZQWE.jpeg?quality=80&amp;auth=4a6bf1fa59af1c7036af60ee64590bdacb1d73e7ad3b3aaae8237ddce386d56f&amp;width=380\" alt=\"Proposta aprovada na C\u00e2mara permite que crian\u00e7as levem o celular para escola, mas sem utiliz\u00e1-lo fora de contexto pedag\u00f3gico\n\"\/><figcaption class=\"wp-element-caption\">Proposta aprovada na C\u00e2mara permite que crian\u00e7as levem o celular para escola, mas sem utiliz\u00e1-lo fora de contexto pedag\u00f3gico&nbsp;<em>Foto:&nbsp;LincB\/Adobe Stock<\/em><\/figcaption><\/figure>\n\n\n\n<p>O Movimento Desconecta, que re\u00fane pais de alunos a favor da proibi\u00e7\u00e3o, defende ser \u201cfundamental que os aparelhos estejam desligados e trancados fora da sala de aula e do alcance dos alunos ao longo do per\u00edodo escolar\u201d. Nesse sentido, pedem que o Senado inclua essa previs\u00e3o na lei.<\/p>\n\n\n\n<p>J\u00e1 o relator da proposta na CCJ da C\u00e2mara, deputado Renan Ferreirinha (PSD-RJ), defendeu o texto aprovado e afirmou que a reda\u00e7\u00e3o entregue pela Casa leva em conta a realidade do Pa\u00eds, que inclui escolas com diferentes contextos socioecon\u00f4micos. O deputado argumenta que cada escola deve ter autonomia para encontrar sa\u00eddas.<\/p>\n\n\n\n<p>\u201c\u00c0s vezes a gente subestima a capacidade da escola de tocar o seu dia a dia. Na cidade do Rio, que \u00e9 pioneira, o armazenamento na mochila funciona muito bem. N\u00e3o sou contra se uma escola tiver alguma forma de recolhimento, isso \u00e9 saud\u00e1vel e pode ajudar, mas isso parte da din\u00e2mica da comunidade escolar\u201d, diz o deputado.<\/p>\n\n\n\n<p>Ferreirinha \u00e9 secret\u00e1rio de Educa\u00e7\u00e3o do munic\u00edpio do Rio de Janeiro, que adotou a proibi\u00e7\u00e3o no in\u00edcio do ano. Ele est\u00e1 de licen\u00e7a do cargo no Executivo. Conforme dados da secretaria, as chances de um aluno de 9\u00b0 ano estar no n\u00edvel adequado de aprendizado de Matem\u00e1tica aumentam em 53% caso esteja em uma escola onde a proibi\u00e7\u00e3o foi efetiva.<\/p>\n\n\n\n<p>Na ter\u00e7a-feira, 17, o deputado entregou o texto da C\u00e2mara ao presidente do Senado, Rodrigo Pacheco (PSD-MG), ao lado do relator da proposta na casa, senador Alessandro Vieira (MDB). Ao&nbsp;<strong>Estad\u00e3o<\/strong>, o parlamentar afirmou que ainda est\u00e1 analisando o texto, mas inicialmente deve fazer apenas ajustes de reda\u00e7\u00e3o. Ele n\u00e3o detalhou, por\u00e9m, quais ser\u00e3o os ajustes.<\/p>\n\n\n\n<p>O texto foi aprovado na C\u00e2mara na semana passada ap\u00f3s articula\u00e7\u00f5es para garantir o apoio de deputados conservadores, que consideraram que a proposta poderia impedir, por exemplo, que estudantes gravassem professores em sala de aula. Na ocasi\u00e3o,&nbsp;<a href=\"https:\/\/www.estadao.com.br\/educacao\/pl-que-veta-celular-na-escola-e-aprovado-na-camara-mas-cria-racha-entre-conservadores-saiba-motivo\/?srsltid=AfmBOooEpihdCeil5_gOQ31REkzpMIe3sD0pIQzD4hDIQZ7IgukM5pQI\" target=\"_blank\" rel=\"noreferrer noopener\">o debate gerou racha entre conservadores a favor e contra a proposta.<\/a><\/p>\n\n\n\n<p>Para viabilizar a aprova\u00e7\u00e3o do projeto, o relator incluiu trecho que permite uso dos dispositivos para \u201cgarantia de direitos fundamentais\u201d. No final, o texto foi aprovado na Comiss\u00e3o de Constitui\u00e7\u00e3o e Justi\u00e7a (CCJ) por 45 votos a favor e 14 contr\u00e1rios.<\/p>\n\n\n\n<p>A inclus\u00e3o desse dispositivo \u00e9 criticada pelo movimento Desconecta, com o argumento de que os direitos \u201cj\u00e1 s\u00e3o garantidos pela Constitui\u00e7\u00e3o Federal e sua inclus\u00e3o teria o efeito de abrir ainda mais brechas e enfraquecer o banimento\u201d.<\/p>\n\n\n\n<p>O parlamentar pondera que ajustes foram necess\u00e1rios para tornar o texto poss\u00edvel:<\/p>\n\n\n\n<p>\u201cA gente est\u00e1 fazendo uma lei nacional, com mais de 500 parlamentares consensuados para poder chegar num texto que tenha efetividade no Pa\u00eds inteiro. A gente precisa entender que o Brasil \u00e9 muito diverso e passar uma mensagem clara para todo o Pa\u00eds de que, se n\u00e3o est\u00e1 sendo usado para um motivo pedag\u00f3gico, o celular atrapalha\u201d, afirma Ferreirinha.<\/p>\n\n\n\n<p>O que diz a lei aprovada na C\u00e2mara<\/p>\n\n\n\n<ul class=\"wp-block-list\">\n<li>Todos os alunos poder\u00e3o portar o celular, mas sem utiliz\u00e1-lo.<\/li>\n\n\n\n<li>Uso do celular proibido em todas as etapas da educa\u00e7\u00e3o b\u00e1sica (educa\u00e7\u00e3o infantil at\u00e9 o ensino m\u00e9dio) em sala de aula, no recreio e nos intervalos de aula;<\/li>\n\n\n\n<li>Uso permitido para fins pedag\u00f3gicos sob orienta\u00e7\u00e3o de educadores; para promover acessibilidade de alunos com defici\u00eancia; para garantia de direitos fundamentais.<\/li>\n\n\n\n<li>Uso permitido em situa\u00e7\u00f5es de estado de perigo, estado de necessidade, caso de for\u00e7a maior.<\/li>\n<\/ul>\n\n\n\n<h3 class=\"wp-block-heading\" id=\"o-que-diz-a-lei-paulista\">O que diz a lei paulista<\/h3>\n\n\n\n<ul class=\"wp-block-list\">\n<li>Pro\u00edbe os celulares nas escolas p\u00fablicas e privadas em toda a educa\u00e7\u00e3o b\u00e1sica;<\/li>\n\n\n\n<li>A proibi\u00e7\u00e3o se aplica a todo o per\u00edodo de perman\u00eancia dos alunos na escola, inclusive nos intervalos entre aulas, recreios e eventuais atividades extracurriculares;<\/li>\n\n\n\n<li>Escolas dever\u00e3o criar solu\u00e7\u00f5es de armazenamento desses aparelhos;<\/li>\n\n\n\n<li>Escolas devem ter canais acess\u00edveis para a comunica\u00e7\u00e3o entre pais, respons\u00e1veis e a institui\u00e7\u00e3o; de ensino<\/li>\n\n\n\n<li>Estudantes que optarem por levar seus celulares para as escolas dever\u00e3o deix\u00e1-los armazenados e assumem a responsabilidade por eventual extravio ou dano;<\/li>\n\n\n\n<li>Celular poder\u00e1 ser usado quando houver necessidade pedag\u00f3gica ou por alunos com defici\u00eancia que requerem aux\u00edlios tecnol\u00f3gicos espec\u00edficos<\/li>\n<\/ul>\n\n\n\n<p><strong>Por Estad\u00e3o<\/strong><\/p>\n\n\n\n<p><strong><br><\/strong><\/p>\n","protected":false},"excerpt":{"rendered":"<p>Grupo de pais a favor da desconex\u00e3o pede que texto reduza espa\u00e7o para brechas; relator do projeto na CCJ da C\u00e2mara diz que proposta considera realidade nacional e foi fruto&hellip;<\/p>\n","protected":false},"author":1,"featured_media":330322,"comment_status":"closed","ping_status":"open","sticky":false,"template":"","format":"standard","meta":{"footnotes":""},"categories":[40,57,42],"tags":[],"class_list":["post-330321","post","type-post","status-publish","format-standard","has-post-thumbnail","hentry","category-educacao","category-justica","category-ultimas"],"_links":{"self":[{"href":"https:\/\/blogfolhadocomercio.com.br\/wp\/wp-json\/wp\/v2\/posts\/330321","targetHints":{"allow":["GET"]}}],"collection":[{"href":"https:\/\/blogfolhadocomercio.com.br\/wp\/wp-json\/wp\/v2\/posts"}],"about":[{"href":"https:\/\/blogfolhadocomercio.com.br\/wp\/wp-json\/wp\/v2\/types\/post"}],"author":[{"embeddable":true,"href":"https:\/\/blogfolhadocomercio.com.br\/wp\/wp-json\/wp\/v2\/users\/1"}],"replies":[{"embeddable":true,"href":"https:\/\/blogfolhadocomercio.com.br\/wp\/wp-json\/wp\/v2\/comments?post=330321"}],"version-history":[{"count":1,"href":"https:\/\/blogfolhadocomercio.com.br\/wp\/wp-json\/wp\/v2\/posts\/330321\/revisions"}],"predecessor-version":[{"id":330323,"href":"https:\/\/blogfolhadocomercio.com.br\/wp\/wp-json\/wp\/v2\/posts\/330321\/revisions\/330323"}],"wp:featuredmedia":[{"embeddable":true,"href":"https:\/\/blogfolhadocomercio.com.br\/wp\/wp-json\/wp\/v2\/media\/330322"}],"wp:attachment":[{"href":"https:\/\/blogfolhadocomercio.com.br\/wp\/wp-json\/wp\/v2\/media?parent=330321"}],"wp:term":[{"taxonomy":"category","embeddable":true,"href":"https:\/\/blogfolhadocomercio.com.br\/wp\/wp-json\/wp\/v2\/categories?post=330321"},{"taxonomy":"post_tag","embeddable":true,"href":"https:\/\/blogfolhadocomercio.com.br\/wp\/wp-json\/wp\/v2\/tags?post=330321"}],"curies":[{"name":"wp","href":"https:\/\/api.w.org\/{rel}","templated":true}]}}