{"id":330262,"date":"2024-12-17T22:33:33","date_gmt":"2024-12-18T01:33:33","guid":{"rendered":"https:\/\/blogfolhadocomercio.com.br\/wp\/2024\/12\/17\/pacheco-nao-descarta-votar-orcamento-no-sabado-17-12-2024-brasilia-hoje\/"},"modified":"2024-12-17T22:33:40","modified_gmt":"2024-12-18T01:33:40","slug":"pacheco-nao-descarta-votar-orcamento-no-sabado-17-12-2024-brasilia-hoje","status":"publish","type":"post","link":"https:\/\/blogfolhadocomercio.com.br\/wp\/2024\/12\/17\/pacheco-nao-descarta-votar-orcamento-no-sabado-17-12-2024-brasilia-hoje\/","title":{"rendered":"Pacheco n\u00e3o descarta votar Or\u00e7amento no s\u00e1bado &#8211; 17\/12\/2024 &#8211; Bras\u00edlia Hoje"},"content":{"rendered":"<p> <br \/>\n<\/p>\n<div data-news-content-text=\"\" data-disable-copy=\"\" data-continue-reading=\"\" data-continue-reading-hide-others=\".js-continue-reading-hidden\" data-age-rating=\"all\" itemprop=\"articleBody\">\n<p>O presidente do <a href=\"https:\/\/www1.folha.uol.com.br\/folha-topicos\/senado\/\">Senado<\/a>, <a href=\"https:\/\/www1.folha.uol.com.br\/folha-topicos\/rodrigo-pacheco\/\">Rodrigo Pacheco<\/a> (<a href=\"https:\/\/www1.folha.uol.com.br\/folha-topicos\/psd\/\">PSD<\/a>-MG), afirmou nesta ter\u00e7a (17) que n\u00e3o descarta convocar uma sess\u00e3o do Congresso Nacional no s\u00e1bado (21), antev\u00e9spera do recesso parlamentar, para a vota\u00e7\u00e3o do Or\u00e7amento de 2025.<\/p>\n<p>&#8220;\u00c9 regimentalmente poss\u00edvel [votar o Or\u00e7amento s\u00e1bado]. Mas vamos tentar agilizar o m\u00e1ximo poss\u00edvel, obviamente permitindo que haja o amadurecimento devido&#8221;, disse \u00e0 imprensa ap\u00f3s a sess\u00e3o, ao ser perguntado sobre o calend\u00e1rio apertado.<\/p>\n<p>O Congresso corre contra o tempo para votar a LOA (Lei Or\u00e7ament\u00e1ria Anual), a LDO (Lei de Diretrizes Or\u00e7ament\u00e1rias) e tr\u00eas propostas relacionadas ao pacote de gastos (um projeto de lei, um projeto de lei complementar e uma proposta de emenda \u00e0 Constitui\u00e7\u00e3o).<\/p>\n<p>Uma sess\u00e3o do Congresso est\u00e1 convocada para quinta (19), mas o relator da LOA, senador \u00c2ngelo Coronel (PSD-BA), depende das defini\u00e7\u00f5es acerca do sal\u00e1rio m\u00ednimo que est\u00e3o no pacote de gastos para finalizar o parecer.<\/p>\n<p>J\u00e1 a <a href=\"https:\/\/www1.folha.uol.com.br\/mercado\/2024\/12\/ldo-e-aprovada-em-comissao-e-vai-ao-congresso-na-quarta-18.shtml\" rel=\"\" target=\"\">LDO foi aprovada pela CMO (Comiss\u00e3o Mista de Or\u00e7amento)<\/a> nesta ter\u00e7a e est\u00e1 na pauta da sess\u00e3o desta quarta (18) do Congresso. A expectativa \u00e9 de que a C\u00e2mara enfrente os outros projetos relacionados ao pacote tamb\u00e9m nesta quarta.<\/p>\n<\/p><\/div>\n<div>\n<p class=\"c-context__content\">\n    <strong>LINK PRESENTE:<\/strong> Gostou deste texto? Assinante pode liberar sete acessos gratuitos de qualquer link por dia. Basta clicar no F azul abaixo.\n  <\/p>\n<\/div>\n<p><br \/>\n<br \/><a href=\"https:\/\/redir.folha.com.br\/redir\/online\/poder\/rss091\/*https:\/\/www1.folha.uol.com.br\/blogs\/brasilia-hoje\/2024\/12\/pacheco-nao-descarta-votar-orcamento-no-sabado.shtml\">Fonte https:\/\/redir.folha.com.br\/redir\/online\/poder\/rss091\/*https:\/\/www1.folha.uol.com.br\/blogs\/brasilia-hoje\/2024\/12\/pacheco-nao-descarta-votar-orcamento-no-sabado.shtml<\/a><\/p>\n","protected":false},"excerpt":{"rendered":"<p>O presidente do Senado, Rodrigo Pacheco (PSD-MG), afirmou nesta ter\u00e7a (17) que n\u00e3o descarta convocar uma sess\u00e3o do Congresso Nacional no s\u00e1bado (21), antev\u00e9spera do recesso parlamentar, para a vota\u00e7\u00e3o&hellip;<\/p>\n","protected":false},"author":1,"featured_media":330263,"comment_status":"closed","ping_status":"open","sticky":false,"template":"","format":"standard","meta":{"footnotes":""},"categories":[42],"tags":[],"class_list":["post-330262","post","type-post","status-publish","format-standard","has-post-thumbnail","hentry","category-ultimas"],"_links":{"self":[{"href":"https:\/\/blogfolhadocomercio.com.br\/wp\/wp-json\/wp\/v2\/posts\/330262","targetHints":{"allow":["GET"]}}],"collection":[{"href":"https:\/\/blogfolhadocomercio.com.br\/wp\/wp-json\/wp\/v2\/posts"}],"about":[{"href":"https:\/\/blogfolhadocomercio.com.br\/wp\/wp-json\/wp\/v2\/types\/post"}],"author":[{"embeddable":true,"href":"https:\/\/blogfolhadocomercio.com.br\/wp\/wp-json\/wp\/v2\/users\/1"}],"replies":[{"embeddable":true,"href":"https:\/\/blogfolhadocomercio.com.br\/wp\/wp-json\/wp\/v2\/comments?post=330262"}],"version-history":[{"count":1,"href":"https:\/\/blogfolhadocomercio.com.br\/wp\/wp-json\/wp\/v2\/posts\/330262\/revisions"}],"predecessor-version":[{"id":330264,"href":"https:\/\/blogfolhadocomercio.com.br\/wp\/wp-json\/wp\/v2\/posts\/330262\/revisions\/330264"}],"wp:featuredmedia":[{"embeddable":true,"href":"https:\/\/blogfolhadocomercio.com.br\/wp\/wp-json\/wp\/v2\/media\/330263"}],"wp:attachment":[{"href":"https:\/\/blogfolhadocomercio.com.br\/wp\/wp-json\/wp\/v2\/media?parent=330262"}],"wp:term":[{"taxonomy":"category","embeddable":true,"href":"https:\/\/blogfolhadocomercio.com.br\/wp\/wp-json\/wp\/v2\/categories?post=330262"},{"taxonomy":"post_tag","embeddable":true,"href":"https:\/\/blogfolhadocomercio.com.br\/wp\/wp-json\/wp\/v2\/tags?post=330262"}],"curies":[{"name":"wp","href":"https:\/\/api.w.org\/{rel}","templated":true}]}}