{"id":329909,"date":"2024-12-13T15:35:04","date_gmt":"2024-12-13T18:35:04","guid":{"rendered":"https:\/\/blogfolhadocomercio.com.br\/wp\/?p=329909"},"modified":"2024-12-13T15:35:06","modified_gmt":"2024-12-13T18:35:06","slug":"guilherme-arantes-realiza-shows-em-goiania-e-cidade-de-goias-neste-final-de-semana","status":"publish","type":"post","link":"https:\/\/blogfolhadocomercio.com.br\/wp\/2024\/12\/13\/guilherme-arantes-realiza-shows-em-goiania-e-cidade-de-goias-neste-final-de-semana\/","title":{"rendered":"Guilherme Arantes realiza shows em Goi\u00e2nia e cidade de Goi\u00e1s neste final de semana"},"content":{"rendered":"\n<figure class=\"wp-block-image size-full\"><img loading=\"lazy\" decoding=\"async\" width=\"960\" height=\"640\" src=\"https:\/\/blogfolhadocomercio.com.br\/wp\/wp-content\/uploads\/2024\/12\/image-295.png\" alt=\"\" class=\"wp-image-329910\" srcset=\"https:\/\/blogfolhadocomercio.com.br\/wp\/wp-content\/uploads\/2024\/12\/image-295.png 960w, https:\/\/blogfolhadocomercio.com.br\/wp\/wp-content\/uploads\/2024\/12\/image-295-300x200.png 300w, https:\/\/blogfolhadocomercio.com.br\/wp\/wp-content\/uploads\/2024\/12\/image-295-768x512.png 768w, https:\/\/blogfolhadocomercio.com.br\/wp\/wp-content\/uploads\/2024\/12\/image-295-585x390.png 585w, https:\/\/blogfolhadocomercio.com.br\/wp\/wp-content\/uploads\/2024\/12\/image-295-263x175.png 263w\" sizes=\"auto, (max-width: 960px) 100vw, 960px\" \/><\/figure>\n\n\n\n<p>O cantor Guilherme Arantes se apresentar\u00e1 neste s\u00e1bado (14) no Teatro Goi\u00e2nia, na\u00a0<a href=\"https:\/\/www.instagram.com\/p\/DDck2UbJQw6\/\" target=\"_blank\" rel=\"noreferrer noopener\">capital<\/a>, e no domingo (15) no Teatro S\u00e3o Joaquim, na\u00a0<a href=\"https:\/\/www.instagram.com\/p\/DDdMA2JO-sY\/\" target=\"_blank\" rel=\"noreferrer noopener\">cidade de Goi\u00e1s<\/a>. Os\u00a0shows, promovidos pelo Sesc Goi\u00e1s, come\u00e7am \u00e0s 20h e incluem uma retrospectiva dos principais sucessos da carreira do m\u00fasico.<\/p>\n\n\n\n<p>Os ingressos ser\u00e3o obtidos mediante a entrega de alimentos n\u00e3o perec\u00edveis. Trabalhadores do com\u00e9rcio e dependentes com credencial Sesc atualizada devem doar 1kg de alimento, enquanto o p\u00fablico geral precisa doar 2kg. Em Goi\u00e2nia, as trocas s\u00e3o realizadas no Sesc Centro. Na cidade de Goi\u00e1s, os alimentos ser\u00e3o entregues na portaria do evento.<\/p>\n\n\n\n<p>O repert\u00f3rio inclui m\u00fasicas como Planeta \u00c1gua, Cheia de Charme, Deixa Chover e Lindo Bal\u00e3o Azul. Guilherme Arantes lan\u00e7ou recentemente o single O prazer de viver para mim \u00e9 voc\u00ea e trabalha em um novo \u00e1lbum com lan\u00e7amento previsto para 2025.<\/p>\n\n\n\n<p>Segundo Marcelo Baiocchi Carneiro, presidente do sistema Fecom\u00e9rcio, Sesc e Senac, \u201ccom certeza ser\u00e3o momentos memor\u00e1veis para todos\u201d. O diretor regional do Sesc Goi\u00e1s, Leopoldo Veiga Jardim, declarou que \u201cos shows ainda colocam em pr\u00e1tica o car\u00e1ter solid\u00e1rio do p\u00fablico que pode apreciar um \u00f3timo show e contribuir com a doa\u00e7\u00e3o de alimentos para o Sesc Mesa Brasil, que ser\u00e3o repassados \u00e0s fam\u00edlias carentes\u201d.<\/p>\n\n\n\n<p><strong>ANOTA A\u00cd<br>Guilherme Arantes no Sesc Goi\u00e1s<br>Quando<\/strong>: Goi\u00e2nia \u2013 14 de dezembro, \u00e0s 20h, no Teatro Goi\u00e2nia \u2013 Rua 23, Centro.<br>Cidade de Goi\u00e1s \u2013 domingo, 15 de dezembro, \u00e0s 20h, no Teatro S\u00e3o Joaquim \u2013 Rua 15 de Novembro, Centro Hist\u00f3rico.<br><strong>Entrada Solid\u00e1ria<\/strong>: Trabalhadores do com\u00e9rcio e dependentes com credencial Sesc atualizada: 1 kg de alimento n\u00e3o perec\u00edvel.<br><strong>P\u00fablico em geral<\/strong>: 2 kg de alimento n\u00e3o perec\u00edvel.<br><strong>Troca de ingressos<\/strong>: Goi\u00e2nia: Sesc Centro (Rua 15, Setor Central).<br>Cidade de Goi\u00e1s: Portaria do evento.<\/p>\n\n\n\n<p><strong>Por Mais Goi\u00e1s<\/strong><\/p>\n","protected":false},"excerpt":{"rendered":"<p>O cantor Guilherme Arantes se apresentar\u00e1 neste s\u00e1bado (14) no Teatro Goi\u00e2nia, na\u00a0capital, e no domingo (15) no Teatro S\u00e3o Joaquim, na\u00a0cidade de Goi\u00e1s. Os\u00a0shows, promovidos pelo Sesc Goi\u00e1s, come\u00e7am&hellip;<\/p>\n","protected":false},"author":1,"featured_media":329910,"comment_status":"closed","ping_status":"open","sticky":false,"template":"","format":"standard","meta":{"footnotes":""},"categories":[1,41,42],"tags":[],"class_list":["post-329909","post","type-post","status-publish","format-standard","has-post-thumbnail","hentry","category-cidades","category-lazer","category-ultimas"],"_links":{"self":[{"href":"https:\/\/blogfolhadocomercio.com.br\/wp\/wp-json\/wp\/v2\/posts\/329909","targetHints":{"allow":["GET"]}}],"collection":[{"href":"https:\/\/blogfolhadocomercio.com.br\/wp\/wp-json\/wp\/v2\/posts"}],"about":[{"href":"https:\/\/blogfolhadocomercio.com.br\/wp\/wp-json\/wp\/v2\/types\/post"}],"author":[{"embeddable":true,"href":"https:\/\/blogfolhadocomercio.com.br\/wp\/wp-json\/wp\/v2\/users\/1"}],"replies":[{"embeddable":true,"href":"https:\/\/blogfolhadocomercio.com.br\/wp\/wp-json\/wp\/v2\/comments?post=329909"}],"version-history":[{"count":1,"href":"https:\/\/blogfolhadocomercio.com.br\/wp\/wp-json\/wp\/v2\/posts\/329909\/revisions"}],"predecessor-version":[{"id":329911,"href":"https:\/\/blogfolhadocomercio.com.br\/wp\/wp-json\/wp\/v2\/posts\/329909\/revisions\/329911"}],"wp:featuredmedia":[{"embeddable":true,"href":"https:\/\/blogfolhadocomercio.com.br\/wp\/wp-json\/wp\/v2\/media\/329910"}],"wp:attachment":[{"href":"https:\/\/blogfolhadocomercio.com.br\/wp\/wp-json\/wp\/v2\/media?parent=329909"}],"wp:term":[{"taxonomy":"category","embeddable":true,"href":"https:\/\/blogfolhadocomercio.com.br\/wp\/wp-json\/wp\/v2\/categories?post=329909"},{"taxonomy":"post_tag","embeddable":true,"href":"https:\/\/blogfolhadocomercio.com.br\/wp\/wp-json\/wp\/v2\/tags?post=329909"}],"curies":[{"name":"wp","href":"https:\/\/api.w.org\/{rel}","templated":true}]}}