{"id":329636,"date":"2024-12-11T15:02:09","date_gmt":"2024-12-11T18:02:09","guid":{"rendered":"https:\/\/blogfolhadocomercio.com.br\/wp\/?p=329636"},"modified":"2024-12-11T15:02:11","modified_gmt":"2024-12-11T18:02:11","slug":"mabel-vai-confirmar-luiz-pellizzer-como-secretario-de-saude-de-goiania","status":"publish","type":"post","link":"https:\/\/blogfolhadocomercio.com.br\/wp\/2024\/12\/11\/mabel-vai-confirmar-luiz-pellizzer-como-secretario-de-saude-de-goiania\/","title":{"rendered":"Mabel vai confirmar Luiz Pellizzer como secret\u00e1rio de Sa\u00fade de Goi\u00e2nia"},"content":{"rendered":"\n<p>Mabel confirmar\u00e1 o nome durante uma reuni\u00e3o da equipe de transi\u00e7\u00e3o, prevista para \u00e0s 10h da manh\u00e3 desta quarta<br><\/p>\n\n\n\n<figure class=\"wp-block-image size-full\"><img loading=\"lazy\" decoding=\"async\" width=\"960\" height=\"640\" src=\"https:\/\/blogfolhadocomercio.com.br\/wp\/wp-content\/uploads\/2024\/12\/image-212.png\" alt=\"\" class=\"wp-image-329637\" srcset=\"https:\/\/blogfolhadocomercio.com.br\/wp\/wp-content\/uploads\/2024\/12\/image-212.png 960w, https:\/\/blogfolhadocomercio.com.br\/wp\/wp-content\/uploads\/2024\/12\/image-212-300x200.png 300w, https:\/\/blogfolhadocomercio.com.br\/wp\/wp-content\/uploads\/2024\/12\/image-212-768x512.png 768w, https:\/\/blogfolhadocomercio.com.br\/wp\/wp-content\/uploads\/2024\/12\/image-212-585x390.png 585w, https:\/\/blogfolhadocomercio.com.br\/wp\/wp-content\/uploads\/2024\/12\/image-212-263x175.png 263w\" sizes=\"auto, (max-width: 960px) 100vw, 960px\" \/><\/figure>\n\n\n\n<p>O prefeito eleito de Goi\u00e2nia, Sandro Mabel (UB), vai anunciar nesta quarta-feira (11\/12) o nome do m\u00e9dico Luiz Gaspar Pellizzer como novo secret\u00e1rio de Sa\u00fade. Ele \u00e9 o segundo titular da&nbsp;<strong><a href=\"https:\/\/www.goiania.go.gov.br\/\">Prefeitura&nbsp;<\/a><\/strong>da capital que auxiliar\u00e1 a pr\u00f3xima gest\u00e3o da cidade. Antes disso, o futuro chefe do Executivo Municipal j\u00e1 havia antecipado o nome do economista Valdivino de Oliveira como secret\u00e1rio da Fazenda.<\/p>\n\n\n\n<p>Mabel confirmar\u00e1 o nome durante uma reuni\u00e3o da equipe de transi\u00e7\u00e3o, prevista para \u00e0s 10h da manh\u00e3 desta quarta. Luiz Gaspar Pellizer j\u00e1 era o principal cotado para assumir como secret\u00e1rio de Sa\u00fade de Goi\u00e2nia por liderar os trabalhos de transi\u00e7\u00e3o do grupo setorial da sa\u00fade.<\/p>\n\n\n\n<p>Luiz Gaspar \u00e9 um nome t\u00e9cnico e Mabel j\u00e1 destacou que a Sa\u00fade n\u00e3o ter\u00e1 \u201cinterfer\u00eancia pol\u00edtica\u201d. Pellizzer atua no SUS e coordena a Unidade de Pronto Atendimento (UPA) Flamboyant h\u00e1 mais de seis anos, al\u00e9m de ser docente e especialista em gest\u00e3o de Sa\u00fade. O m\u00e9dico tamb\u00e9m est\u00e1 no decreto de interven\u00e7\u00e3o publicado pelo governador Ronaldo Caiado (UB) e vai acompanhar o intervencionista M\u00e1rcio de Paula Leite nos trabalhos at\u00e9 que possa assumir o cargo.<\/p>\n\n\n\n<p>Mabel pretende intensificar o ritmo dos an\u00fancios a partir de agora. Na pr\u00f3xima sexta-feira (13), o prefeito eleito promete anunciar os\u00a0<strong>nomes\u00a0<\/strong>que v\u00e3o ocupar a Casa Civil, a Procuradoria-Geral do Munic\u00edpio e a Controladoria da Prefeitura de Goi\u00e2nia. \u201cNa pr\u00f3xima semana, anunciaremos o restante do primeiro escal\u00e3o\u201d, destacou.<\/p>\n\n\n\n<p><strong>Por Mais Goi\u00e1s<\/strong><\/p>\n","protected":false},"excerpt":{"rendered":"<p>Mabel confirmar\u00e1 o nome durante uma reuni\u00e3o da equipe de transi\u00e7\u00e3o, prevista para \u00e0s 10h da manh\u00e3 desta quarta O prefeito eleito de Goi\u00e2nia, Sandro Mabel (UB), vai anunciar nesta&hellip;<\/p>\n","protected":false},"author":1,"featured_media":329637,"comment_status":"closed","ping_status":"open","sticky":false,"template":"","format":"standard","meta":{"footnotes":""},"categories":[1,35,39,42],"tags":[],"class_list":["post-329636","post","type-post","status-publish","format-standard","has-post-thumbnail","hentry","category-cidades","category-politica","category-saude","category-ultimas"],"_links":{"self":[{"href":"https:\/\/blogfolhadocomercio.com.br\/wp\/wp-json\/wp\/v2\/posts\/329636","targetHints":{"allow":["GET"]}}],"collection":[{"href":"https:\/\/blogfolhadocomercio.com.br\/wp\/wp-json\/wp\/v2\/posts"}],"about":[{"href":"https:\/\/blogfolhadocomercio.com.br\/wp\/wp-json\/wp\/v2\/types\/post"}],"author":[{"embeddable":true,"href":"https:\/\/blogfolhadocomercio.com.br\/wp\/wp-json\/wp\/v2\/users\/1"}],"replies":[{"embeddable":true,"href":"https:\/\/blogfolhadocomercio.com.br\/wp\/wp-json\/wp\/v2\/comments?post=329636"}],"version-history":[{"count":1,"href":"https:\/\/blogfolhadocomercio.com.br\/wp\/wp-json\/wp\/v2\/posts\/329636\/revisions"}],"predecessor-version":[{"id":329638,"href":"https:\/\/blogfolhadocomercio.com.br\/wp\/wp-json\/wp\/v2\/posts\/329636\/revisions\/329638"}],"wp:featuredmedia":[{"embeddable":true,"href":"https:\/\/blogfolhadocomercio.com.br\/wp\/wp-json\/wp\/v2\/media\/329637"}],"wp:attachment":[{"href":"https:\/\/blogfolhadocomercio.com.br\/wp\/wp-json\/wp\/v2\/media?parent=329636"}],"wp:term":[{"taxonomy":"category","embeddable":true,"href":"https:\/\/blogfolhadocomercio.com.br\/wp\/wp-json\/wp\/v2\/categories?post=329636"},{"taxonomy":"post_tag","embeddable":true,"href":"https:\/\/blogfolhadocomercio.com.br\/wp\/wp-json\/wp\/v2\/tags?post=329636"}],"curies":[{"name":"wp","href":"https:\/\/api.w.org\/{rel}","templated":true}]}}