{"id":329527,"date":"2024-12-11T13:49:31","date_gmt":"2024-12-11T16:49:31","guid":{"rendered":"https:\/\/blogfolhadocomercio.com.br\/wp\/?p=329527"},"modified":"2024-12-11T13:49:33","modified_gmt":"2024-12-11T16:49:33","slug":"fifa-oficializa-arabia-saudita-como-sede-da-copa-do-mundo-de-2034","status":"publish","type":"post","link":"https:\/\/blogfolhadocomercio.com.br\/wp\/2024\/12\/11\/fifa-oficializa-arabia-saudita-como-sede-da-copa-do-mundo-de-2034\/","title":{"rendered":"Fifa oficializa Ar\u00e1bia Saudita como sede da Copa do Mundo de 2034"},"content":{"rendered":"\n<p><strong>Ap\u00f3s reuni\u00e3o nesta quarta-feira, pa\u00eds do Oriente M\u00e9dio \u00e9 aclamado pela entidade m\u00e1xima do futebol e vai receber principal torneio de sele\u00e7\u00f5es<\/strong><\/p>\n\n\n\n<p>A\u00a0<a href=\"https:\/\/www.estadao.com.br\/tudo-sobre\/fifa-federacao-internacional-de-futebol\" target=\"_blank\" rel=\"noreferrer noopener\"><strong>Fifa\u00a0<\/strong><\/a>oficializou nesta quarta-feira, 11, a\u00a0<a href=\"https:\/\/www.estadao.com.br\/tudo-sobre\/arabia-saudita-asia\/?srsltid=AfmBOorVYbPE7Ztsv0LkpV93g-3YyFXIO5zYoru4OOAbNXIHJTRvIIfi\" target=\"_blank\" rel=\"noreferrer noopener\"><strong>Ar\u00e1bia Saudita<\/strong><\/a>\u00a0como sede da\u00a0<strong>Copa do Mundo de 2034<\/strong>. A escolha pelo reino \u00e1rabe estava praticamente definida desde o ano passado, quando Austr\u00e1lia e Indon\u00e9sia n\u00e3o formalizarem a proposta de realizar o evento de maneira conjunta. Depois do Mundial do Catar, em 2022, esta ser\u00e1 a segunda edi\u00e7\u00e3o no Oriente M\u00e9dio, e a terceira na \u00c1sia. Anteriormente, Coreia do Sul e Jap\u00e3o sediaram o principal torneio de sele\u00e7\u00f5es em 2002, quando o Brasil conquistou o Penta.<\/p>\n\n\n\n<p>Sediar a Copa do Mundo faz parte do&nbsp;<strong>Saudi Vision 2030<\/strong>, um megaprojeto da Ar\u00e1bia Saudita que combina entretenimento e turismo com o intuito de diversificar a economia do pa\u00eds, com vasta riqueza em combust\u00edveis f\u00f3sseis. A aclama\u00e7\u00e3o \u00e9 considerada uma grande vit\u00f3ria do governo, que h\u00e1 pelo menos dois anos se dedica a investir o dinheiro do petr\u00f3leo para se tornar uma pot\u00eancia esportiva.<\/p>\n\n\n\n<p>A principal commodity do pa\u00eds \u00e1rabe serve de combust\u00edvel para projeto de fortalecimento do futebol local para melhorar a imagem da na\u00e7\u00e3o junto \u00e0 comunidade internacional, pr\u00e1tica conhecida como&nbsp;<em>sportwashing<\/em>. A candidatura da Ar\u00e1bia Saudita foi alvo de cr\u00edticas pelo fato de o pa\u00eds ter um hist\u00f3rico de den\u00fancias de viola\u00e7\u00f5es aos direitos humanos. Uma das preocupa\u00e7\u00f5es \u00e9 o aumento de casos de abuso no setor da constru\u00e7\u00e3o civil.<\/p>\n\n\n\n<figure class=\"wp-block-image\"><img decoding=\"async\" src=\"https:\/\/www.estadao.com.br\/resizer\/v2\/JD42EV25G5F57LITWHHVLHJHPE.jpg?quality=80&amp;auth=935ed32767e3b630efcc88ec212bc3dbb00d0150d705d98d3d485dcb96d67d63&amp;width=380\" alt=\"Edi\u00e7\u00e3o de 2034 da Copa do Mundo ser\u00e1 realizada na Ar\u00e1bia Saudita. \"\/><figcaption class=\"wp-element-caption\">Edi\u00e7\u00e3o de 2034 da Copa do Mundo ser\u00e1 realizada na Ar\u00e1bia Saudita.&nbsp;<em>Foto:&nbsp;Martin Meissner\/AP<\/em><\/figcaption><\/figure>\n\n\n\n<p>Em 2022, o Fundo de Investimento P\u00fablico (PIF) da Ar\u00e1bia Saudita, administrado pelo pr\u00edncipe herdeiro Mohammed bin Salman, adquiriu 80% das a\u00e7\u00f5es do ingl\u00eas Newcastle, da Inglaterra, por 300 milh\u00f5es de libras (cerca de R$ 2,2 bilh\u00f5es) e, mais recentemente, comprou os quatro principais clubes do pa\u00eds: Al-Nassr, Al-Ittihad, Al-Hilal e Al-Ahly. Depois de seduzir astros do futebol mundial, como\u00a0<strong>Cristiano Ronaldo, Neymar\u00a0<\/strong>e\u00a0<strong>Benzema<\/strong>, a cereja do bolo foi a oportunidade de realizar uma Copa do Mundo.<\/p>\n\n\n\n<p>Assim como na Copa do Catar, existe a expectativa de o torneio ser realizado entre os meses de novembro e dezembro, per\u00edodo em que o forte calor da regi\u00e3o arrefece. Segundo o documento oficial enviado \u00e0 Fifa, a temperatura m\u00e9dia em Riad no m\u00eas de julho, calend\u00e1rio tradicional do Mundial, \u00e9 de 38 graus. Em dias de sol forte, os term\u00f4metros podem passar dos 45 graus. Em dezembro, a m\u00e9dia dos marcadores cai para 17 graus. Cabe lembrar que os est\u00e1dios no Catar contaram com esquema de climatiza\u00e7\u00e3o mesmo com a competi\u00e7\u00e3o sendo realizada no fim do ano.<\/p>\n\n\n\n<p>Ao todo, 15 est\u00e1dios v\u00e3o receber partidas da Copa. Oito ser\u00e3o constru\u00eddos do zero, mesmo n\u00famero de arenas que a capital&nbsp;<strong>Riad&nbsp;<\/strong>vai ter durante a competi\u00e7\u00e3o.&nbsp;<strong>Jeddah&nbsp;<\/strong>ter\u00e1 quatro, enquanto&nbsp;<strong>Neom, Abha&nbsp;<\/strong>e<strong>&nbsp;Al-Khobar<\/strong>, um cada. A expectativa \u00e9 de que todos os palcos do Mundial sejam entregues at\u00e9 2032. O projeto mais audacioso \u00e9 o do Est\u00e1dio Internacional Rei Salman, tamb\u00e9m em Riad, com capacidade para 92 mil pessoas. O local ser\u00e1 palco do jogo de abertura e da final, al\u00e9m de se tornar a casa oficial da sele\u00e7\u00e3o saudita ap\u00f3s o Mundial.<\/p>\n\n\n\n<p>Outro projeto que se destaca pela grandeza \u00e9 a Arena Pr\u00edncipe Mohammed bin Salman, projeto de arena futurista que visa \u201creinventar o conceito tradicional de est\u00e1dio\u201d. Localizado no topo de uma montanha de 200 metros em Qiddiya, a 35 quil\u00f4metros de Riad, o local ter\u00e1 capacidade para para 47 mil pessoas, al\u00e9m de teto e gramado retr\u00e1teis, permitindo a funcionalidade para diferentes eventos. Ele ser\u00e1 coberto por pain\u00e9is de LED, al\u00e9m de contar com um sistema de capta\u00e7\u00e3o de \u00e1gua da chuva que resfria o ar-condicionado e funcionalidades multiuso.<\/p>\n\n\n\n<p><strong>Por Estad\u00e3o<\/strong><\/p>\n\n\n\n<p><strong><br><\/strong><\/p>\n","protected":false},"excerpt":{"rendered":"<p>Ap\u00f3s reuni\u00e3o nesta quarta-feira, pa\u00eds do Oriente M\u00e9dio \u00e9 aclamado pela entidade m\u00e1xima do futebol e vai receber principal torneio de sele\u00e7\u00f5es A\u00a0Fifa\u00a0oficializou nesta quarta-feira, 11, a\u00a0Ar\u00e1bia Saudita\u00a0como sede da\u00a0Copa&hellip;<\/p>\n","protected":false},"author":1,"featured_media":329528,"comment_status":"closed","ping_status":"open","sticky":false,"template":"","format":"standard","meta":{"footnotes":""},"categories":[36,42],"tags":[],"class_list":["post-329527","post","type-post","status-publish","format-standard","has-post-thumbnail","hentry","category-esporte","category-ultimas"],"_links":{"self":[{"href":"https:\/\/blogfolhadocomercio.com.br\/wp\/wp-json\/wp\/v2\/posts\/329527","targetHints":{"allow":["GET"]}}],"collection":[{"href":"https:\/\/blogfolhadocomercio.com.br\/wp\/wp-json\/wp\/v2\/posts"}],"about":[{"href":"https:\/\/blogfolhadocomercio.com.br\/wp\/wp-json\/wp\/v2\/types\/post"}],"author":[{"embeddable":true,"href":"https:\/\/blogfolhadocomercio.com.br\/wp\/wp-json\/wp\/v2\/users\/1"}],"replies":[{"embeddable":true,"href":"https:\/\/blogfolhadocomercio.com.br\/wp\/wp-json\/wp\/v2\/comments?post=329527"}],"version-history":[{"count":1,"href":"https:\/\/blogfolhadocomercio.com.br\/wp\/wp-json\/wp\/v2\/posts\/329527\/revisions"}],"predecessor-version":[{"id":329529,"href":"https:\/\/blogfolhadocomercio.com.br\/wp\/wp-json\/wp\/v2\/posts\/329527\/revisions\/329529"}],"wp:featuredmedia":[{"embeddable":true,"href":"https:\/\/blogfolhadocomercio.com.br\/wp\/wp-json\/wp\/v2\/media\/329528"}],"wp:attachment":[{"href":"https:\/\/blogfolhadocomercio.com.br\/wp\/wp-json\/wp\/v2\/media?parent=329527"}],"wp:term":[{"taxonomy":"category","embeddable":true,"href":"https:\/\/blogfolhadocomercio.com.br\/wp\/wp-json\/wp\/v2\/categories?post=329527"},{"taxonomy":"post_tag","embeddable":true,"href":"https:\/\/blogfolhadocomercio.com.br\/wp\/wp-json\/wp\/v2\/tags?post=329527"}],"curies":[{"name":"wp","href":"https:\/\/api.w.org\/{rel}","templated":true}]}}