{"id":329357,"date":"2024-12-09T17:19:41","date_gmt":"2024-12-09T20:19:41","guid":{"rendered":"https:\/\/blogfolhadocomercio.com.br\/wp\/?p=329357"},"modified":"2024-12-09T17:19:43","modified_gmt":"2024-12-09T20:19:43","slug":"idoso-e-morto-a-pauladas-por-ladrao-de-residencia-em-goiania","status":"publish","type":"post","link":"https:\/\/blogfolhadocomercio.com.br\/wp\/2024\/12\/09\/idoso-e-morto-a-pauladas-por-ladrao-de-residencia-em-goiania\/","title":{"rendered":"Idoso \u00e9 morto a pauladas por ladr\u00e3o de resid\u00eancia em Goi\u00e2nia"},"content":{"rendered":"\n<p>Policiais usaram helic\u00f3ptero nas buscas pelo assassino, que foi preso no Jardim Am\u00e9rica<\/p>\n\n\n\n<figure class=\"wp-block-image size-full\"><img loading=\"lazy\" decoding=\"async\" width=\"960\" height=\"640\" src=\"https:\/\/blogfolhadocomercio.com.br\/wp\/wp-content\/uploads\/2024\/12\/image-145.png\" alt=\"\" class=\"wp-image-329358\" srcset=\"https:\/\/blogfolhadocomercio.com.br\/wp\/wp-content\/uploads\/2024\/12\/image-145.png 960w, https:\/\/blogfolhadocomercio.com.br\/wp\/wp-content\/uploads\/2024\/12\/image-145-300x200.png 300w, https:\/\/blogfolhadocomercio.com.br\/wp\/wp-content\/uploads\/2024\/12\/image-145-768x512.png 768w, https:\/\/blogfolhadocomercio.com.br\/wp\/wp-content\/uploads\/2024\/12\/image-145-585x390.png 585w, https:\/\/blogfolhadocomercio.com.br\/wp\/wp-content\/uploads\/2024\/12\/image-145-263x175.png 263w\" sizes=\"auto, (max-width: 960px) 100vw, 960px\" \/><\/figure>\n\n\n\n<p>Um idoso de 80 anos foi morto com pauladas na cabe\u00e7a na tarde de domingo (8\/12), no Jardim Am\u00e9rica, em Goi\u00e2nia. Um dos filhos da v\u00edtima flagrou o assassino, que conseguiu fugir ap\u00f3s amea\u00e7\u00e1-lo com uma faca.<\/p>\n\n\n\n<p>Jos\u00e9 Alves de Oliveira foi apresentava hematomas na cabe\u00e7a. Para os policiais que atenderam a ocorr\u00eancia, o filho do idoso contou que, quando flagrado, o suspeito, deixou um televisor no ch\u00e3o e saiu correndo.<\/p>\n\n\n\n<p>Policiais militares usaram at\u00e9 o helic\u00f3ptero da corpora\u00e7\u00e3o nas buscas pelo assassino. Poucas horas depois, um suspeito foi preso, em uma pra\u00e7a do Jardim Am\u00e9rica.<\/p>\n\n\n\n<p>Ap\u00f3s ser reconhecido pelo filho da v\u00edtima, o homem, que vive em situa\u00e7\u00e3o de rua, foi encaminhado para a Central Geral de Flagrantes (CGF) de Goi\u00e2nia. A identidade dele n\u00e3o foi revelada.<\/p>\n\n\n\n<p>A&nbsp;<a href=\"https:\/\/www.policiacivil.go.gov.br\/\" target=\"_blank\" rel=\"noreferrer noopener\">Pol\u00edcia Civil<\/a>&nbsp;suspeita que o assassino j\u00e1 conhecia a v\u00edtima, que alugava algumas quitinetes. O caso foi registrado como latroc\u00ednio (roubo seguido de morte).<\/p>\n\n\n\n<p><strong>Por Mais Goi\u00e1s<\/strong><\/p>\n","protected":false},"excerpt":{"rendered":"<p>Policiais usaram helic\u00f3ptero nas buscas pelo assassino, que foi preso no Jardim Am\u00e9rica Um idoso de 80 anos foi morto com pauladas na cabe\u00e7a na tarde de domingo (8\/12), no&hellip;<\/p>\n","protected":false},"author":1,"featured_media":329358,"comment_status":"closed","ping_status":"open","sticky":false,"template":"","format":"standard","meta":{"footnotes":""},"categories":[1,54,42],"tags":[],"class_list":["post-329357","post","type-post","status-publish","format-standard","has-post-thumbnail","hentry","category-cidades","category-crime","category-ultimas"],"_links":{"self":[{"href":"https:\/\/blogfolhadocomercio.com.br\/wp\/wp-json\/wp\/v2\/posts\/329357","targetHints":{"allow":["GET"]}}],"collection":[{"href":"https:\/\/blogfolhadocomercio.com.br\/wp\/wp-json\/wp\/v2\/posts"}],"about":[{"href":"https:\/\/blogfolhadocomercio.com.br\/wp\/wp-json\/wp\/v2\/types\/post"}],"author":[{"embeddable":true,"href":"https:\/\/blogfolhadocomercio.com.br\/wp\/wp-json\/wp\/v2\/users\/1"}],"replies":[{"embeddable":true,"href":"https:\/\/blogfolhadocomercio.com.br\/wp\/wp-json\/wp\/v2\/comments?post=329357"}],"version-history":[{"count":1,"href":"https:\/\/blogfolhadocomercio.com.br\/wp\/wp-json\/wp\/v2\/posts\/329357\/revisions"}],"predecessor-version":[{"id":329359,"href":"https:\/\/blogfolhadocomercio.com.br\/wp\/wp-json\/wp\/v2\/posts\/329357\/revisions\/329359"}],"wp:featuredmedia":[{"embeddable":true,"href":"https:\/\/blogfolhadocomercio.com.br\/wp\/wp-json\/wp\/v2\/media\/329358"}],"wp:attachment":[{"href":"https:\/\/blogfolhadocomercio.com.br\/wp\/wp-json\/wp\/v2\/media?parent=329357"}],"wp:term":[{"taxonomy":"category","embeddable":true,"href":"https:\/\/blogfolhadocomercio.com.br\/wp\/wp-json\/wp\/v2\/categories?post=329357"},{"taxonomy":"post_tag","embeddable":true,"href":"https:\/\/blogfolhadocomercio.com.br\/wp\/wp-json\/wp\/v2\/tags?post=329357"}],"curies":[{"name":"wp","href":"https:\/\/api.w.org\/{rel}","templated":true}]}}