{"id":329321,"date":"2024-12-09T16:51:18","date_gmt":"2024-12-09T19:51:18","guid":{"rendered":"https:\/\/blogfolhadocomercio.com.br\/wp\/?p=329321"},"modified":"2024-12-09T16:51:21","modified_gmt":"2024-12-09T19:51:21","slug":"go-garota-de-programa-e-presa-suspeita-de-matar-colega-de-profissao-apos-furto-de-celular","status":"publish","type":"post","link":"https:\/\/blogfolhadocomercio.com.br\/wp\/2024\/12\/09\/go-garota-de-programa-e-presa-suspeita-de-matar-colega-de-profissao-apos-furto-de-celular\/","title":{"rendered":"GO: Garota de programa \u00e9 presa suspeita de matar colega de profiss\u00e3o ap\u00f3s furto de celular"},"content":{"rendered":"\n<figure class=\"wp-block-image size-full\"><img loading=\"lazy\" decoding=\"async\" width=\"960\" height=\"640\" src=\"https:\/\/blogfolhadocomercio.com.br\/wp\/wp-content\/uploads\/2024\/12\/image-133.png\" alt=\"\" class=\"wp-image-329322\" srcset=\"https:\/\/blogfolhadocomercio.com.br\/wp\/wp-content\/uploads\/2024\/12\/image-133.png 960w, https:\/\/blogfolhadocomercio.com.br\/wp\/wp-content\/uploads\/2024\/12\/image-133-300x200.png 300w, https:\/\/blogfolhadocomercio.com.br\/wp\/wp-content\/uploads\/2024\/12\/image-133-768x512.png 768w, https:\/\/blogfolhadocomercio.com.br\/wp\/wp-content\/uploads\/2024\/12\/image-133-585x390.png 585w, https:\/\/blogfolhadocomercio.com.br\/wp\/wp-content\/uploads\/2024\/12\/image-133-263x175.png 263w\" sizes=\"auto, (max-width: 960px) 100vw, 960px\" \/><\/figure>\n\n\n\n<p>Uma garota de programa, que n\u00e3o teve o nome divulgado, foi presa suspeita de matar uma colega de profiss\u00e3o a facadas, em&nbsp;<strong><a href=\"https:\/\/www.maisgoias.com.br\/aparecida-de-goiania\/\">Aparecida de Goi\u00e2nia<\/a><\/strong>. O crime aconteceu no domingo (8\/12), ap\u00f3s o furto de um aparelho celular de um cliente. A&nbsp;<strong><a href=\"https:\/\/www.policiacivil.go.gov.br\/\">Pol\u00edcia Civil<\/a><\/strong>&nbsp;investigar\u00e1 o caso.<\/p>\n\n\n\n<p>O corpo de Regilda da Silva, de 48 anos, foi localizado com 10 perfura\u00e7\u00f5es de faca no banheiro da casa de encontros onde a v\u00edtima e a suspeita trabalhavam, no Setor Parque Real. No mesmo local, militares do 41\u00b0 BPM prenderam uma garota de programa, de 22 anos, que confessou o homic\u00eddio.<\/p>\n\n\n\n<p>Em depoimento, a suspeita alegou que primeiro deu uma facada no peito de Regilda, enquanto ela estava no banheiro, e depois desferiu outros golpes nas costas.<\/p>\n\n\n\n<p>A mulher contou que a discuss\u00e3o que evoluiu para o assassinato come\u00e7ou ap\u00f3s o furto do celular de um cliente que passou a noite no local. Esta vers\u00e3o ainda n\u00e3o foi confirmada pela Pol\u00edcia Civil, que comecar\u00e1 a investigar o caso nesta segunda-feira.<\/p>\n\n\n\n<p><strong>Por Mais Goi\u00e1s<\/strong><\/p>\n","protected":false},"excerpt":{"rendered":"<p>Uma garota de programa, que n\u00e3o teve o nome divulgado, foi presa suspeita de matar uma colega de profiss\u00e3o a facadas, em&nbsp;Aparecida de Goi\u00e2nia. O crime aconteceu no domingo (8\/12),&hellip;<\/p>\n","protected":false},"author":1,"featured_media":329322,"comment_status":"closed","ping_status":"open","sticky":false,"template":"","format":"standard","meta":{"footnotes":""},"categories":[1,54,42],"tags":[],"class_list":["post-329321","post","type-post","status-publish","format-standard","has-post-thumbnail","hentry","category-cidades","category-crime","category-ultimas"],"_links":{"self":[{"href":"https:\/\/blogfolhadocomercio.com.br\/wp\/wp-json\/wp\/v2\/posts\/329321","targetHints":{"allow":["GET"]}}],"collection":[{"href":"https:\/\/blogfolhadocomercio.com.br\/wp\/wp-json\/wp\/v2\/posts"}],"about":[{"href":"https:\/\/blogfolhadocomercio.com.br\/wp\/wp-json\/wp\/v2\/types\/post"}],"author":[{"embeddable":true,"href":"https:\/\/blogfolhadocomercio.com.br\/wp\/wp-json\/wp\/v2\/users\/1"}],"replies":[{"embeddable":true,"href":"https:\/\/blogfolhadocomercio.com.br\/wp\/wp-json\/wp\/v2\/comments?post=329321"}],"version-history":[{"count":1,"href":"https:\/\/blogfolhadocomercio.com.br\/wp\/wp-json\/wp\/v2\/posts\/329321\/revisions"}],"predecessor-version":[{"id":329323,"href":"https:\/\/blogfolhadocomercio.com.br\/wp\/wp-json\/wp\/v2\/posts\/329321\/revisions\/329323"}],"wp:featuredmedia":[{"embeddable":true,"href":"https:\/\/blogfolhadocomercio.com.br\/wp\/wp-json\/wp\/v2\/media\/329322"}],"wp:attachment":[{"href":"https:\/\/blogfolhadocomercio.com.br\/wp\/wp-json\/wp\/v2\/media?parent=329321"}],"wp:term":[{"taxonomy":"category","embeddable":true,"href":"https:\/\/blogfolhadocomercio.com.br\/wp\/wp-json\/wp\/v2\/categories?post=329321"},{"taxonomy":"post_tag","embeddable":true,"href":"https:\/\/blogfolhadocomercio.com.br\/wp\/wp-json\/wp\/v2\/tags?post=329321"}],"curies":[{"name":"wp","href":"https:\/\/api.w.org\/{rel}","templated":true}]}}