{"id":329133,"date":"2024-12-04T20:44:00","date_gmt":"2024-12-04T23:44:00","guid":{"rendered":"https:\/\/blogfolhadocomercio.com.br\/wp\/?p=329133"},"modified":"2024-12-04T20:44:02","modified_gmt":"2024-12-04T23:44:02","slug":"cameras-registram-mais-de-30-especies-de-mamiferos-e-aves-em-parques-de-goias","status":"publish","type":"post","link":"https:\/\/blogfolhadocomercio.com.br\/wp\/2024\/12\/04\/cameras-registram-mais-de-30-especies-de-mamiferos-e-aves-em-parques-de-goias\/","title":{"rendered":"C\u00e2meras registram mais de 30 esp\u00e9cies de mam\u00edferos e aves em parques de Goi\u00e1s"},"content":{"rendered":"\n<p>C\u00e2meras do projeto Bandeiras do Corredor investiga h\u00e1bitos da fauna no sudeste de Goi\u00e1s, em especial nos parques Pescan e Pema<\/p>\n\n\n\n<figure class=\"wp-block-image size-full\"><img loading=\"lazy\" decoding=\"async\" width=\"960\" height=\"640\" src=\"https:\/\/blogfolhadocomercio.com.br\/wp\/wp-content\/uploads\/2024\/12\/image-83.png\" alt=\"\" class=\"wp-image-329134\" srcset=\"https:\/\/blogfolhadocomercio.com.br\/wp\/wp-content\/uploads\/2024\/12\/image-83.png 960w, https:\/\/blogfolhadocomercio.com.br\/wp\/wp-content\/uploads\/2024\/12\/image-83-300x200.png 300w, https:\/\/blogfolhadocomercio.com.br\/wp\/wp-content\/uploads\/2024\/12\/image-83-768x512.png 768w, https:\/\/blogfolhadocomercio.com.br\/wp\/wp-content\/uploads\/2024\/12\/image-83-585x390.png 585w, https:\/\/blogfolhadocomercio.com.br\/wp\/wp-content\/uploads\/2024\/12\/image-83-263x175.png 263w\" sizes=\"auto, (max-width: 960px) 100vw, 960px\" \/><\/figure>\n\n\n\n<p>Iniciado em julho de 2023 com o objetivo de monitorar a fauna de mam\u00edferos e aves terrestres na regi\u00e3o sudeste de Goi\u00e1s, o projeto \u201cBandeiras do Corredor\u201d j\u00e1 identificou mais de 30 esp\u00e9cies em aproximadamente um ano e meio de execu\u00e7\u00e3o. A a\u00e7\u00e3o, coordenada por pesquisadores da&nbsp;<a href=\"https:\/\/www.maisgoias.com.br\/cidades\/pesquisadores-da-ufg-estao-entre-os-mais-influentes-do-mundo\/\">Universidade Federal de Goi\u00e1s (UFG)<\/a>, em parceria com a Alian\u00e7a da Terra e&nbsp;<a href=\"https:\/\/goias.gov.br\/meioambiente\/\">a Semad<\/a>, \u00e9 desenvolvida no corredor entre os parques estaduais da Serra de Caldas Novas (Pescan) e da Mata Atl\u00e2ntica (Pema).<\/p>\n\n\n\n<p>\u201cN\u00f3s conseguimos dados tanto sobre esp\u00e9cies mais abundantes, quanto sobre esp\u00e9cies raras\u201d, afirma a pesquisadora Alessandra Bertassoni, coordenadora do projeto. \u201cReunimos informa\u00e7\u00f5es, por exemplo, sobre qual tipo de esp\u00e9cie est\u00e1 presente em cada habitat, em cada tipo de ambiente, e refor\u00e7amos o entendimento de que quanto mais preservado \u00e9 o ecossistema, mais esp\u00e9cies viver\u00e3o nele\u201d.<\/p>\n\n\n\n<p>Nesta campanha de campo, os pesquisadores registraram um cachorro-do-mato (Cerdocyon thous) correndo, que observa curioso a c\u00e2mera de monitoramento e, no instante seguinte, a marca com jato de urina. Uma irara (Eira barbara) passa em um local no dia 04 de setembro e no dia 13, outro indiv\u00edduo passa no mesmo local fazendo marca\u00e7\u00e3o territorial, esfregando o corpo em um tronco.<\/p>\n\n\n\n<p>Em outro ponto de monitoramento, uma cena rara registra tr\u00eas iraras juntas. Diferentes c\u00e2meras capturaram imagens de tamandu\u00e1s-bandeira (Myrmecophaga tridactyla) com filhote de idades que variaram de semanas a alguns meses, demostrando que a esp\u00e9cie est\u00e1 garantindo sua reprodu\u00e7\u00e3o na \u00e1rea de estudo. A mam\u00e3e tatu-galinha (Dasypus novemcinctus) estava caminhando com os seus quatro filhotes g\u00eameos, que a seguiam de perto. A mam\u00e3e gamb\u00e1 (Didelphis sp.) tamb\u00e9m foi capturada nos v\u00eddeos, com seus seis beb\u00eas amontoados nas suas costas e se equilibrando para n\u00e3o cair.<\/p>\n\n\n\n<h2 class=\"wp-block-heading\" id=\"h-registro-de-filhotes-nas-cameras\">Registro de filhotes nas c\u00e2meras<\/h2>\n\n\n\n<p>Em um registro feito durante o dia, um grupo de quatis (Nasua nasua), cheio de filhotes, re\u00fane-se em uma fonte de alimento. Os catetos (Pecari tajacu) tamb\u00e9m estavam em bando exibindo seus pequenos filhotes, de v\u00e1rios tamanhos. A cole\u00e7\u00e3o de registros com filhotes, das diferentes esp\u00e9cies, ser\u00e1 usada para investigar as suas sazonalidades reprodutivas.<\/p>\n\n\n\n<p>Catetos (Pecari tajacu) tamb\u00e9m foram flagrados se esfregando uns nos outros, comportamento que refor\u00e7a o grupo social e os elos em que vivem. Outro registro de intera\u00e7\u00e3o social foi feito com dois cachorro-do-mato (Cerdocyon thous) que correm brincando e interagindo em frente da c\u00e2mera. Esses registros que cont\u00eam mais de um indiv\u00edduo poder\u00e3o ser usados para investigar ecologia social das esp\u00e9cies.<\/p>\n\n\n\n<p>\u201cRegistramos um veado catingueiro (Subulo gouazoubira) com uma das patas dianteiras machucada, e como h\u00e1 registros de diferentes dias do indiv\u00edduo, sabemos que est\u00e1 sobrevivendo, apesar da inj\u00faria. Esse tipo de registro pode trazer luz \u00e0s amea\u00e7as que os animais sofrem ali na regi\u00e3o. Talvez esse machucado possa ser fruto de uma colis\u00e3o veicular, por exemplo\u201d, complementa Bertassoni.<\/p>\n\n\n\n<p>Parte da dieta alimentar de algumas esp\u00e9cies est\u00e1 sob verifica\u00e7\u00e3o. H\u00e1 registros de diferentes c\u00e2meras onde cachorros-do-mato (Cerdocyon thous) predaram uma ave grande e anf\u00edbios. O lobo-guar\u00e1 (Chrysocyon brachyurus) foi capturado bebendo \u00e1gua de dia e em outra c\u00e2mera, em um momento \u00edntimo, defecando. J\u00e1 o udu-de-coroa-azul (Momotus momota) estava predando uma cigarra e finalizando a sua presa. Com toda sua beleza, o gavi\u00e3o-preto (Buteogallus urubitinga) tamb\u00e9m apareceu para dar o ar da sua gra\u00e7a. E essa \u00e9 a primeira vez que o Projeto Bandeiras no Corredor registra a esp\u00e9cie nas c\u00e2meras. Outro registro novo foi o tatu-de-rabo-mole (Cabassous sp) que estava cavando sua toca perto da c\u00e2mera.<\/p>\n\n\n\n<p>O monitoramento da fauna na regi\u00e3o abre diversas possibilidades de investiga\u00e7\u00e3o cientif\u00edca, aumentando o conhecimento sobre as esp\u00e9cies e entendendo melhor sua ecologia e comportamento. Esse \u00e9 o primeiro projeto a monitorar a fauna nesta regi\u00e3o t\u00e3o importante, que abarca os dois diferentes biomas goianos.<\/p>\n\n\n\n<p><strong>Por Mais Goi\u00e1s<\/strong><\/p>\n","protected":false},"excerpt":{"rendered":"<p>C\u00e2meras do projeto Bandeiras do Corredor investiga h\u00e1bitos da fauna no sudeste de Goi\u00e1s, em especial nos parques Pescan e Pema Iniciado em julho de 2023 com o objetivo de&hellip;<\/p>\n","protected":false},"author":1,"featured_media":329134,"comment_status":"closed","ping_status":"open","sticky":false,"template":"","format":"standard","meta":{"footnotes":""},"categories":[1,42],"tags":[],"class_list":["post-329133","post","type-post","status-publish","format-standard","has-post-thumbnail","hentry","category-cidades","category-ultimas"],"_links":{"self":[{"href":"https:\/\/blogfolhadocomercio.com.br\/wp\/wp-json\/wp\/v2\/posts\/329133","targetHints":{"allow":["GET"]}}],"collection":[{"href":"https:\/\/blogfolhadocomercio.com.br\/wp\/wp-json\/wp\/v2\/posts"}],"about":[{"href":"https:\/\/blogfolhadocomercio.com.br\/wp\/wp-json\/wp\/v2\/types\/post"}],"author":[{"embeddable":true,"href":"https:\/\/blogfolhadocomercio.com.br\/wp\/wp-json\/wp\/v2\/users\/1"}],"replies":[{"embeddable":true,"href":"https:\/\/blogfolhadocomercio.com.br\/wp\/wp-json\/wp\/v2\/comments?post=329133"}],"version-history":[{"count":1,"href":"https:\/\/blogfolhadocomercio.com.br\/wp\/wp-json\/wp\/v2\/posts\/329133\/revisions"}],"predecessor-version":[{"id":329135,"href":"https:\/\/blogfolhadocomercio.com.br\/wp\/wp-json\/wp\/v2\/posts\/329133\/revisions\/329135"}],"wp:featuredmedia":[{"embeddable":true,"href":"https:\/\/blogfolhadocomercio.com.br\/wp\/wp-json\/wp\/v2\/media\/329134"}],"wp:attachment":[{"href":"https:\/\/blogfolhadocomercio.com.br\/wp\/wp-json\/wp\/v2\/media?parent=329133"}],"wp:term":[{"taxonomy":"category","embeddable":true,"href":"https:\/\/blogfolhadocomercio.com.br\/wp\/wp-json\/wp\/v2\/categories?post=329133"},{"taxonomy":"post_tag","embeddable":true,"href":"https:\/\/blogfolhadocomercio.com.br\/wp\/wp-json\/wp\/v2\/tags?post=329133"}],"curies":[{"name":"wp","href":"https:\/\/api.w.org\/{rel}","templated":true}]}}