{"id":329121,"date":"2024-12-04T20:39:12","date_gmt":"2024-12-04T23:39:12","guid":{"rendered":"https:\/\/blogfolhadocomercio.com.br\/wp\/?p=329121"},"modified":"2024-12-04T20:39:14","modified_gmt":"2024-12-04T23:39:14","slug":"miseria-e-pobreza-no-brasil-atingem-o-menor-nivel-historico-segundo-o-ibge","status":"publish","type":"post","link":"https:\/\/blogfolhadocomercio.com.br\/wp\/2024\/12\/04\/miseria-e-pobreza-no-brasil-atingem-o-menor-nivel-historico-segundo-o-ibge\/","title":{"rendered":"Mis\u00e9ria e pobreza no Brasil atingem o menor n\u00edvel hist\u00f3rico, segundo o IBGE"},"content":{"rendered":"\n<p>Com expans\u00e3o de programas sociais, parcela de brasileiros miser\u00e1veis recua para 4,4%<\/p>\n\n\n\n<figure class=\"wp-block-image size-full\"><img loading=\"lazy\" decoding=\"async\" width=\"960\" height=\"640\" src=\"https:\/\/blogfolhadocomercio.com.br\/wp\/wp-content\/uploads\/2024\/12\/image-79.png\" alt=\"\" class=\"wp-image-329122\" srcset=\"https:\/\/blogfolhadocomercio.com.br\/wp\/wp-content\/uploads\/2024\/12\/image-79.png 960w, https:\/\/blogfolhadocomercio.com.br\/wp\/wp-content\/uploads\/2024\/12\/image-79-300x200.png 300w, https:\/\/blogfolhadocomercio.com.br\/wp\/wp-content\/uploads\/2024\/12\/image-79-768x512.png 768w, https:\/\/blogfolhadocomercio.com.br\/wp\/wp-content\/uploads\/2024\/12\/image-79-585x390.png 585w, https:\/\/blogfolhadocomercio.com.br\/wp\/wp-content\/uploads\/2024\/12\/image-79-263x175.png 263w\" sizes=\"auto, (max-width: 960px) 100vw, 960px\" \/><\/figure>\n\n\n\n<p>A pobreza e a extrema pobreza no Brasil, em 2023, ca\u00edram aos menores \u00edndices da s\u00e9rie hist\u00f3rica do Instituto Brasileiro de Geografia e Estat\u00edstica (IBGE), iniciada em 2012. Pela primeira vez, a mis\u00e9ria ficou abaixo de 5%, caindo para 4,4%. isso representa 9,5 milh\u00f5es de pessoas. Al\u00e9m disso, 8,7 milh\u00f5es de brasileiros sa\u00edram da condi\u00e7\u00e3o de pobreza, reduzindo esse contingente para 59 milh\u00f5es de cidad\u00e3os, o menor n\u00famero registrado em mais de uma d\u00e9cada.<\/p>\n\n\n\n<p>As informa\u00e7\u00f5es constam da S\u00edntese de Indicadores Sociais, estudo divulgado nesta quarta-feira (dia 4).<\/p>\n\n\n\n<p>A expans\u00e3o dos programas sociais, principalmente do Bolsa Fam\u00edlia, ajudou a reduzir a mis\u00e9ria, tamb\u00e9m chamada de pobreza extrema, de 5,9% para 4,4% entre 2022 e 2023, segundo o IBGE. Em outras palavras, significa que, de 12,6 milh\u00f5es de pessoas, 3,1 milh\u00f5es de pessoas sa\u00edram da mis\u00e9ria em um ano.<\/p>\n\n\n\n<p>Ainda assim, h\u00e1 9,5 milh\u00f5es de brasileiros vivendo em condi\u00e7\u00f5es extremamente prec\u00e1rias, com renda abaixo de R$ 209 por m\u00eas ou US$ 2,15 por pessoa por dia, linha internacional usada para medir a pobreza extrema.<\/p>\n\n\n\n<p>J\u00e1 a linha internacional que \u00e9 par\u00e2metro para a pobreza considera quem tem renda per capita de at\u00e9 US$ 6,85 por dia \u2013 no caso do Brasil, o equivalente a R$ 665 por m\u00eas.<\/p>\n\n\n\n<h2 class=\"wp-block-heading\" id=\"h-mercado-de-trabalho-aliviou-a-pobreza\">Mercado de trabalho aliviou a pobreza<\/h2>\n\n\n\n<p>O IBGE considera que a redu\u00e7\u00e3o da pobreza ocorreu pela melhora do mercado de trabalho. J\u00e1 a diminui\u00e7\u00e3o da extrema pobreza s\u00f3 foi poss\u00edvel gra\u00e7as ao fortalecimento dos programas sociais, que para os mais vulner\u00e1veis o Bolsa Fam\u00edlia t\u00eam efeito maior.<\/p>\n\n\n\n<p>No fim de 2022, \u00e0s v\u00e9speras das elei\u00e7\u00f5es, o ex-presidente Jair Bolsonaro elevou o valor do ent\u00e3o Aux\u00edlio Brasil para R$ 600, com previs\u00e3o de que o benef\u00edcio voltaria a ser de R$ 400 em 2023. Mas, em janeiro, o presidente rec\u00e9m-eleito Luiz In\u00e1cio Lula da Silva manteve o valor em R$ 600.<\/p>\n\n\n\n<p>Numa simula\u00e7\u00e3o sem a presen\u00e7a dos benef\u00edcios sociais, a pobreza continuaria a cair devido \u00e0 expans\u00e3o do emprego, mas a extrema pobreza teria aumentado em 2023 sem o apoio das pol\u00edticas de assist\u00eancia social.<\/p>\n\n\n\n<p>\u2014 O dinamismo do mercado de trabalho \u00e9 mais importante para a redu\u00e7\u00e3o da pobreza e o pagamento dos benef\u00edcios sociais, para a extrema pobreza \u2014 resume Andr\u00e9 Sim\u00f5es, analista do IBGE.&nbsp;<strong><em><a href=\"https:\/\/extra.globo.com\/economia\/noticia\/2024\/12\/miseria-e-pobreza-no-brasil-atingem-o-menor-nivel-historico-segundo-o-ibge.ghtml\" target=\"_blank\" rel=\"noreferrer noopener\">Leia na \u00edntegra!<\/a><\/em><\/strong><\/p>\n\n\n\n<p><strong><em>*Via O Globo<\/em><\/strong><\/p>\n","protected":false},"excerpt":{"rendered":"<p>Com expans\u00e3o de programas sociais, parcela de brasileiros miser\u00e1veis recua para 4,4% A pobreza e a extrema pobreza no Brasil, em 2023, ca\u00edram aos menores \u00edndices da s\u00e9rie hist\u00f3rica do&hellip;<\/p>\n","protected":false},"author":1,"featured_media":329122,"comment_status":"closed","ping_status":"open","sticky":false,"template":"","format":"standard","meta":{"footnotes":""},"categories":[34,67,42],"tags":[],"class_list":["post-329121","post","type-post","status-publish","format-standard","has-post-thumbnail","hentry","category-brasil","category-pesquisa","category-ultimas"],"_links":{"self":[{"href":"https:\/\/blogfolhadocomercio.com.br\/wp\/wp-json\/wp\/v2\/posts\/329121","targetHints":{"allow":["GET"]}}],"collection":[{"href":"https:\/\/blogfolhadocomercio.com.br\/wp\/wp-json\/wp\/v2\/posts"}],"about":[{"href":"https:\/\/blogfolhadocomercio.com.br\/wp\/wp-json\/wp\/v2\/types\/post"}],"author":[{"embeddable":true,"href":"https:\/\/blogfolhadocomercio.com.br\/wp\/wp-json\/wp\/v2\/users\/1"}],"replies":[{"embeddable":true,"href":"https:\/\/blogfolhadocomercio.com.br\/wp\/wp-json\/wp\/v2\/comments?post=329121"}],"version-history":[{"count":1,"href":"https:\/\/blogfolhadocomercio.com.br\/wp\/wp-json\/wp\/v2\/posts\/329121\/revisions"}],"predecessor-version":[{"id":329123,"href":"https:\/\/blogfolhadocomercio.com.br\/wp\/wp-json\/wp\/v2\/posts\/329121\/revisions\/329123"}],"wp:featuredmedia":[{"embeddable":true,"href":"https:\/\/blogfolhadocomercio.com.br\/wp\/wp-json\/wp\/v2\/media\/329122"}],"wp:attachment":[{"href":"https:\/\/blogfolhadocomercio.com.br\/wp\/wp-json\/wp\/v2\/media?parent=329121"}],"wp:term":[{"taxonomy":"category","embeddable":true,"href":"https:\/\/blogfolhadocomercio.com.br\/wp\/wp-json\/wp\/v2\/categories?post=329121"},{"taxonomy":"post_tag","embeddable":true,"href":"https:\/\/blogfolhadocomercio.com.br\/wp\/wp-json\/wp\/v2\/tags?post=329121"}],"curies":[{"name":"wp","href":"https:\/\/api.w.org\/{rel}","templated":true}]}}