{"id":328763,"date":"2024-11-29T14:36:58","date_gmt":"2024-11-29T17:36:58","guid":{"rendered":"https:\/\/blogfolhadocomercio.com.br\/wp\/?p=328763"},"modified":"2024-11-29T14:37:00","modified_gmt":"2024-11-29T17:37:00","slug":"procon-reforca-acoes-durante-black-friday","status":"publish","type":"post","link":"https:\/\/blogfolhadocomercio.com.br\/wp\/2024\/11\/29\/procon-reforca-acoes-durante-black-friday\/","title":{"rendered":"Procon refor\u00e7a a\u00e7\u00f5es durante Black Friday"},"content":{"rendered":"\n<figure class=\"wp-block-image size-large\"><img loading=\"lazy\" decoding=\"async\" width=\"1024\" height=\"512\" src=\"https:\/\/blogfolhadocomercio.com.br\/wp\/wp-content\/uploads\/2024\/11\/image-504-1024x512.png\" alt=\"\" class=\"wp-image-328764\" srcset=\"https:\/\/blogfolhadocomercio.com.br\/wp\/wp-content\/uploads\/2024\/11\/image-504-1024x512.png 1024w, https:\/\/blogfolhadocomercio.com.br\/wp\/wp-content\/uploads\/2024\/11\/image-504-300x150.png 300w, https:\/\/blogfolhadocomercio.com.br\/wp\/wp-content\/uploads\/2024\/11\/image-504-768x384.png 768w, https:\/\/blogfolhadocomercio.com.br\/wp\/wp-content\/uploads\/2024\/11\/image-504-1170x585.png 1170w, https:\/\/blogfolhadocomercio.com.br\/wp\/wp-content\/uploads\/2024\/11\/image-504-585x293.png 585w, https:\/\/blogfolhadocomercio.com.br\/wp\/wp-content\/uploads\/2024\/11\/image-504.png 1200w\" sizes=\"auto, (max-width: 1024px) 100vw, 1024px\" \/><\/figure>\n\n\n\n<p>Nesta sexta (29\/11), dia oficial da Black Friday, equipes do Procon fiscalizam lojas de rua e de shoppings, para combater pr\u00e1ticas abusivas contra o consumidor (Fotos: Procon-GO)<\/p>\n\n\n\n<p>No dia oficial da Black Friday, que ocorre nesta sexta-feira (29\/11), equipes do&nbsp;<a href=\"https:\/\/www.procon.go.gov.br\/\" target=\"_blank\" rel=\"noreferrer noopener\">Procon Goi\u00e1s<\/a>&nbsp;estar\u00e3o nas ruas de Goi\u00e2nia, Aparecida de Goi\u00e2nia, An\u00e1polis e Alex\u00e2nia para fiscalizar lojas de rua e de shoppings, para combater pr\u00e1ticas abusivas contra o consumidor.<\/p>\n\n\n\n<p>Um dos alvos da fiscaliza\u00e7\u00e3o \u00e9 o cumprimento da Lei Estadual 19.607\/2017, que exige que os fornecedores apresentem o hist\u00f3rico de pre\u00e7os dos \u00faltimos 12 meses de produtos promocionais.<\/p>\n\n\n\n<p><strong>Al\u00e9m disso, os agentes tamb\u00e9m v\u00e3o verificar:<\/strong><\/p>\n\n\n\n<ul class=\"wp-block-list\">\n<li><strong>o cumprimento da oferta<\/strong><\/li>\n\n\n\n<li><strong>a clareza nas informa\u00e7\u00f5es repassadas aos consumidores, como:<\/strong>\n<ul class=\"wp-block-list\">\n<li><strong>exposi\u00e7\u00e3o de pre\u00e7o,<\/strong><\/li>\n\n\n\n<li><strong>caracter\u00edsticas dos produtos<\/strong><\/li>\n\n\n\n<li><strong>e formas de pagamento.<\/strong><\/li>\n<\/ul>\n<\/li>\n<\/ul>\n\n\n\n<figure class=\"wp-block-image\"><img decoding=\"async\" src=\"https:\/\/agenciacoradenoticias.go.gov.br\/wp-content\/uploads\/2024\/11\/PROCON-GOIAS-BLACK-FRIDAY-ABORDAGEM-DE-FISCAIS-A-LOGISTAS.jpeg\" alt=\"\" class=\"wp-image-138905\"\/><figcaption class=\"wp-element-caption\">Com o objetivo de reduzir reclama\u00e7\u00f5es e melhorar as rela\u00e7\u00f5es de consumo em todo o estado, o Procon investe na preven\u00e7\u00e3o e na orienta\u00e7\u00e3o de lojistas e consumidores (Fotos: Procon-GO)<\/figcaption><\/figure>\n\n\n\n<p>Em outra frente, o Procon Goi\u00e1s continuar\u00e1 com o trabalho educativo, iniciado na \u00faltima segunda-feira (25\/11), com servidores entregando folder informativo, contendo as principais dicas de como aproveitar o per\u00edodo de promo\u00e7\u00f5es.<\/p>\n\n\n\n<p>\u201cO \u00f3rg\u00e3o vem investindo na preven\u00e7\u00e3o e na orienta\u00e7\u00e3o de fornecedores e consumidores. O objetivo \u00e9 reduzir as reclama\u00e7\u00f5es e melhorar as rela\u00e7\u00f5es de consumo em todo o estado\u201d, afirma o superintendente do Procon Goi\u00e1s, Marco Palmerston.<\/p>\n\n\n\n<h2 class=\"wp-block-heading\">Pesquisa de pre\u00e7os<\/h2>\n\n\n\n<p><strong>Nesta sexta-feira, o Procon Goi\u00e1s tamb\u00e9m divulga mais uma pesquisa de pre\u00e7os de produtos procurados durante a Black Friday. Este segundo levantamento foi feito entre 26 e 28 de novembro.<\/strong>&nbsp;Para efeitos de compara\u00e7\u00e3o, os pesquisadores devem voltar \u00e0s lojas onde realizaram o primeiro levantamento, com cerca de 123 itens, ainda no in\u00edcio do m\u00eas.<\/p>\n\n\n\n<figure class=\"wp-block-image\"><img decoding=\"async\" src=\"https:\/\/agenciacoradenoticias.go.gov.br\/wp-content\/uploads\/2024\/11\/PROCON-BLACK-FRIDAY-FISCAIS-ABORDAM-CONSUMIDORES-EM-CORREDORES-DE-SHOPPING.jpeg\" alt=\"\" class=\"wp-image-138910\"\/><figcaption class=\"wp-element-caption\">Fiscais realizam trabalho educativo, desde a \u00faltima segunda-feira (25\/11), por meio da distribui\u00e7\u00e3o de f\u00f4lderes informativos, contendo dicas de como aproveitar melhor o per\u00edodo de promo\u00e7\u00f5es (Fotos: Procon-GO)<\/figcaption><\/figure>\n\n\n\n<p>Com a pesquisa em m\u00e3os, o consumidor pode saber se alguma loja est\u00e1 praticando falsas promo\u00e7\u00f5es, tradicionalmente conhecidas como \u201cmetade do dobro\u201d. As empresas que praticarem publicidade enganosa ou descumprirem a oferta poder\u00e3o ser autuadas. A&nbsp;<a href=\"https:\/\/goias.gov.br\/procon\/wp-content\/uploads\/sites\/19\/2024\/11\/BALANCO-BLACK-FRIDAY-2024-OFICIAL-2.pdf\">pesquisa completa<\/a>&nbsp;est\u00e1 dispon\u00edvel no site&nbsp;<a href=\"https:\/\/goias.gov.br\/procon\">goias.gov.br\/procon<\/a>.<\/p>\n\n\n\n<p>Para mais informa\u00e7\u00f5es, registro de den\u00fancias ou reclama\u00e7\u00f5es durante a Black Friday, os canais do Procon Goi\u00e1s s\u00e3o:&nbsp;<\/p>\n\n\n\n<ul class=\"wp-block-list\">\n<li>o Disque Den\u00fancia acessado pelo telefone 151 (Goi\u00e2nia)<\/li>\n\n\n\n<li>(62) 3201-7124 (interior).<\/li>\n\n\n\n<li>pela plataforma\u00a0<a href=\"http:\/\/proconweb.ssp.go.gov.br\/\" target=\"_blank\" rel=\"noreferrer noopener\">Procon Web<\/a>\u00a0(proconweb.ssp.go.gov.br)<\/li>\n\n\n\n<li>ou presencialmente, na sede do \u00f3rg\u00e3o na Rua 8, n. 242 \u2013 QD. 5 LT. 36, Edif\u00edcio Torres, Setor Central, Goi\u00e2nia.<\/li>\n\n\n\n<li><\/li>\n<\/ul>\n\n\n\n<p><strong>Procon Goi\u00e1s \u2013 Governo de Goi\u00e1s<\/strong><\/p>\n","protected":false},"excerpt":{"rendered":"<p>Nesta sexta (29\/11), dia oficial da Black Friday, equipes do Procon fiscalizam lojas de rua e de shoppings, para combater pr\u00e1ticas abusivas contra o consumidor (Fotos: Procon-GO) No dia oficial&hellip;<\/p>\n","protected":false},"author":1,"featured_media":328764,"comment_status":"closed","ping_status":"open","sticky":false,"template":"","format":"standard","meta":{"footnotes":""},"categories":[1,43,60,37,42],"tags":[],"class_list":["post-328763","post","type-post","status-publish","format-standard","has-post-thumbnail","hentry","category-cidades","category-economia","category-governo","category-seguranca","category-ultimas"],"_links":{"self":[{"href":"https:\/\/blogfolhadocomercio.com.br\/wp\/wp-json\/wp\/v2\/posts\/328763","targetHints":{"allow":["GET"]}}],"collection":[{"href":"https:\/\/blogfolhadocomercio.com.br\/wp\/wp-json\/wp\/v2\/posts"}],"about":[{"href":"https:\/\/blogfolhadocomercio.com.br\/wp\/wp-json\/wp\/v2\/types\/post"}],"author":[{"embeddable":true,"href":"https:\/\/blogfolhadocomercio.com.br\/wp\/wp-json\/wp\/v2\/users\/1"}],"replies":[{"embeddable":true,"href":"https:\/\/blogfolhadocomercio.com.br\/wp\/wp-json\/wp\/v2\/comments?post=328763"}],"version-history":[{"count":1,"href":"https:\/\/blogfolhadocomercio.com.br\/wp\/wp-json\/wp\/v2\/posts\/328763\/revisions"}],"predecessor-version":[{"id":328765,"href":"https:\/\/blogfolhadocomercio.com.br\/wp\/wp-json\/wp\/v2\/posts\/328763\/revisions\/328765"}],"wp:featuredmedia":[{"embeddable":true,"href":"https:\/\/blogfolhadocomercio.com.br\/wp\/wp-json\/wp\/v2\/media\/328764"}],"wp:attachment":[{"href":"https:\/\/blogfolhadocomercio.com.br\/wp\/wp-json\/wp\/v2\/media?parent=328763"}],"wp:term":[{"taxonomy":"category","embeddable":true,"href":"https:\/\/blogfolhadocomercio.com.br\/wp\/wp-json\/wp\/v2\/categories?post=328763"},{"taxonomy":"post_tag","embeddable":true,"href":"https:\/\/blogfolhadocomercio.com.br\/wp\/wp-json\/wp\/v2\/tags?post=328763"}],"curies":[{"name":"wp","href":"https:\/\/api.w.org\/{rel}","templated":true}]}}