{"id":328696,"date":"2024-11-29T09:00:28","date_gmt":"2024-11-29T12:00:28","guid":{"rendered":"https:\/\/blogfolhadocomercio.com.br\/wp\/?p=328696"},"modified":"2024-11-29T09:00:29","modified_gmt":"2024-11-29T12:00:29","slug":"sob-trump-escolas-americanas-se-preparam-para-turbulencias-com-ameaca-de-deportacoes-em-massa","status":"publish","type":"post","link":"https:\/\/blogfolhadocomercio.com.br\/wp\/2024\/11\/29\/sob-trump-escolas-americanas-se-preparam-para-turbulencias-com-ameaca-de-deportacoes-em-massa\/","title":{"rendered":"Sob Trump, escolas americanas se preparam para turbul\u00eancias com amea\u00e7a de deporta\u00e7\u00f5es em massa"},"content":{"rendered":"\n<p><strong>No \u00faltimo governo republicano, funcion\u00e1rios de escolas tiveram de sair em busca de estudantes filhos de imigrantes que evitavam ir \u00e0 escola pelo temor de deporta\u00e7\u00e3o<\/strong><\/p>\n\n\n\n<p>Da \u00faltima vez que\u00a0<a href=\"https:\/\/www.estadao.com.br\/tudo-sobre\/donald-trump\/\" target=\"_blank\" rel=\"noreferrer noopener\"><strong>Donald Trump<\/strong><\/a>\u00a0ocupou a presid\u00eancia dos\u00a0<a href=\"https:\/\/www.estadao.com.br\/tudo-sobre\/estados-unidos-america-do-norte\/\" target=\"_blank\" rel=\"noreferrer noopener\"><strong>Estados Unidos<\/strong><\/a>, rumores sobre opera\u00e7\u00f5es anti-imigra\u00e7\u00e3o aterrorizaram a comunidade de\u00a0<a href=\"https:\/\/www.estadao.com.br\/tudo-sobre\/oregon-estados-unidos\/\" target=\"_blank\" rel=\"noreferrer noopener\"><strong>Oregon\u00a0<\/strong><\/a>em que Gustavo Balderas trabalhava como superintendente escolar.<\/p>\n\n\n\n<p>Dizia-se que agentes imigrat\u00f3rios tentariam entrar nas escolas. O rumor era absolutamente inver\u00eddico, mas funcion\u00e1rios escolares tiveram de sair em busca de estudantes que estavam evitando as aulas e faz\u00ea-los voltar \u00e0s classes.<\/p>\n\n\n\n<p>\u201cAs pessoas simplesmente come\u00e7aram a se esconder\u201d, disse Balderas. Educadores est\u00e3o se preparando para turbul\u00eancias independentemente de o presidente eleito cumprir ou n\u00e3o sua promessa de deportar milh\u00f5es de imigrantes que vivem ilegalmente no pa\u00eds. Mesmo que ele apenas fale sobre isso, filhos de imigrantes sofrer\u00e3o, afirmaram educadores e observadores jur\u00eddicos.<\/p>\n\n\n\n<p>\u201cQuando as pessoas s\u00e3o amea\u00e7adas constantemente com a possibilidade de deporta\u00e7\u00e3o em massa, isso inibe realmente sua capacidade de funcionar em sociedade, assim como a de seus filhos frequentarem a escola\u201d, afirmou o professor Hiroshi Motomura, da Faculdade de Direito da Universidade da&nbsp;<a href=\"https:\/\/www.estadao.com.br\/tudo-sobre\/california-estados-unidos\/\" target=\"_blank\" rel=\"noreferrer noopener\"><strong>Calif\u00f3rnia<\/strong><\/a>, em Los Angeles.<\/p>\n\n\n\n<figure class=\"wp-block-image\"><img decoding=\"async\" src=\"https:\/\/www.estadao.com.br\/resizer\/v2\/VKSRYT7SXFFRZF3QWG22JGJLM4.jpg?quality=80&amp;auth=59da8bcf1c298459989490325adc05618f24d5b3ecdaaea2d335821785a94f1c&amp;width=380\" alt=\"Bandeira americana em uma sala de aula de escola em Denver.\"\/><figcaption class=\"wp-element-caption\">Bandeira americana em uma sala de aula de escola em Denver.&nbsp;<em>Foto:&nbsp;AP Photo\/David Zalubowski, arquivo<\/em><\/figcaption><\/figure>\n\n\n\n<p>Muitos j\u00e1 come\u00e7aram a sentir esse medo. \u201cAs crian\u00e7as ainda est\u00e3o indo \u00e0 escola, mas est\u00e3o apavoradas\u201d, afirmou Almudena Abeyta, superintendente das Escolas P\u00fablicas de Chelsea, uma cidade em&nbsp;<a href=\"https:\/\/www.estadao.com.br\/tudo-sobre\/boston-estados-unidos\/\" target=\"_blank\" rel=\"noreferrer noopener\"><strong>Boston<\/strong><\/a>&nbsp;que serve h\u00e1 muito tempo como primeiro ponto de parada de imigrantes centro-americanos que chegam a&nbsp;<a href=\"https:\/\/www.estadao.com.br\/tudo-sobre\/massachusetts-estados-unidos\/\" target=\"_blank\" rel=\"noreferrer noopener\"><strong>Massachusetts<\/strong><\/a>. Agora, haitianos est\u00e3o vivendo por l\u00e1 e mandando seus filhos para as escolas.<\/p>\n\n\n\n<p>\u201cElas perguntam: \u2018n\u00f3s seremos deportadas?\u2019\u201d, afirmou Abeyta. Muitos pais e m\u00e3es em seu distrito cresceram em pa\u00edses em que o governo federal era encarregado das escolas e podem pensar que o mesmo ocorre por aqui. No dia seguinte \u00e0 elei\u00e7\u00e3o, Abeyta lhes enviou uma carta garantindo que seus filhos ser\u00e3o bem-vindos e estar\u00e3o em seguran\u00e7a independentemente de quem ocupar a presid\u00eancia.<\/p>\n\n\n\n<p>Autoridades imigrat\u00f3rias t\u00eam evitado prender pais ou estudantes em escolas. Desde 2011, o Servi\u00e7o de Imigra\u00e7\u00e3o e Controle de Aduanas dos EUA opera segundo uma pol\u00edtica de que agentes imigrat\u00f3rios n\u00e3o devem prender pessoas nem conduzir outras a\u00e7\u00f5es de cumprimento da lei pr\u00f3ximo a \u201clocalidades sens\u00edveis\u201d, incluindo escolas, hospitais e centros religiosos. Agir dessa forma poderia limitar o acesso a servi\u00e7os essenciais, escreveu o secret\u00e1rio de seguran\u00e7a interna dos EUA, Alejandro Mayorkas, em um informativo de 2021.<\/p>\n\n\n\n<p>O mapa do caminho que a&nbsp;<a href=\"https:\/\/www.estadao.com.br\/internacional\/o-que-e-e-como-funciona-a-heritage-foundation-autora-do-projeto-2025-usado-pela-campanha-de-trump\/\" target=\"_blank\" rel=\"noreferrer noopener\"><strong>Heritage Foundation<\/strong><\/a>&nbsp;formulou para as pol\u00edticas do segundo mandato de Trump, chamado Projeto 2025, pede que essa orienta\u00e7\u00e3o seja retirada em \u201clugares sens\u00edveis\u201d. Trump tentou se distanciar dessas propostas durante a campanha, mas&nbsp;<a href=\"https:\/\/www.estadao.com.br\/internacional\/quem-e-o-novo-czar-da-imigracao-nos-eua-que-sera-nomeado-quando-trump-assumir\/\" target=\"_blank\" rel=\"noreferrer noopener\"><strong>nomeou para seu novo governo muitas pessoas que trabalharam no plano, incluindo Tom Homan como \u201cczar da fronteira\u201d<\/strong><\/a>.<\/p>\n\n\n\n<figure class=\"wp-block-image\"><img decoding=\"async\" src=\"https:\/\/www.estadao.com.br\/resizer\/v2\/H6NBB54OZ5FYVCKHD77FOPWKVU.jpg?quality=80&amp;auth=c0e7cd8e44aaea8a4e08ee6b86170e1d318a84fe55d09b4d16311f2d72951b96&amp;width=380\" alt=\"Gustavo Balderas, superintendente do Distrito Escolar de Beaverton, no escrit\u00f3rio administrativo do distrito escolar de Beaverton em Beaverton, Oregon.\"\/><figcaption class=\"wp-element-caption\">Gustavo Balderas, superintendente do Distrito Escolar de Beaverton, no escrit\u00f3rio administrativo do distrito escolar de Beaverton em Beaverton, Oregon.&nbsp;<em>Foto:&nbsp;AP Photo\/Amanda Loman<\/em><\/figcaption><\/figure>\n\n\n\n<p>Agentes imigrat\u00f3rios prenderem um pai ou uma m\u00e3e deixando filhos na escola poderia desencadear p\u00e2nico em massa, afirmou Angelica Salas, diretora-executiva da Coaliz\u00e3o para Direitos Humanos do Imigrantes, em&nbsp;<a href=\"https:\/\/www.estadao.com.br\/tudo-sobre\/los-angeles-estados-unidos\/\" target=\"_blank\" rel=\"noreferrer noopener\"><strong>Los Angeles<\/strong><\/a>.<\/p>\n\n\n\n<p>\u201cAlgo que ocorra em alguma escola se espalharia como um inc\u00eandio florestal, e as crian\u00e7as parariam de frequentar a escola\u201d, afirmou ela.<\/p>\n\n\n\n<p>Balderas, hoje superintendente em Beaverton, outro sub\u00farbio de&nbsp;<a href=\"https:\/\/www.estadao.com.br\/tudo-sobre\/portland-estados-unidos\/\" target=\"_blank\" rel=\"noreferrer noopener\"><strong>Portland<\/strong><\/a>, disse \u00e0 comiss\u00e3o escolar de l\u00e1 este m\u00eas que era hora de se preparar para um governo mais determinado de Trump. Se as escolas entrarem na mira, Beaverton treinar\u00e1 funcion\u00e1rios para n\u00e3o permitir a entrada de agentes imigrat\u00f3rios.<\/p>\n\n\n\n<p>\u201cCom Trump tudo pode acontecer\u201d, afirmou Balderas, que tamb\u00e9m \u00e9 presidente da Associa\u00e7\u00e3o de Superintendentes Escolares (ASSA). \u201cSe algo acontecer, acho que ser\u00e1 muito mais r\u00e1pido do que na \u00faltima vez.\u201d<\/p>\n\n\n\n<p>Muitas autoridades escolares relutam em conversar sobre seus planos ou preocupa\u00e7\u00f5es, algumas por medo de chamar a aten\u00e7\u00e3o para seus alunos imigrantes. Um administrador escolar que trabalha com muitas crian\u00e7as imigrantes oriundas do&nbsp;<a href=\"https:\/\/www.estadao.com.br\/tudo-sobre\/mexico-america-do-norte\/\" target=\"_blank\" rel=\"noreferrer noopener\"><strong>M\u00e9xico<\/strong><\/a>&nbsp;e de pa\u00edses da Am\u00e9rica Central no Meio-Oeste afirmou que sua escola convidou advogados especialistas em imigra\u00e7\u00e3o para ajudar pais e m\u00e3es a formalizar algum plano para o cuidado de seus filhos caso os adultos sejam deportados. O administrador falou sob condi\u00e7\u00e3o de anonimato porque n\u00e3o foi autorizado a conversar com meios de comunica\u00e7\u00e3o.<\/p>\n\n\n\n<p>Defender fam\u00edlias de imigrantes tamb\u00e9m pode colocar superintendentes em rota de colis\u00e3o com membros de diretorias de ensino.<\/p>\n\n\n\n<p>\u201cO assunto \u00e9 muito, muito delicado\u201d, afirmou Viridiana Carrizales, diretora-executiva da entidade sem fins lucrativos ImmSchools, que assessora escolas no apoio a alunos imigrantes.<\/p>\n\n\n\n<p>Depois da elei\u00e7\u00e3o ela recebeu 30 pedidos de ajuda, incluindo de dois superintendentes no&nbsp;<a href=\"https:\/\/www.estadao.com.br\/tudo-sobre\/texas-estados-unidos\/\" target=\"_blank\" rel=\"noreferrer noopener\"><strong>Texas<\/strong><\/a>&nbsp;que acham improv\u00e1vel suas diretorias de ensino aprovarem uma afirma\u00e7\u00e3o p\u00fablica do direito dos filhos dos imigrantes frequentarem a escola ou planos distritais para impedir agentes imigrat\u00f3rios.<\/p>\n\n\n\n<p>Mais de duas d\u00fazias de superintendentes e representantes distritais de comunica\u00e7\u00f5es contatados pela&nbsp;<em>Associated Press<\/em>&nbsp;ignoraram ou declinaram pedidos de coment\u00e1rio.<\/p>\n\n\n\n<p>\u201cIsso \u00e9 t\u00e3o especulativo que preferimos n\u00e3o comentar o assunto\u201d, escreveu Scott Pribble, porta-voz das Escolas P\u00fablicas de Denver.<\/p>\n\n\n\n<p>A cidade de Denver ajudou mais de 40 mil imigrantes nos \u00faltimos dois anos fornecendo abrigo ou passagens de \u00f4nibus para outras cidades.&nbsp;<a href=\"https:\/\/www.estadao.com.br\/tudo-sobre\/denver-estados-unidos\/\" target=\"_blank\" rel=\"noreferrer noopener\"><strong>Denver&nbsp;<\/strong><\/a>tamb\u00e9m \u00e9 vizinha de Aurora, uma das duas cidades em que Trump prometeu iniciar suas deporta\u00e7\u00f5es em massa.<\/p>\n\n\n\n<figure class=\"wp-block-image\"><img decoding=\"async\" src=\"https:\/\/www.estadao.com.br\/resizer\/v2\/3BR4QW34CBBOTMNM4ZZTPMFHVU.jpg?quality=80&amp;auth=80351ee3a79d2ac17a9969f8b6e8b1903db96e9366dfc0a0e6b142185100157b&amp;width=380\" alt=\"Um administrador escolar que trabalha com crian\u00e7as imigrantes afirmou que sua escola convidou advogados especialistas em imigra\u00e7\u00e3o para ajudar pais e m\u00e3es a formalizar algum plano para o cuidado de seus filhos caso os adultos sejam deportados.\"\/><figcaption class=\"wp-element-caption\">Um administrador escolar que trabalha com crian\u00e7as imigrantes afirmou que sua escola convidou advogados especialistas em imigra\u00e7\u00e3o para ajudar pais e m\u00e3es a formalizar algum plano para o cuidado de seus filhos caso os adultos sejam deportados.&nbsp;<em>Foto:&nbsp;Jeff Faughender\/AP<\/em><\/figcaption><\/figure>\n\n\n\n<p>Pressionado, Pribble respondeu, \u201cAs Escolas P\u00fablicas de Denver est\u00e3o monitorando a situa\u00e7\u00e3o ao mesmo tempo que continuam a servir, apoiar e proteger todos os nossos estudantes, como sempre fizemos\u201d.<\/p>\n\n\n\n<p>Da mesma forma que v\u00e1rios distritos de cidades grandes, a diretoria de ensino de Denver aprovou uma resolu\u00e7\u00e3o no primeiro governo de Trump prometendo proteger seus estudantes de autoridades imigrat\u00f3rias que os persigam ou busquem informa\u00e7\u00f5es sobre eles. De acordo com a resolu\u00e7\u00e3o, de 2017, Denver \u201cn\u00e3o permitir\u00e1 acesso aos nossos estudantes\u201d se os agentes federais n\u00e3o apresentarem um mandado de busca v\u00e1lido.<\/p>\n\n\n\n<p>A justificativa \u00e9 que estudantes n\u00e3o podem aprender se temerem que agentes imigrat\u00f3rios possam det\u00ea-los ou aos seus pais dentro de institui\u00e7\u00f5es de ensino. Distritos escolares tamb\u00e9m argumentam que essas pol\u00edticas reafirmam o direito constitucional a uma educa\u00e7\u00e3o p\u00fablica e gratuita, independentemente de seu status imigrat\u00f3rio.<strong>\/TRADU\u00c7\u00c3O DE GUILHERME RUSSO<\/strong><\/p>\n\n\n\n<p><strong>Por Estad\u00e3o<\/strong><\/p>\n\n\n\n<p><strong><br><\/strong><\/p>\n","protected":false},"excerpt":{"rendered":"<p>No \u00faltimo governo republicano, funcion\u00e1rios de escolas tiveram de sair em busca de estudantes filhos de imigrantes que evitavam ir \u00e0 escola pelo temor de deporta\u00e7\u00e3o Da \u00faltima vez que\u00a0Donald&hellip;<\/p>\n","protected":false},"author":1,"featured_media":328697,"comment_status":"closed","ping_status":"open","sticky":false,"template":"","format":"standard","meta":{"footnotes":""},"categories":[46,42],"tags":[],"class_list":["post-328696","post","type-post","status-publish","format-standard","has-post-thumbnail","hentry","category-mundo","category-ultimas"],"_links":{"self":[{"href":"https:\/\/blogfolhadocomercio.com.br\/wp\/wp-json\/wp\/v2\/posts\/328696","targetHints":{"allow":["GET"]}}],"collection":[{"href":"https:\/\/blogfolhadocomercio.com.br\/wp\/wp-json\/wp\/v2\/posts"}],"about":[{"href":"https:\/\/blogfolhadocomercio.com.br\/wp\/wp-json\/wp\/v2\/types\/post"}],"author":[{"embeddable":true,"href":"https:\/\/blogfolhadocomercio.com.br\/wp\/wp-json\/wp\/v2\/users\/1"}],"replies":[{"embeddable":true,"href":"https:\/\/blogfolhadocomercio.com.br\/wp\/wp-json\/wp\/v2\/comments?post=328696"}],"version-history":[{"count":1,"href":"https:\/\/blogfolhadocomercio.com.br\/wp\/wp-json\/wp\/v2\/posts\/328696\/revisions"}],"predecessor-version":[{"id":328698,"href":"https:\/\/blogfolhadocomercio.com.br\/wp\/wp-json\/wp\/v2\/posts\/328696\/revisions\/328698"}],"wp:featuredmedia":[{"embeddable":true,"href":"https:\/\/blogfolhadocomercio.com.br\/wp\/wp-json\/wp\/v2\/media\/328697"}],"wp:attachment":[{"href":"https:\/\/blogfolhadocomercio.com.br\/wp\/wp-json\/wp\/v2\/media?parent=328696"}],"wp:term":[{"taxonomy":"category","embeddable":true,"href":"https:\/\/blogfolhadocomercio.com.br\/wp\/wp-json\/wp\/v2\/categories?post=328696"},{"taxonomy":"post_tag","embeddable":true,"href":"https:\/\/blogfolhadocomercio.com.br\/wp\/wp-json\/wp\/v2\/tags?post=328696"}],"curies":[{"name":"wp","href":"https:\/\/api.w.org\/{rel}","templated":true}]}}