{"id":328582,"date":"2024-11-28T16:04:24","date_gmt":"2024-11-28T19:04:24","guid":{"rendered":"https:\/\/blogfolhadocomercio.com.br\/wp\/?p=328582"},"modified":"2024-11-28T16:04:26","modified_gmt":"2024-11-28T19:04:26","slug":"aprendiz-do-futuro-abre-inscricoes-para-cadastro-de-reserva","status":"publish","type":"post","link":"https:\/\/blogfolhadocomercio.com.br\/wp\/2024\/11\/28\/aprendiz-do-futuro-abre-inscricoes-para-cadastro-de-reserva\/","title":{"rendered":"Aprendiz do Futuro abre inscri\u00e7\u00f5es para cadastro de reserva"},"content":{"rendered":"\n<figure class=\"wp-block-image\"><img decoding=\"async\" src=\"https:\/\/goias.gov.br\/wp-content\/uploads\/2024\/11\/SEDS-APRENDIZ-DO-FUTURO-INSCRICOES-CADASTRO-RESERVA-1024x682.jpeg\" alt=\"Goi\u00e1s Social abre inscri\u00e7\u00f5es para cadastro de reserva no Aprendiz do Futuro\" class=\"wp-image-396226\"\/><figcaption class=\"wp-element-caption\">Jovens dos 246 munic\u00edpios podem se inscrever no programa (Fotos: Carol Costa e Romullo Carvalho)<\/figcaption><\/figure>\n\n\n\n<p>O Goi\u00e1s Social e a Secretaria de Desenvolvimento Social (Seds) abrem nesta quinta-feira (28\/11), inscri\u00e7\u00f5es para cadastro de reserva no programa Aprendiz do Futuro. O edital completo com todas as informa\u00e7\u00f5es est\u00e1 dispon\u00edvel no site da&nbsp;<a href=\"http:\/\/social.go.gov.br\/\" target=\"_blank\" rel=\"noreferrer noopener\">Seds<\/a>&nbsp;e as inscri\u00e7\u00f5es podem ser realizadas no endere\u00e7o eletr\u00f4nico&nbsp;<a href=\"http:\/\/aprendizdofuturo.org.br\/\" target=\"_blank\" rel=\"noreferrer noopener\">aprendizdofuturo.org.br<\/a>, at\u00e9 o dia 30 de dezembro de 2024.<\/p>\n\n\n\n<p><strong>Podem se inscrever no programa do Goi\u00e1s Social, adolescentes que completem 14 anos em 2024, at\u00e9 15 anos e 11 meses, que estejam em situa\u00e7\u00e3o de vulnerabilidade econ\u00f4mica e social, com fam\u00edlia inscrita no Cadastro \u00danico que, sejam estudantes de rede p\u00fablica ou bolsista de 100% de rede particular, com renda familiar de at\u00e9 dois sal\u00e1rios m\u00ednimos, ou meio sal\u00e1rio por pessoa.<\/strong><\/p>\n\n\n\n<figure class=\"wp-block-image\"><img decoding=\"async\" src=\"https:\/\/agenciacoradenoticias.go.gov.br\/wp-content\/uploads\/2024\/11\/SEDS-APRENDIZ-DO-FUTURO-INSCRICOES-CADASTRO-RESERVA-PRIMEIRA-DAMA-E-JOVENS.jpeg\" alt=\"Goi\u00e1s Social abre inscri\u00e7\u00f5es para cadastro de reserva no Aprendiz do Futuro\" class=\"wp-image-138850\"\/><figcaption class=\"wp-element-caption\">Primeira-dama Gracinha Caiado sobre o Aprendiz do Futuro: \u201cOportunidade para que adolescentes em situa\u00e7\u00e3o de vulnerabilidade tenham um primeiro contato com o mercado de trabalho\u201d (Fotos: Carol Costa e Romullo Carvalho)<\/figcaption><\/figure>\n\n\n\n<p>\u201cEsta \u00e9 uma oportunidade para que adolescentes em situa\u00e7\u00e3o de vulnerabilidade tenham um primeiro contato com o mercado de trabalho, enquanto t\u00eam todo o suporte e apoio para continuarem se dedicando aos estudos\u201d, explica a coordenadora do Goi\u00e1s Social, primeira-dama Gracinha Caiado.<\/p>\n\n\n\n<figure class=\"wp-block-image\"><img decoding=\"async\" src=\"https:\/\/agenciacoradenoticias.go.gov.br\/wp-content\/uploads\/2024\/11\/SEDS-APRENDIZ-DO-FUTURO-INSCRICOES-CADASTRO-RESERVA-GOV-E-JOVENS.jpeg\" alt=\"Goi\u00e1s Social abre inscri\u00e7\u00f5es para cadastro de reserva no Aprendiz do Futuro\" class=\"wp-image-138849\"\/><figcaption class=\"wp-element-caption\">Programa do Governo de Goi\u00e1s tem como foco tecnologia, mercado de trabalho, alta performance e impacto social na vida dos jovens em situa\u00e7\u00e3o de vulnerabilidade social (Fotos: Carol Costa e Romullo Carvalho)<\/figcaption><\/figure>\n\n\n\n<h2 class=\"wp-block-heading\">Aprendiz do Futuro<\/h2>\n\n\n\n<p><strong>O programa tamb\u00e9m tem como p\u00fablico-alvo adolescentes de etnias tradicional como ind\u00edgena, quilombola, cigano ou afrodescendente. E ainda integrante de fam\u00edlia com mulher v\u00edtima de viol\u00eancia dom\u00e9stica, al\u00e9m de cota para pessoas com defici\u00eancia, sem limite de idade.<\/strong><\/p>\n\n\n\n<p><strong>O Aprendiz do Futuro tem como foco tecnologia, mercado de trabalho, alta performance e impacto social na vida dos jovens em situa\u00e7\u00e3o de vulnerabilidade<\/strong>.<\/p>\n\n\n\n<p>Eles recebem:<\/p>\n\n\n\n<ul class=\"wp-block-list\">\n<li>sal\u00e1rio de R$ 663,39,<\/li>\n\n\n\n<li>f\u00e9rias,<\/li>\n\n\n\n<li>13\u00ba sal\u00e1rio,<\/li>\n\n\n\n<li>vale-alimenta\u00e7\u00e3o de R$150,<\/li>\n\n\n\n<li>vale-transporte,<\/li>\n\n\n\n<li>seguro de vida<\/li>\n\n\n\n<li>e uniforme.<\/li>\n<\/ul>\n\n\n\n<figure class=\"wp-block-image\"><img decoding=\"async\" src=\"https:\/\/goias.gov.br\/wp-content\/uploads\/2024\/11\/SEDS-APRENDIZ-DO-FUTURO-INSCRICOES-CADASTRO-RESERVA1-1024x682.jpeg\" alt=\"Goi\u00e1s Social abre inscri\u00e7\u00f5es para cadastro de reserva no Aprendiz do Futuro\" class=\"wp-image-396227\"\/><figcaption class=\"wp-element-caption\">Criado em 2021, o programa j\u00e1 empregou 12 mil jovens, lotados em \u00f3rg\u00e3os p\u00fablicos nos 246 munic\u00edpios goianos (Fotos: Carol Costa e Romullo Carvalho)<\/figcaption><\/figure>\n\n\n\n<p><strong>Criado em 2021, o programa j\u00e1 empregou 12 mil jovens, lotados em \u00f3rg\u00e3os p\u00fablicos nos 246 munic\u00edpios goianos. A carga hor\u00e1ria di\u00e1ria \u00e9 de quatro horas, com um dia da semana dedicado \u00e0 realiza\u00e7\u00e3o de cursos de forma\u00e7\u00e3o e de refor\u00e7o nas disciplinas de Matem\u00e1tica e Portugu\u00eas, pela plataforma da Renapsi, parceira do programa.<\/strong><\/p>\n\n\n\n<p>O secret\u00e1rio da Seds Wellington Matos destaca a grandeza do programa, que \u00e9 completo.<\/p>\n\n\n\n<p>\u201cEle d\u00e1 condi\u00e7\u00f5es ao jovem de trabalhar e estudar, oferece forma\u00e7\u00e3o, incluindo o refor\u00e7o em disciplinas fundamentais na vida escolar, assegura os direitos trabalhistas, com contrata\u00e7\u00e3o pela CLT, dando autonomia para esses jovens custearem suas necessidades financeiras da idade, e at\u00e9 ajudar suas fam\u00edlias, entre outras vantagens de um programa t\u00e3o qualificado\u201d, sintetiza Matos.<\/p>\n\n\n\n<p><strong>Secretaria de Estado de Desenvolvimento Social (Seds) \u2013 Governo de Goi\u00e1s<\/strong><\/p>\n","protected":false},"excerpt":{"rendered":"<p>O Goi\u00e1s Social e a Secretaria de Desenvolvimento Social (Seds) abrem nesta quinta-feira (28\/11), inscri\u00e7\u00f5es para cadastro de reserva no programa Aprendiz do Futuro. O edital completo com todas as&hellip;<\/p>\n","protected":false},"author":1,"featured_media":328583,"comment_status":"closed","ping_status":"open","sticky":false,"template":"","format":"standard","meta":{"footnotes":""},"categories":[40,58,42],"tags":[],"class_list":["post-328582","post","type-post","status-publish","format-standard","has-post-thumbnail","hentry","category-educacao","category-social","category-ultimas"],"_links":{"self":[{"href":"https:\/\/blogfolhadocomercio.com.br\/wp\/wp-json\/wp\/v2\/posts\/328582","targetHints":{"allow":["GET"]}}],"collection":[{"href":"https:\/\/blogfolhadocomercio.com.br\/wp\/wp-json\/wp\/v2\/posts"}],"about":[{"href":"https:\/\/blogfolhadocomercio.com.br\/wp\/wp-json\/wp\/v2\/types\/post"}],"author":[{"embeddable":true,"href":"https:\/\/blogfolhadocomercio.com.br\/wp\/wp-json\/wp\/v2\/users\/1"}],"replies":[{"embeddable":true,"href":"https:\/\/blogfolhadocomercio.com.br\/wp\/wp-json\/wp\/v2\/comments?post=328582"}],"version-history":[{"count":1,"href":"https:\/\/blogfolhadocomercio.com.br\/wp\/wp-json\/wp\/v2\/posts\/328582\/revisions"}],"predecessor-version":[{"id":328584,"href":"https:\/\/blogfolhadocomercio.com.br\/wp\/wp-json\/wp\/v2\/posts\/328582\/revisions\/328584"}],"wp:featuredmedia":[{"embeddable":true,"href":"https:\/\/blogfolhadocomercio.com.br\/wp\/wp-json\/wp\/v2\/media\/328583"}],"wp:attachment":[{"href":"https:\/\/blogfolhadocomercio.com.br\/wp\/wp-json\/wp\/v2\/media?parent=328582"}],"wp:term":[{"taxonomy":"category","embeddable":true,"href":"https:\/\/blogfolhadocomercio.com.br\/wp\/wp-json\/wp\/v2\/categories?post=328582"},{"taxonomy":"post_tag","embeddable":true,"href":"https:\/\/blogfolhadocomercio.com.br\/wp\/wp-json\/wp\/v2\/tags?post=328582"}],"curies":[{"name":"wp","href":"https:\/\/api.w.org\/{rel}","templated":true}]}}