{"id":328495,"date":"2024-11-27T10:22:05","date_gmt":"2024-11-27T13:22:05","guid":{"rendered":"https:\/\/blogfolhadocomercio.com.br\/wp\/2024\/11\/27\/marinha-diz-que-nao-mobilizou-tanques-para-golpe-27-11-2024-brasilia-hoje\/"},"modified":"2024-11-27T10:22:09","modified_gmt":"2024-11-27T13:22:09","slug":"marinha-diz-que-nao-mobilizou-tanques-para-golpe-27-11-2024-brasilia-hoje","status":"publish","type":"post","link":"https:\/\/blogfolhadocomercio.com.br\/wp\/2024\/11\/27\/marinha-diz-que-nao-mobilizou-tanques-para-golpe-27-11-2024-brasilia-hoje\/","title":{"rendered":"Marinha diz que n\u00e3o mobilizou tanques para golpe &#8211; 27\/11\/2024 &#8211; Bras\u00edlia Hoje"},"content":{"rendered":"<p> <br \/>\n<\/p>\n<div data-news-content-text=\"\" data-disable-copy=\"\" data-continue-reading=\"\" data-continue-reading-hide-others=\".js-continue-reading-hidden\" data-age-rating=\"all\" itemprop=\"articleBody\">\n<p>A <a href=\"https:\/\/www1.folha.uol.com.br\/folha-topicos\/forcas-armadas\/\">Marinha <\/a>afirmou nesta quarta-feira (27) que n\u00e3o houve mobiliza\u00e7\u00e3o de tanques de guerra da For\u00e7a no fim de 2022 para a <a href=\"https:\/\/www1.folha.uol.com.br\/poder\/2024\/11\/veja-integra-do-relatorio-da-pf-que-indiciou-bolsonaro-por-trama-golpista.shtml\">execu\u00e7\u00e3o de um golpe de Estado<\/a>.<\/p>\n<p>A nota foi divulgada ap\u00f3s o <a href=\"https:\/\/www1.folha.uol.com.br\/poder\/2024\/11\/pf-liga-ataque-de-bolsonaro-as-urnas-a-trama-para-dar-golpe-de-estado-em-2022.shtml\">relat\u00f3rio final da Pol\u00edcia Federal sobre a trama golpista<\/a> liderada pelo ex-presidente <a href=\"https:\/\/www1.folha.uol.com.br\/folha-topicos\/jair-bolsonaro\/\">Jair Bolsonaro<\/a> (PL) mostrar uma troca de mensagens entre uma pessoa desconhecida com o tenente-coronel <a href=\"https:\/\/www1.folha.uol.com.br\/poder\/2024\/11\/entenda-o-papel-dos-37-indiciados-em-trama-golpista-segundo-inquerito-da-pf.shtml\">S\u00e9rgio Ricardo Cavaliere<\/a>.<\/p>\n<p>O militar fez a captura de tela das conversas com o contato registrado como &#8220;Riva&#8221; e a enviou para o tenente-coronel <a href=\"https:\/\/www1.folha.uol.com.br\/folha-topicos\/mauro-cid\/\">Mauro Cid<\/a>. Nas mensagens, a pessoa n\u00e3o identificada diz, sem apresentar provas, que generais estariam negociando cargos com o governo do presidente eleito <a href=\"https:\/\/www1.folha.uol.com.br\/folha-topicos\/lula\/\">Lula <\/a>(PT).<\/p>\n<p>&#8220;O Alte Garnier \u00e9 PATRIOTA. Tinham tanques no Arsenal prontos&#8221;, diz Riva na sequ\u00eancia. Ele se referia ao fato do ex-comandante da Marinha Almir Garnier Santos ser o \u00fanico chefe das For\u00e7as Armadas a apoiar o golpe de Estado planejado por Bolsonaro.<\/p>\n<p>Mauro Cid respondeu a Cavaliere no prints que &#8220;a hist\u00f3ria n\u00e3o foi bem assim&#8221; e, na sequ\u00eancia, envia \u00e1udios posteriormente apagados. A conversa ocorreu em 4 de janeiro de 2023.<\/p>\n<p>&#8220;A Marinha do Brasil afian\u00e7a que em nenhum momento houve ordem, planejamento ou mobiliza\u00e7\u00e3o de ve\u00edculos blindados para a execu\u00e7\u00e3o de a\u00e7\u00f5es que tentassem abolir o Estado Democr\u00e1tico de Direito&#8221;, diz a For\u00e7a, em nota.<\/p>\n<p>O comunicado ainda diz que a Marinha &#8220;assegura que seus atos s\u00e3o pautados pela rigorosa observ\u00e2ncia da legisla\u00e7\u00e3o, valores \u00e9ticos e transpar\u00eancia&#8221;.<\/p>\n<p>&#8220;Sublinha-se que a constante prontid\u00e3o dos meios navais, aeronavais e de fuzileiros navais n\u00e3o foi e nem ser\u00e1 desviada para servir a iniciativas que impe\u00e7am ou restrinjam o exerc\u00edcio dos Poderes Constitucionais&#8221;, completa.<\/p>\n<\/p><\/div>\n<div>\n<p class=\"c-context__content\">\n    <strong>LINK PRESENTE:<\/strong> Gostou deste texto? Assinante pode liberar sete acessos gratuitos de qualquer link por dia. Basta clicar no F azul abaixo.\n  <\/p>\n<\/div>\n<p><br \/>\n<br \/><a href=\"https:\/\/redir.folha.com.br\/redir\/online\/poder\/rss091\/*https:\/\/www1.folha.uol.com.br\/blogs\/brasilia-hoje\/2024\/11\/marinha-diz-que-nao-mobilizou-tanques-para-golpe-de-estado.shtml\">Fonte https:\/\/redir.folha.com.br\/redir\/online\/poder\/rss091\/*https:\/\/www1.folha.uol.com.br\/blogs\/brasilia-hoje\/2024\/11\/marinha-diz-que-nao-mobilizou-tanques-para-golpe-de-estado.shtml<\/a><\/p>\n","protected":false},"excerpt":{"rendered":"<p>A Marinha afirmou nesta quarta-feira (27) que n\u00e3o houve mobiliza\u00e7\u00e3o de tanques de guerra da For\u00e7a no fim de 2022 para a execu\u00e7\u00e3o de um golpe de Estado. A nota&hellip;<\/p>\n","protected":false},"author":1,"featured_media":328496,"comment_status":"closed","ping_status":"open","sticky":false,"template":"","format":"standard","meta":{"footnotes":""},"categories":[34,42],"tags":[],"class_list":["post-328495","post","type-post","status-publish","format-standard","has-post-thumbnail","hentry","category-brasil","category-ultimas"],"_links":{"self":[{"href":"https:\/\/blogfolhadocomercio.com.br\/wp\/wp-json\/wp\/v2\/posts\/328495","targetHints":{"allow":["GET"]}}],"collection":[{"href":"https:\/\/blogfolhadocomercio.com.br\/wp\/wp-json\/wp\/v2\/posts"}],"about":[{"href":"https:\/\/blogfolhadocomercio.com.br\/wp\/wp-json\/wp\/v2\/types\/post"}],"author":[{"embeddable":true,"href":"https:\/\/blogfolhadocomercio.com.br\/wp\/wp-json\/wp\/v2\/users\/1"}],"replies":[{"embeddable":true,"href":"https:\/\/blogfolhadocomercio.com.br\/wp\/wp-json\/wp\/v2\/comments?post=328495"}],"version-history":[{"count":1,"href":"https:\/\/blogfolhadocomercio.com.br\/wp\/wp-json\/wp\/v2\/posts\/328495\/revisions"}],"predecessor-version":[{"id":328497,"href":"https:\/\/blogfolhadocomercio.com.br\/wp\/wp-json\/wp\/v2\/posts\/328495\/revisions\/328497"}],"wp:featuredmedia":[{"embeddable":true,"href":"https:\/\/blogfolhadocomercio.com.br\/wp\/wp-json\/wp\/v2\/media\/328496"}],"wp:attachment":[{"href":"https:\/\/blogfolhadocomercio.com.br\/wp\/wp-json\/wp\/v2\/media?parent=328495"}],"wp:term":[{"taxonomy":"category","embeddable":true,"href":"https:\/\/blogfolhadocomercio.com.br\/wp\/wp-json\/wp\/v2\/categories?post=328495"},{"taxonomy":"post_tag","embeddable":true,"href":"https:\/\/blogfolhadocomercio.com.br\/wp\/wp-json\/wp\/v2\/tags?post=328495"}],"curies":[{"name":"wp","href":"https:\/\/api.w.org\/{rel}","templated":true}]}}