{"id":328489,"date":"2024-11-26T20:13:34","date_gmt":"2024-11-26T23:13:34","guid":{"rendered":"https:\/\/blogfolhadocomercio.com.br\/wp\/?p=328489"},"modified":"2024-11-26T20:13:36","modified_gmt":"2024-11-26T23:13:36","slug":"pf-encontra-oracao-ao-golpe-enviada-a-aliados-de-bolsonaro-para-pedir-apoio-de-generais","status":"publish","type":"post","link":"https:\/\/blogfolhadocomercio.com.br\/wp\/2024\/11\/26\/pf-encontra-oracao-ao-golpe-enviada-a-aliados-de-bolsonaro-para-pedir-apoio-de-generais\/","title":{"rendered":"PF encontra \u2018ora\u00e7\u00e3o ao golpe\u2019 enviada a aliados de Bolsonaro para pedir apoio de generais"},"content":{"rendered":"\n<p><strong>Mensagem foi retirada do aparelho do padre Jos\u00e9 Eduardo de Oliveira e Silva, que est\u00e1 na lista dos 37 indiciados pela tentativa de golpe de Estado<\/strong><\/p>\n\n\n\n<p>A&nbsp;<a href=\"https:\/\/www.estadao.com.br\/tudo-sobre\/policia-federal\/\" target=\"_blank\" rel=\"noreferrer noopener\">Pol\u00edcia Federal (PF)<\/a>&nbsp;resgatou do celular do padre&nbsp;<a href=\"https:\/\/www.estadao.com.br\/tudo-sobre\/jose-eduardo-de-oliveira\/\" target=\"_blank\" rel=\"noreferrer noopener\">Jos\u00e9 Eduardo de Oliveira e Silva<\/a>, da Diocese de&nbsp;<a href=\"https:\/\/www.estadao.com.br\/tudo-sobre\/osasco-sp\/\" target=\"_blank\" rel=\"noreferrer noopener\">Osasco<\/a>, na Grande S\u00e3o Paulo, uma \u201cora\u00e7\u00e3o ao golpe\u201d. Segundo o documento, em 03 de novembro de 2022, o p\u00e1roco encaminhou uma mensagem a um contato salvo como \u201cFrei Gilson\u201d, identificado pela corpora\u00e7\u00e3o como&nbsp;<strong>Gilson da Silva Pupo Azevedo<\/strong>.<\/p>\n\n\n\n<p>No texto, o religioso pede \u201cque todos os brasileiros, cat\u00f3licos e evang\u00e9licos, os incluam em suas ora\u00e7\u00f5es, os nomes do Ministro da Defesa e de outros dezesseis Generais 4 estrelas \u2018pedindo para que Deus lhes d\u00ea a coragem de salvar o Brasil, lhes ajude a vencer a covardia e os estimule a agir com consci\u00eancia hist\u00f3rica e n\u00e3o apenas como funcion\u00e1rios p\u00fablico de farda\u2019\u201d. O religioso pede ainda que Frei Gilson repasse a mensagem apenas para \u201cpessoas de estrita confian\u00e7a\u201d.<\/p>\n\n\n\n<figure class=\"wp-block-image\"><img decoding=\"async\" src=\"https:\/\/www.estadao.com.br\/resizer\/v2\/O7KMJVWJ75EBNCGNIDFL2DXI3Q.png?quality=80&amp;auth=fc1e308fef6499e306f7d884fd32aebf2d5f3ce3247b79ce63177b7f22222c76&amp;width=380\" alt=\"Relat\u00f3rio da PF cita 'ora\u00e7\u00e3o ao golpe' distribu\u00edda aliados de Bolsonaro para pedir apoio de generais\"\/><figcaption class=\"wp-element-caption\">Relat\u00f3rio da PF cita &#8216;ora\u00e7\u00e3o ao golpe&#8217; distribu\u00edda aliados de Bolsonaro para pedir apoio de generais&nbsp;<em>Foto:&nbsp;Reprodu\u00e7\u00e3o\/Pol\u00edcia Federal<\/em><\/figcaption><\/figure>\n\n\n\n<p>Para a PF, a mensagem \u201cdemonstra que Jos\u00e9 Eduardo, logo ap\u00f3s a derrota de Jair Bolsonaro nas elei\u00e7\u00f5es presidenciais, j\u00e1 disseminava a ideia de um golpe de Estado apoiado pelas For\u00e7as Armadas, para manter o ent\u00e3o presidente no poder e impedir a posse do governo eleito\u201d.<\/p>\n\n\n\n<p>S\u00e3o citados na mensagem os seguintes generais de Ex\u00e9rcito e seus postos \u00e0 \u00e9poca dos fatos:<\/p>\n\n\n\n<ol class=\"wp-block-list\">\n<li>Paulo S\u00e9rgio Nogueira de Oliveira, ministro da Defesa<\/li>\n\n\n\n<li>Marco Ant\u00f4nio Freire Gomes, comandante do Ex\u00e9rcito<\/li>\n\n\n\n<li>Val\u00e9rio Stumpf Trindade, chefe do Estado-Maior do Ex\u00e9rcito<\/li>\n\n\n\n<li>Estevam Cals Theophilo Gaspar de Oliveira, chefe do Comando de Opera\u00e7\u00f5es Terrestres<\/li>\n\n\n\n<li>Jo\u00e3o Chalella J\u00fanior, chefe do Departamento-Geral de Pessoal<\/li>\n\n\n\n<li>Fl\u00e1vio Marcus Lancia Gomes, chefe do Departamento de Cultura e Educa\u00e7\u00e3o<\/li>\n\n\n\n<li>Guido Amin Naves, chefe do Departamento de Ci\u00eancia e Tecnologia<\/li>\n\n\n\n<li>Laerte de Souza Santos, comandante Log\u00edstico<\/li>\n\n\n\n<li>J\u00falio C\u00e9sar de Arruda, chefe do Departamento de Engenharia e Constru\u00e7\u00e3o<\/li>\n\n\n\n<li>S\u00e9rgio da Costa Negraes, secret\u00e1rio de Economia e Finan\u00e7as<\/li>\n\n\n\n<li>Achilles Furlan Neto, comandante militar da Amaz\u00f4nia<\/li>\n\n\n\n<li>Ricardo Augusto Ferreira Costa Neves, comandante militar do Norte<\/li>\n\n\n\n<li>Richard Fernandez Nunes, comandante militar do Nordeste<\/li>\n\n\n\n<li>An\u00edsio David de Oliveira J\u00fanior, comandante militar do Oeste<\/li>\n\n\n\n<li>Andr\u00e9 Lu\u00eds Novaes Miranda, comandante militar do Leste<\/li>\n\n\n\n<li>Tom\u00e1s Miguel Min\u00e9 Ribeiro Paiva, comandante militar do Sudeste<\/li>\n\n\n\n<li>Fernando Jos\u00e9 Sant\u2019Ana Soares e Silva, comandante militar do Sul<\/li>\n<\/ol>\n\n\n\n<p>As investiga\u00e7\u00f5es da PF tamb\u00e9m j\u00e1 tinham identificado que o p\u00e1roco participou de uma reuni\u00e3o em 19 de novembro de 2022 no Pal\u00e1cio do Planalto, quando foi discutida uma minuta golpista para impedir a posse do ent\u00e3o presidente eleito,\u00a0<a href=\"https:\/\/www.estadao.com.br\/tudo-sobre\/lula-luiz-inacio-lula-da-silva\/\">Luiz In\u00e1cio Lula da Silva<\/a>\u00a0(PT).<\/p>\n\n\n\n<p>Segundo o ministro&nbsp;<a href=\"https:\/\/www.estadao.com.br\/tudo-sobre\/alexandre-de-moraes\/\">Alexandre de Moraes<\/a>, do&nbsp;<a href=\"https:\/\/www.estadao.com.br\/tudo-sobre\/stf-supremo-tribunal-federal\/\" target=\"_blank\" rel=\"noreferrer noopener\">Supremo Tribunal Federal (STF)<\/a>, Oliveira seria integrante do n\u00facleo jur\u00eddico do esquema e atuaria no \u201cassessoramento e elabora\u00e7\u00e3o de minutas de decretos com fundamenta\u00e7\u00e3o jur\u00eddica e doutrin\u00e1ria que atendessem aos interesses golpistas do grupo investigado\u201d.<\/p>\n\n\n\n<p>Na opera\u00e7\u00e3o, o padre foi informado que teria que cumprir medidas cautelares para n\u00e3o ser preso. Ele disse que entregou seu celular \u00e0 PF sem as senhas pois, segundo ele, seu&nbsp;<a href=\"https:\/\/www.estadao.com.br\/politica\/padre-investigado-por-tentativa-de-golpe-alega-sigilo-sacerdotal-e-entrega-celular-sem-senha-a-pf-nprp\/\">\u201csigilo sacerdotal n\u00e3o pode ser violado\u201d j\u00e1 que o equipamento armazena os \u201cdramas mais profundos de fi\u00e9is\u201d<\/a>.<\/p>\n\n\n\n<p>No dia do resultado do primeiro turno das elei\u00e7\u00f5es presidenciais, 2 de outubro, o p\u00e1roco postou uma foto de um altar com a bandeira do Brasil em cima de uma santa. Na legenda, escreveu: \u201cUns confiam em carros, outros em cavalos. N\u00f3s, por\u00e9m, confiamos no Senhor e, assim, resistiremos.\u201d Atualmente, o religioso tem mais de 430 mil seguidores.<\/p>\n\n\n\n<p>Quando da\u00a0<a href=\"https:\/\/www.estadao.com.br\/politica\/tempus-veritatis-o-que-significa-nome-operacao-pf-policia-federal-jair-bolsonaro-aliados-politicos-nprp\/\" target=\"_blank\" rel=\"noreferrer noopener\">Opera\u00e7\u00e3o Tempus Veritatis<\/a>, em fevereiro, o sacerdote afirmou, em nota, que, em rela\u00e7\u00e3o ao inqu\u00e9rito da PF, sua posi\u00e7\u00e3o sobre o assunto \u00e9 \u201cclara\u201d e \u201cinequ\u00edvoca\u201d, e diz estar \u00e0 disposi\u00e7\u00e3o da Justi\u00e7a.<\/p>\n\n\n\n<p>\u201cA Rep\u00fablica \u00e9 laica e regida pelos preceitos constitucionais, que devem ser respeitados. Romper com a ordem estabelecida seria profundamente contr\u00e1rio aos meus princ\u00edpios. Abaixo de Deus, em nosso Pa\u00eds, est\u00e1 a Constitui\u00e7\u00e3o Federal. Portanto, n\u00e3o cooperei nem endossei com qualquer ato disruptivo da Constitui\u00e7\u00e3o. Como professor de teologia moral, sempre ensinei que a lei positiva deve ser obedecida pelos fi\u00e9is, dentre as quais humildemente me incluo\u201d, escreveu em nota.<\/p>\n\n\n\n<p>Tamb\u00e9m em nota, a Diocese de Osasco afirmou que recebeu a not\u00edcia sobre as investiga\u00e7\u00f5es e buscas da PF \u00e0 casa do padre por meio das m\u00eddias sociais. \u201cA Diocese se colocar\u00e1 sempre ao lado da Justi\u00e7a, colaborando com as autoridades na elucida\u00e7\u00e3o do caso\u201d.<\/p>\n\n\n\n<p><strong>Veja a nota divulgada pela defesa do padre ap\u00f3s o indiciamento:<\/strong><\/p>\n\n\n\n<p><em>\u201cMenos de 7 dias depois de dar depoimento \u00e0 Pol\u00edcia Federal, o padre Jos\u00e9 Eduardo de Oliveira e Silva viu seu nome estampado pela mesma PF como um dos indiciados no inqu\u00e9rito da Pet 12.100. Os investigadores que apresentaram o relat\u00f3rio n\u00e3o se furtaram em romper a lei e tratado internacional ao vasculhar conversas e dire\u00e7\u00f5es espirituais que possuem garantia de sigilo e foram realizadas pelo padre.<\/em><\/p>\n\n\n\n<p><em>Consta que o Ministro Alexandre de Moraes decretou sigilo no referido processo, o que significa que n\u00e3o cabia \u00e0 Pol\u00edcia Federal, sem autoriza\u00e7\u00e3o nos autos, do mesmo juiz, fazer declara\u00e7\u00f5es ou emitir notas com nomes de indiciados. Houve um descumprimento de ordem judicial.<\/em><\/p>\n\n\n\n<p><em>Como se repete sempre, ordem judicial se cumpre. Portanto, sequer caberia \u00e0 Pol\u00edcia Federal sugerir que havia qualquer tipo de autoriza\u00e7\u00e3o direta do Ministro, pois ordem judicial s\u00f3 pode ser modificada por outra ordem judicial, com decis\u00e3o em regular processo, e n\u00e3o por mera comunica\u00e7\u00e3o verbal ou escrita.<\/em><\/p>\n\n\n\n<p><em>O referido descumprimento da ordem judicial \u00e9 um dos v\u00e1rios abusos cometidos ao longo da investiga\u00e7\u00e3o.<\/em><\/p>\n\n\n\n<p><em>O padre Jos\u00e9 Eduardo reitera que jamais participou e nem tem condi\u00e7\u00f5es t\u00e9cnico-jur\u00eddicas de participar de qualquer reuni\u00e3o que visasse o rompimento da Ordem Institucional e do Estado de Direito. Como religioso, vai a Bras\u00edlia desde o ano de 2013 e sempre atendeu todos aqueles que o procuraram para atendimentos de cunho religioso. Foi exclusivamente neste contexto que se deram as visitas dele a Bras\u00edlia ao final do ano de 2021 em todas as demais vezes que se dirigiu \u00e0 Capital do pa\u00eds.\u201d<\/em><\/p>\n\n\n\n<p><strong>Por Estad\u00e3o<\/strong><\/p>\n\n\n\n<p><strong><br><\/strong><\/p>\n","protected":false},"excerpt":{"rendered":"<p>Mensagem foi retirada do aparelho do padre Jos\u00e9 Eduardo de Oliveira e Silva, que est\u00e1 na lista dos 37 indiciados pela tentativa de golpe de Estado A&nbsp;Pol\u00edcia Federal (PF)&nbsp;resgatou do&hellip;<\/p>\n","protected":false},"author":1,"featured_media":328490,"comment_status":"closed","ping_status":"open","sticky":false,"template":"","format":"standard","meta":{"footnotes":""},"categories":[54,35,42],"tags":[],"class_list":["post-328489","post","type-post","status-publish","format-standard","has-post-thumbnail","hentry","category-crime","category-politica","category-ultimas"],"_links":{"self":[{"href":"https:\/\/blogfolhadocomercio.com.br\/wp\/wp-json\/wp\/v2\/posts\/328489","targetHints":{"allow":["GET"]}}],"collection":[{"href":"https:\/\/blogfolhadocomercio.com.br\/wp\/wp-json\/wp\/v2\/posts"}],"about":[{"href":"https:\/\/blogfolhadocomercio.com.br\/wp\/wp-json\/wp\/v2\/types\/post"}],"author":[{"embeddable":true,"href":"https:\/\/blogfolhadocomercio.com.br\/wp\/wp-json\/wp\/v2\/users\/1"}],"replies":[{"embeddable":true,"href":"https:\/\/blogfolhadocomercio.com.br\/wp\/wp-json\/wp\/v2\/comments?post=328489"}],"version-history":[{"count":1,"href":"https:\/\/blogfolhadocomercio.com.br\/wp\/wp-json\/wp\/v2\/posts\/328489\/revisions"}],"predecessor-version":[{"id":328491,"href":"https:\/\/blogfolhadocomercio.com.br\/wp\/wp-json\/wp\/v2\/posts\/328489\/revisions\/328491"}],"wp:featuredmedia":[{"embeddable":true,"href":"https:\/\/blogfolhadocomercio.com.br\/wp\/wp-json\/wp\/v2\/media\/328490"}],"wp:attachment":[{"href":"https:\/\/blogfolhadocomercio.com.br\/wp\/wp-json\/wp\/v2\/media?parent=328489"}],"wp:term":[{"taxonomy":"category","embeddable":true,"href":"https:\/\/blogfolhadocomercio.com.br\/wp\/wp-json\/wp\/v2\/categories?post=328489"},{"taxonomy":"post_tag","embeddable":true,"href":"https:\/\/blogfolhadocomercio.com.br\/wp\/wp-json\/wp\/v2\/tags?post=328489"}],"curies":[{"name":"wp","href":"https:\/\/api.w.org\/{rel}","templated":true}]}}