{"id":328312,"date":"2024-11-23T21:45:28","date_gmt":"2024-11-24T00:45:28","guid":{"rendered":"https:\/\/blogfolhadocomercio.com.br\/wp\/?p=328312"},"modified":"2024-11-23T21:45:33","modified_gmt":"2024-11-24T00:45:33","slug":"santa-com-mancha-vermelha-vira-caso-de-investigacao-em-goias","status":"publish","type":"post","link":"https:\/\/blogfolhadocomercio.com.br\/wp\/2024\/11\/23\/santa-com-mancha-vermelha-vira-caso-de-investigacao-em-goias\/","title":{"rendered":"Santa com mancha vermelha vira caso de investiga\u00e7\u00e3o em Goi\u00e1s"},"content":{"rendered":"\n<p>Igreja Cat\u00f3lica investiga poss\u00edvel mancha de sangue em imagem de Santa Rita de C\u00e1ssia no povoado de Estul\u00e2nia, em Goi\u00e1s<\/p>\n\n\n\n<figure class=\"wp-block-image size-full\"><img loading=\"lazy\" decoding=\"async\" width=\"960\" height=\"640\" src=\"https:\/\/blogfolhadocomercio.com.br\/wp\/wp-content\/uploads\/2024\/11\/image-367.png\" alt=\"\" class=\"wp-image-328313\" srcset=\"https:\/\/blogfolhadocomercio.com.br\/wp\/wp-content\/uploads\/2024\/11\/image-367.png 960w, https:\/\/blogfolhadocomercio.com.br\/wp\/wp-content\/uploads\/2024\/11\/image-367-300x200.png 300w, https:\/\/blogfolhadocomercio.com.br\/wp\/wp-content\/uploads\/2024\/11\/image-367-768x512.png 768w, https:\/\/blogfolhadocomercio.com.br\/wp\/wp-content\/uploads\/2024\/11\/image-367-585x390.png 585w, https:\/\/blogfolhadocomercio.com.br\/wp\/wp-content\/uploads\/2024\/11\/image-367-263x175.png 263w\" sizes=\"auto, (max-width: 960px) 100vw, 960px\" \/><figcaption class=\"wp-element-caption\">Igreja Cat\u00f3lica investiga poss\u00edvel mancha de sangue em imagem de Santa Rita de C\u00e1ssia no povoado de Estul\u00e2nia (Foto: reprodu\u00e7\u00e3o TV Anhanguera)<\/figcaption><\/figure>\n\n\n\n<p>Uma santa com mancha vermelha na testa virou caso de investiga\u00e7\u00e3o por parte da Igreja Cat\u00f3lica em Goi\u00e1s. Tratada como poss\u00edvel mancha de sangue, a colora\u00e7\u00e3o surgiu em uma imagem de Santa Rita de C\u00e1ssia, na igreja do povoado de Estul\u00e2nia, em Piracanjuba. A marca, que se formou a partir de uma fissura, foi notada por fi\u00e9is durante as\u00a0festividades\u00a0de maio deste ano. No entanto, o caso foi mantido em sigilo pela\u00a0<a href=\"https:\/\/www.arquidiocesedegoiania.org.br\/\" target=\"_blank\" rel=\"noreferrer noopener\">par\u00f3quia<\/a>\u00a0at\u00e9 o momento.<\/p>\n\n\n\n<p>O l\u00edquido vermelho chamou a aten\u00e7\u00e3o dos devotos durante a festa da padroeira, mas a investiga\u00e7\u00e3o s\u00f3 ganhou destaque ap\u00f3s a abertura do processo investigativo. A Igreja busca esclarecer se o ocorrido \u00e9 um fen\u00f4meno natural, resultado de alguma interven\u00e7\u00e3o humana ou, em uma possibilidade mais rara, um milagre.<\/p>\n\n\n\n<h2 class=\"wp-block-heading\" id=\"h-santa-com-mancha-vermelha-bispo-quer-verdade-dos-fatos\">Santa com mancha vermelha: bispo quer verdade dos fatos<\/h2>\n\n\n\n<p>Segundo o bispo Dom Jos\u00e9 Aparecido de Almeida, embora a Igreja tenha f\u00e9 nos milagres, o principal objetivo da investiga\u00e7\u00e3o \u00e9 apurar a verdade dos fatos. Ele enfatizou que a prioridade \u00e9 esclarecer a realidade do ocorrido, sem antecipar conclus\u00f5es sobre a natureza do fen\u00f4meno.<\/p>\n\n\n\n<p>Os primeiros resultados dos exames realizados j\u00e1 foram entregues, mas os testes complementares ainda est\u00e3o em andamento. O bispo informou que, ao final da apura\u00e7\u00e3o, o caso ser\u00e1 comunicado ao representante do Papa no Brasil. Al\u00e9m disso, as pessoas que testemunharam a apari\u00e7\u00e3o do l\u00edquido na imagem ser\u00e3o ouvidas nos pr\u00f3ximos dias.<\/p>\n\n\n\n<p>Enquanto a investiga\u00e7\u00e3o continua, a comunidade religiosa segue acompanhando o caso e aguardando mais esclarecimentos sobre o fen\u00f4meno e seu poss\u00edvel significado para a f\u00e9 local.<\/p>\n\n\n\n<p><strong>Por Mais Goi\u00e1s<\/strong><\/p>\n","protected":false},"excerpt":{"rendered":"<p>Igreja Cat\u00f3lica investiga poss\u00edvel mancha de sangue em imagem de Santa Rita de C\u00e1ssia no povoado de Estul\u00e2nia, em Goi\u00e1s Uma santa com mancha vermelha na testa virou caso de&hellip;<\/p>\n","protected":false},"author":1,"featured_media":328313,"comment_status":"closed","ping_status":"open","sticky":false,"template":"","format":"standard","meta":{"footnotes":""},"categories":[1,42],"tags":[],"class_list":["post-328312","post","type-post","status-publish","format-standard","has-post-thumbnail","hentry","category-cidades","category-ultimas"],"_links":{"self":[{"href":"https:\/\/blogfolhadocomercio.com.br\/wp\/wp-json\/wp\/v2\/posts\/328312","targetHints":{"allow":["GET"]}}],"collection":[{"href":"https:\/\/blogfolhadocomercio.com.br\/wp\/wp-json\/wp\/v2\/posts"}],"about":[{"href":"https:\/\/blogfolhadocomercio.com.br\/wp\/wp-json\/wp\/v2\/types\/post"}],"author":[{"embeddable":true,"href":"https:\/\/blogfolhadocomercio.com.br\/wp\/wp-json\/wp\/v2\/users\/1"}],"replies":[{"embeddable":true,"href":"https:\/\/blogfolhadocomercio.com.br\/wp\/wp-json\/wp\/v2\/comments?post=328312"}],"version-history":[{"count":1,"href":"https:\/\/blogfolhadocomercio.com.br\/wp\/wp-json\/wp\/v2\/posts\/328312\/revisions"}],"predecessor-version":[{"id":328314,"href":"https:\/\/blogfolhadocomercio.com.br\/wp\/wp-json\/wp\/v2\/posts\/328312\/revisions\/328314"}],"wp:featuredmedia":[{"embeddable":true,"href":"https:\/\/blogfolhadocomercio.com.br\/wp\/wp-json\/wp\/v2\/media\/328313"}],"wp:attachment":[{"href":"https:\/\/blogfolhadocomercio.com.br\/wp\/wp-json\/wp\/v2\/media?parent=328312"}],"wp:term":[{"taxonomy":"category","embeddable":true,"href":"https:\/\/blogfolhadocomercio.com.br\/wp\/wp-json\/wp\/v2\/categories?post=328312"},{"taxonomy":"post_tag","embeddable":true,"href":"https:\/\/blogfolhadocomercio.com.br\/wp\/wp-json\/wp\/v2\/tags?post=328312"}],"curies":[{"name":"wp","href":"https:\/\/api.w.org\/{rel}","templated":true}]}}