{"id":328197,"date":"2024-11-22T14:35:45","date_gmt":"2024-11-22T17:35:45","guid":{"rendered":"https:\/\/blogfolhadocomercio.com.br\/wp\/?p=328197"},"modified":"2024-11-22T14:35:47","modified_gmt":"2024-11-22T17:35:47","slug":"justica-aumenta-penas-e-ordena-novo-juri-para-acusado-de-tortura-e-homicidio-em-mineiros","status":"publish","type":"post","link":"https:\/\/blogfolhadocomercio.com.br\/wp\/2024\/11\/22\/justica-aumenta-penas-e-ordena-novo-juri-para-acusado-de-tortura-e-homicidio-em-mineiros\/","title":{"rendered":"Justi\u00e7a aumenta penas e ordena novo j\u00fari para acusado de tortura e homic\u00eddio em Mineiros"},"content":{"rendered":"\n<p>Justi\u00e7a endurece puni\u00e7\u00f5es e ordena novo j\u00fari para absolvido no caso de tortura e homic\u00eddio em Mineiros, refor\u00e7ando o combate \u00e0 viol\u00eancia e \u00e0 atua\u00e7\u00e3o de fac\u00e7\u00f5es criminosas<\/p>\n\n\n\n<figure class=\"wp-block-image size-full\"><img loading=\"lazy\" decoding=\"async\" width=\"960\" height=\"640\" src=\"https:\/\/blogfolhadocomercio.com.br\/wp\/wp-content\/uploads\/2024\/11\/image-332.png\" alt=\"\" class=\"wp-image-328198\" srcset=\"https:\/\/blogfolhadocomercio.com.br\/wp\/wp-content\/uploads\/2024\/11\/image-332.png 960w, https:\/\/blogfolhadocomercio.com.br\/wp\/wp-content\/uploads\/2024\/11\/image-332-300x200.png 300w, https:\/\/blogfolhadocomercio.com.br\/wp\/wp-content\/uploads\/2024\/11\/image-332-768x512.png 768w, https:\/\/blogfolhadocomercio.com.br\/wp\/wp-content\/uploads\/2024\/11\/image-332-585x390.png 585w, https:\/\/blogfolhadocomercio.com.br\/wp\/wp-content\/uploads\/2024\/11\/image-332-263x175.png 263w\" sizes=\"auto, (max-width: 960px) 100vw, 960px\" \/><\/figure>\n\n\n\n<p>O\u00a0<a href=\"https:\/\/www.tjgo.jus.br\/\" target=\"_blank\" rel=\"noreferrer noopener\">Tribunal de Justi\u00e7a<\/a>\u00a0de Goi\u00e1s (TJGO) determinou o aumento das penas de Lucas Oliveira Barbosa, Claudeide Soares de Moura e Vitor Matheus Gon\u00e7alves, condenados por tortura e\u00a0homic\u00eddio em Mineiros, crimes cometidos contra Edfram Marcelo Duarte da Silva em 2020. Al\u00e9m disso, o \u00f3rg\u00e3o ordenou que Gabriel Alves da Silva, que havia sido absolvido no caso, seja novamente julgado.<\/p>\n\n\n\n<p>A decis\u00e3o atende a um recurso do Minist\u00e9rio P\u00fablico de Goi\u00e1s (MPGO)<strong>,<\/strong>&nbsp;que alegou que a absolvi\u00e7\u00e3o de Gabriel contrariava as provas apresentadas. Para o aumento das penas, a corte reconheceu a conduta social reprov\u00e1vel dos demais envolvidos, todos ligados a uma fac\u00e7\u00e3o criminosa, como justificativa para o agravamento senten\u00e7as.<\/p>\n\n\n\n<p>Agora, Lucas Oliveira foi condenado a 16 anos e 8 meses, enquanto Claudeide e Vitor receberam penas de 18 anos e 7 meses cada.<\/p>\n\n\n\n<h3 class=\"wp-block-heading\" id=\"h-o-crime-de-tortura-e-homicidio-em-mineiros\">O crime de tortura e homic\u00eddio em Mineiros<\/h3>\n\n\n\n<p>De acordo com a den\u00fancia, o caso ocorreu em mar\u00e7o de 2020, motivado por uma disputa amorosa. Os r\u00e9us teriam torturado uma adolescente com viol\u00eancia f\u00edsica e psicol\u00f3gica, causando-lhe sofrimento extremo. Em seguida, o grupo teria assassinado Edfram Marcelo Duarte da Silva com um fac\u00e3o, em um ato de extrema crueldade.<\/p>\n\n\n\n<p>O desembargador Eudelcio Machado Fagunes, relator do caso na 4\u00aa Turma Julgadora da 1\u00aa C\u00e2mara Criminal, determinou a anula\u00e7\u00e3o do julgamento de Gabriel Alves para garantir a aplica\u00e7\u00e3o da Justi\u00e7a. Ele destacou que a participa\u00e7\u00e3o dos condenados na fac\u00e7\u00e3o criminosa \u00e9 um fator que agrava suas responsabilidades, justificando o aumento das penas.<\/p>\n\n\n\n<p><strong>Por Mais Goi\u00e1s<\/strong><\/p>\n","protected":false},"excerpt":{"rendered":"<p>Justi\u00e7a endurece puni\u00e7\u00f5es e ordena novo j\u00fari para absolvido no caso de tortura e homic\u00eddio em Mineiros, refor\u00e7ando o combate \u00e0 viol\u00eancia e \u00e0 atua\u00e7\u00e3o de fac\u00e7\u00f5es criminosas O\u00a0Tribunal de&hellip;<\/p>\n","protected":false},"author":1,"featured_media":328198,"comment_status":"closed","ping_status":"open","sticky":false,"template":"","format":"standard","meta":{"footnotes":""},"categories":[1,57,42],"tags":[],"class_list":["post-328197","post","type-post","status-publish","format-standard","has-post-thumbnail","hentry","category-cidades","category-justica","category-ultimas"],"_links":{"self":[{"href":"https:\/\/blogfolhadocomercio.com.br\/wp\/wp-json\/wp\/v2\/posts\/328197","targetHints":{"allow":["GET"]}}],"collection":[{"href":"https:\/\/blogfolhadocomercio.com.br\/wp\/wp-json\/wp\/v2\/posts"}],"about":[{"href":"https:\/\/blogfolhadocomercio.com.br\/wp\/wp-json\/wp\/v2\/types\/post"}],"author":[{"embeddable":true,"href":"https:\/\/blogfolhadocomercio.com.br\/wp\/wp-json\/wp\/v2\/users\/1"}],"replies":[{"embeddable":true,"href":"https:\/\/blogfolhadocomercio.com.br\/wp\/wp-json\/wp\/v2\/comments?post=328197"}],"version-history":[{"count":1,"href":"https:\/\/blogfolhadocomercio.com.br\/wp\/wp-json\/wp\/v2\/posts\/328197\/revisions"}],"predecessor-version":[{"id":328199,"href":"https:\/\/blogfolhadocomercio.com.br\/wp\/wp-json\/wp\/v2\/posts\/328197\/revisions\/328199"}],"wp:featuredmedia":[{"embeddable":true,"href":"https:\/\/blogfolhadocomercio.com.br\/wp\/wp-json\/wp\/v2\/media\/328198"}],"wp:attachment":[{"href":"https:\/\/blogfolhadocomercio.com.br\/wp\/wp-json\/wp\/v2\/media?parent=328197"}],"wp:term":[{"taxonomy":"category","embeddable":true,"href":"https:\/\/blogfolhadocomercio.com.br\/wp\/wp-json\/wp\/v2\/categories?post=328197"},{"taxonomy":"post_tag","embeddable":true,"href":"https:\/\/blogfolhadocomercio.com.br\/wp\/wp-json\/wp\/v2\/tags?post=328197"}],"curies":[{"name":"wp","href":"https:\/\/api.w.org\/{rel}","templated":true}]}}