{"id":327802,"date":"2024-11-14T18:34:22","date_gmt":"2024-11-14T18:34:22","guid":{"rendered":"https:\/\/blogfolhadocomercio.com.br\/wp\/?p=327802"},"modified":"2024-11-14T18:34:26","modified_gmt":"2024-11-14T18:34:26","slug":"eleicoes-na-oab-go-pedro-miranda-defende-gestao-participativa-independencia-e-valorizacao-da-advocacia","status":"publish","type":"post","link":"https:\/\/blogfolhadocomercio.com.br\/wp\/2024\/11\/14\/eleicoes-na-oab-go-pedro-miranda-defende-gestao-participativa-independencia-e-valorizacao-da-advocacia\/","title":{"rendered":"Elei\u00e7\u00f5es na OAB-GO: Pedro Miranda defende gest\u00e3o participativa, independ\u00eancia e valoriza\u00e7\u00e3o da advocacia"},"content":{"rendered":"\n<figure class=\"wp-block-image size-full\"><img loading=\"lazy\" decoding=\"async\" width=\"960\" height=\"640\" src=\"https:\/\/blogfolhadocomercio.com.br\/wp\/wp-content\/uploads\/2024\/11\/image-223.png\" alt=\"\" class=\"wp-image-327803\" srcset=\"https:\/\/blogfolhadocomercio.com.br\/wp\/wp-content\/uploads\/2024\/11\/image-223.png 960w, https:\/\/blogfolhadocomercio.com.br\/wp\/wp-content\/uploads\/2024\/11\/image-223-300x200.png 300w, https:\/\/blogfolhadocomercio.com.br\/wp\/wp-content\/uploads\/2024\/11\/image-223-768x512.png 768w, https:\/\/blogfolhadocomercio.com.br\/wp\/wp-content\/uploads\/2024\/11\/image-223-585x390.png 585w, https:\/\/blogfolhadocomercio.com.br\/wp\/wp-content\/uploads\/2024\/11\/image-223-263x175.png 263w\" sizes=\"auto, (max-width: 960px) 100vw, 960px\" \/><\/figure>\n\n\n\n<p>O candidato \u00e0 presid\u00eancia da Ordem dos Advogados do Brasil \u2013 Se\u00e7\u00e3o Goi\u00e1s (OAB-GO),&nbsp;<a href=\"https:\/\/www.maisgoias.com.br\/politica\/assista-ao-vivo-a-sabatina-com-o-candidato-a-presidencia-da-oab-go-pedro-miranda\/\">Pedro Miranda<\/a>, apresentou suas principais propostas durante a sabatina promovida pelo portal Mais Goi\u00e1s, na manh\u00e3 desta quinta-feira (14). Liderando a Chapa 3 \u2013 Pela Ordem, Miranda enfatizou a necessidade de uma gest\u00e3o participativa e independente, voltada especialmente para advogados em in\u00edcio de carreira, que enfrentam desafios financeiros e falta de suporte institucional.<br><br>\u201cHoje temos quase 50% de inadimpl\u00eancia em Goi\u00e1s porque a advocacia n\u00e3o v\u00ea contrapresta\u00e7\u00e3o,\u201d criticou, apontando o elevado custo da anuidade como um dos principais obst\u00e1culos para a perman\u00eancia de muitos advogados na profiss\u00e3o. A sabatina foi conduzida pelos jornalistas Ana Paula Belini e Francisco Costa.<\/p>\n\n\n\n<p>Miranda tamb\u00e9m destacou que, caso eleito, implementar\u00e1 um modelo de gest\u00e3o participativa inspirado em plebiscitos e referendos, permitindo que advogados de todo o estado opinem sobre decis\u00f5es importantes da entidade.<br><br>\u201cPrecisamos de uma gest\u00e3o onde a advocacia seja ouvida e participe das decis\u00f5es junto conosco,\u201d afirmou. Al\u00e9m disso, defendeu a cria\u00e7\u00e3o de uma OAB independente, sem v\u00ednculos que comprometam sua atua\u00e7\u00e3o junto ao Tribunal de Justi\u00e7a de Goi\u00e1s (TJGO) e outros \u00f3rg\u00e3os de governo. Para ele, a independ\u00eancia \u00e9 fundamental para que a entidade possa negociar a redu\u00e7\u00e3o das custas judiciais, que s\u00e3o as quartas mais altas do Brasil.<\/p>\n\n\n\n<p>Outro ponto forte da sua campanha \u00e9 a defesa do porte de arma para advogados, comparando a situa\u00e7\u00e3o dos advogados \u00e0 de membros do Minist\u00e9rio P\u00fablico e da magistratura, que t\u00eam direito ao porte como medida de prote\u00e7\u00e3o e valoriza\u00e7\u00e3o profissional. \u201cA advocacia necessita do porte de arma. Estamos propondo crit\u00e9rios rigorosos, incluindo acompanhamento psicol\u00f3gico e parcerias para capacita\u00e7\u00e3o,\u201d justificou, citando que a falta de prote\u00e7\u00e3o tem deixado advogados vulner\u00e1veis a amea\u00e7as e at\u00e9 mesmo a viol\u00eancia f\u00edsica.<\/p>\n\n\n\n<p>Miranda tamb\u00e9m chamou aten\u00e7\u00e3o para o que chamou de \u201ccaixa preta\u201d do Centro de Excel\u00eancia em Log\u00edstica da OAB (CEL), questionando os gastos da entidade com eventos, enquanto advogados de regi\u00f5es distantes carecem de recursos e apoio. Segundo ele, uma gest\u00e3o mais austera e focada permitiria investir mais nas subse\u00e7\u00f5es e oferecer condi\u00e7\u00f5es adequadas para o desenvolvimento profissional de todos os advogados goianos.<\/p>\n\n\n\n<p><strong>Por Mais Goi\u00e1s<\/strong><\/p>\n","protected":false},"excerpt":{"rendered":"<p>O candidato \u00e0 presid\u00eancia da Ordem dos Advogados do Brasil \u2013 Se\u00e7\u00e3o Goi\u00e1s (OAB-GO),&nbsp;Pedro Miranda, apresentou suas principais propostas durante a sabatina promovida pelo portal Mais Goi\u00e1s, na manh\u00e3 desta&hellip;<\/p>\n","protected":false},"author":1,"featured_media":327803,"comment_status":"closed","ping_status":"open","sticky":false,"template":"","format":"standard","meta":{"footnotes":""},"categories":[35,42],"tags":[],"class_list":["post-327802","post","type-post","status-publish","format-standard","has-post-thumbnail","hentry","category-politica","category-ultimas"],"_links":{"self":[{"href":"https:\/\/blogfolhadocomercio.com.br\/wp\/wp-json\/wp\/v2\/posts\/327802","targetHints":{"allow":["GET"]}}],"collection":[{"href":"https:\/\/blogfolhadocomercio.com.br\/wp\/wp-json\/wp\/v2\/posts"}],"about":[{"href":"https:\/\/blogfolhadocomercio.com.br\/wp\/wp-json\/wp\/v2\/types\/post"}],"author":[{"embeddable":true,"href":"https:\/\/blogfolhadocomercio.com.br\/wp\/wp-json\/wp\/v2\/users\/1"}],"replies":[{"embeddable":true,"href":"https:\/\/blogfolhadocomercio.com.br\/wp\/wp-json\/wp\/v2\/comments?post=327802"}],"version-history":[{"count":1,"href":"https:\/\/blogfolhadocomercio.com.br\/wp\/wp-json\/wp\/v2\/posts\/327802\/revisions"}],"predecessor-version":[{"id":327804,"href":"https:\/\/blogfolhadocomercio.com.br\/wp\/wp-json\/wp\/v2\/posts\/327802\/revisions\/327804"}],"wp:featuredmedia":[{"embeddable":true,"href":"https:\/\/blogfolhadocomercio.com.br\/wp\/wp-json\/wp\/v2\/media\/327803"}],"wp:attachment":[{"href":"https:\/\/blogfolhadocomercio.com.br\/wp\/wp-json\/wp\/v2\/media?parent=327802"}],"wp:term":[{"taxonomy":"category","embeddable":true,"href":"https:\/\/blogfolhadocomercio.com.br\/wp\/wp-json\/wp\/v2\/categories?post=327802"},{"taxonomy":"post_tag","embeddable":true,"href":"https:\/\/blogfolhadocomercio.com.br\/wp\/wp-json\/wp\/v2\/tags?post=327802"}],"curies":[{"name":"wp","href":"https:\/\/api.w.org\/{rel}","templated":true}]}}