{"id":327799,"date":"2024-11-14T18:23:27","date_gmt":"2024-11-14T18:23:27","guid":{"rendered":"https:\/\/blogfolhadocomercio.com.br\/wp\/?p=327799"},"modified":"2024-11-14T18:23:29","modified_gmt":"2024-11-14T18:23:29","slug":"antes-de-atentado-no-df-tiu-franca-publicou-video-com-efeito-simulando-explosao","status":"publish","type":"post","link":"https:\/\/blogfolhadocomercio.com.br\/wp\/2024\/11\/14\/antes-de-atentado-no-df-tiu-franca-publicou-video-com-efeito-simulando-explosao\/","title":{"rendered":"Antes de atentado no DF, \u2018Tiu Fran\u00e7a\u2019 publicou v\u00eddeo com efeito simulando explos\u00e3o"},"content":{"rendered":"\n<figure class=\"wp-block-image size-full\"><img loading=\"lazy\" decoding=\"async\" width=\"960\" height=\"640\" src=\"https:\/\/blogfolhadocomercio.com.br\/wp\/wp-content\/uploads\/2024\/11\/image-222.png\" alt=\"\" class=\"wp-image-327800\" srcset=\"https:\/\/blogfolhadocomercio.com.br\/wp\/wp-content\/uploads\/2024\/11\/image-222.png 960w, https:\/\/blogfolhadocomercio.com.br\/wp\/wp-content\/uploads\/2024\/11\/image-222-300x200.png 300w, https:\/\/blogfolhadocomercio.com.br\/wp\/wp-content\/uploads\/2024\/11\/image-222-768x512.png 768w, https:\/\/blogfolhadocomercio.com.br\/wp\/wp-content\/uploads\/2024\/11\/image-222-585x390.png 585w, https:\/\/blogfolhadocomercio.com.br\/wp\/wp-content\/uploads\/2024\/11\/image-222-263x175.png 263w\" sizes=\"auto, (max-width: 960px) 100vw, 960px\" \/><\/figure>\n\n\n\n<p>Antes de se explodir na&nbsp;<strong>Pra\u00e7a dos Tr\u00eas Poderes<\/strong>&nbsp;na noite desta quarta-feira (13),&nbsp;<strong>Francisco Wanderley Luiz,&nbsp;<\/strong>59, fez uma publica\u00e7\u00e3o no&nbsp;<strong>TikTok&nbsp;<\/strong>que tem chamado aten\u00e7\u00e3o dos internautas. Na grava\u00e7\u00e3o,&nbsp;<strong>Tiu Fran\u00e7a<\/strong>, como era chamado, aparece em um clipe editado com uma foto sua sorrindo ao lado de uma ta\u00e7a de vinho. A imagem \u00e9 exibida em meio a um efeito que sugere uma&nbsp;<strong>explos\u00e3o<\/strong>, com fogo na cor laranja, e anima\u00e7\u00f5es coloridas.&nbsp;<em>Assista ao v\u00eddeo abaixo!<\/em><\/p>\n\n\n\n<p>O&nbsp;<strong>v\u00eddeo&nbsp;<\/strong>foi postado com a m\u00fasica \u201c<strong>Unstoppable<\/strong>\u201c, da cantora&nbsp;<a href=\"https:\/\/f5.folha.uol.com.br\/celebridades\/2023\/05\/sia-revela-diagnostico-de-autismo.shtml\">Sia<\/a>. O trecho escolhido da m\u00fasica diz, em portugu\u00eas: \u201cEu coloco minha armadura, te mostro o qu\u00e3o forte sou \/ Sou impar\u00e1vel \/ Sou um Porsche sem freios \/ Sou invenc\u00edvel \/ Sim, eu ganho todos os jogos \/ Sou t\u00e3o poderosa \/ N\u00e3o preciso de baterias para funcionar \/ Estou t\u00e3o confiante, sim, hoje eu sou impar\u00e1vel \/\u201d.<\/p>\n\n\n\n<p>Em sua p\u00e1gina no&nbsp;Facebook,&nbsp;<strong>Luiz&nbsp;<\/strong>dizia ser empreendedor, investidor e desenvolvedor.<\/p>\n\n\n\n<p><strong>Tiu Fran\u00e7a&nbsp;<\/strong>era usu\u00e1rio ativo das redes sociais e tamb\u00e9m mantinha um perfil no&nbsp;<strong>Twitter<\/strong>. Nele, publicava com frequ\u00eancia prints de mensagens repassadas de grupos de&nbsp;<strong>WhatsApp&nbsp;<\/strong>e v\u00eddeos. A maioria, de cunho pol\u00edtico e religioso, outros com m\u00fasicas internacionais antigas. Um dos mais recentes mostrar um com\u00edcio do presidente eleito dos<a href=\"https:\/\/www1.folha.uol.com.br\/folha-topicos\/estados-unidos\/\">&nbsp;Estados Unidos<\/a>,&nbsp;<a href=\"https:\/\/www1.folha.uol.com.br\/folha-topicos\/donald-trump\/\">Donald Trump<\/a>, na Pensilv\u00e2nia.<\/p>\n\n\n\n<h2 class=\"wp-block-heading\" id=\"h-video-antes-de-atentado-no-df-tiu-franca-publicou-video-com-efeito-simulando-explosao\"><a href=\"https:\/\/x.com\/acervoxcx\/status\/1857050273589469449?failedScript=vendor\">V\u00cdDEO: Antes de atentado no DF, \u2018Tiu Fran\u00e7a\u2019 publicou v\u00eddeo com efeito simulando explos\u00e3o<\/a><\/h2>\n\n\n\n<p><strong>Por Mais Goi\u00e1s<\/strong><\/p>\n","protected":false},"excerpt":{"rendered":"<p>Antes de se explodir na&nbsp;Pra\u00e7a dos Tr\u00eas Poderes&nbsp;na noite desta quarta-feira (13),&nbsp;Francisco Wanderley Luiz,&nbsp;59, fez uma publica\u00e7\u00e3o no&nbsp;TikTok&nbsp;que tem chamado aten\u00e7\u00e3o dos internautas. Na grava\u00e7\u00e3o,&nbsp;Tiu Fran\u00e7a, como era chamado, aparece&hellip;<\/p>\n","protected":false},"author":1,"featured_media":327800,"comment_status":"closed","ping_status":"open","sticky":false,"template":"","format":"standard","meta":{"footnotes":""},"categories":[34,52,42],"tags":[],"class_list":["post-327799","post","type-post","status-publish","format-standard","has-post-thumbnail","hentry","category-brasil","category-polemica","category-ultimas"],"_links":{"self":[{"href":"https:\/\/blogfolhadocomercio.com.br\/wp\/wp-json\/wp\/v2\/posts\/327799","targetHints":{"allow":["GET"]}}],"collection":[{"href":"https:\/\/blogfolhadocomercio.com.br\/wp\/wp-json\/wp\/v2\/posts"}],"about":[{"href":"https:\/\/blogfolhadocomercio.com.br\/wp\/wp-json\/wp\/v2\/types\/post"}],"author":[{"embeddable":true,"href":"https:\/\/blogfolhadocomercio.com.br\/wp\/wp-json\/wp\/v2\/users\/1"}],"replies":[{"embeddable":true,"href":"https:\/\/blogfolhadocomercio.com.br\/wp\/wp-json\/wp\/v2\/comments?post=327799"}],"version-history":[{"count":1,"href":"https:\/\/blogfolhadocomercio.com.br\/wp\/wp-json\/wp\/v2\/posts\/327799\/revisions"}],"predecessor-version":[{"id":327801,"href":"https:\/\/blogfolhadocomercio.com.br\/wp\/wp-json\/wp\/v2\/posts\/327799\/revisions\/327801"}],"wp:featuredmedia":[{"embeddable":true,"href":"https:\/\/blogfolhadocomercio.com.br\/wp\/wp-json\/wp\/v2\/media\/327800"}],"wp:attachment":[{"href":"https:\/\/blogfolhadocomercio.com.br\/wp\/wp-json\/wp\/v2\/media?parent=327799"}],"wp:term":[{"taxonomy":"category","embeddable":true,"href":"https:\/\/blogfolhadocomercio.com.br\/wp\/wp-json\/wp\/v2\/categories?post=327799"},{"taxonomy":"post_tag","embeddable":true,"href":"https:\/\/blogfolhadocomercio.com.br\/wp\/wp-json\/wp\/v2\/tags?post=327799"}],"curies":[{"name":"wp","href":"https:\/\/api.w.org\/{rel}","templated":true}]}}