{"id":327485,"date":"2024-11-08T16:08:30","date_gmt":"2024-11-08T16:08:30","guid":{"rendered":"https:\/\/blogfolhadocomercio.com.br\/wp\/?p=327485"},"modified":"2024-11-08T16:08:32","modified_gmt":"2024-11-08T16:08:32","slug":"declaracao-do-g-20-sobre-guerra-deve-focar-em-necessidade-de-paz-diz-embaixador-brasileiro","status":"publish","type":"post","link":"https:\/\/blogfolhadocomercio.com.br\/wp\/2024\/11\/08\/declaracao-do-g-20-sobre-guerra-deve-focar-em-necessidade-de-paz-diz-embaixador-brasileiro\/","title":{"rendered":"Declara\u00e7\u00e3o do G-20 sobre guerra deve focar em necessidade de paz, diz embaixador brasileiro"},"content":{"rendered":"\n<p><strong>Governo diz que reuni\u00e3o de l\u00edderes no Rio ter\u00e1 55 delega\u00e7\u00f5es e que n\u00famero \u2018significativo\u2019 vai aderir \u00e0 alian\u00e7a contra fome e pobreza<\/strong><\/p>\n\n\n\n<p>O governo brasileiro defende que o G-20 alcance na C\u00fapula de L\u00edderes do Rio, em 18 e 19 de novembro, uma declara\u00e7\u00e3o final focada na necessidade de avan\u00e7ar em negocia\u00e7\u00f5es de paz na guerra da Ucr\u00e2nia, o principal conflito global em discuss\u00e3o. Os l\u00edderes do grupo das 20 maiores economias do mundo v\u00e3o discutir esse e outros temas geopol\u00edticos, como a guerra no Oriente M\u00e9dio, entre Israel e os terroristas do Hamas, bem como seus desdobramentos no L\u00edbano e no Ir\u00e3. O assunto segue pendente de entendimento.<\/p>\n\n\n\n<p>\u201cA mensagem principal \u00e9 de que precisamos chegar \u00e0 paz nesses conflitos\u201d, disse o embaixador Maur\u00edcio Lyrio, secret\u00e1rio de Assuntos Econ\u00f4micos e Financeiros do Itamaraty. Ele \u00e9 o principal negociador do Pa\u00eds no G-20 e exerce a fun\u00e7\u00e3o de representantes dos chefes de Estado e de governo dos pa\u00edses-membros, conhecido como \u201csherpas\u201d. Lyrio ponderou que as guerras drenam aten\u00e7\u00e3o pol\u00edtica e recursos financeiros em detrimento de outras iniciativas que s\u00e3o parte das prioridades escolhidas pelo Brasil, como combate \u00e0 fome e \u00e0 pobreza e as mudan\u00e7as clim\u00e1ticas.<\/p>\n\n\n\n<p>A Declara\u00e7\u00e3o de L\u00edderes do G-20 no Rio \u00e9 um documento final que resume os trabalhos, os resultados alcan\u00e7ados e as posi\u00e7\u00f5es comuns dos principais l\u00edderes pol\u00edticos do mundo. Seu teor \u00e9 considerado \u201ccrucial\u201d, conforme o embaixador.<\/p>\n\n\n\n<figure class=\"wp-block-image\"><img decoding=\"async\" src=\"https:\/\/www.estadao.com.br\/resizer\/v2\/TUAB5KGYLFBALD2CLWVSSSRW6Y.jpg?quality=80&amp;auth=660166be4717a87231407af87b3b649c8502b508dcffb65fe00cda808da9b24e&amp;width=380\" alt=\"Homens da Prefeitura trabalham em obras e reparos no MAM (Museu de Arte Moderna) que sediar\u00e1 reuni\u00f5es e encontros da C\u00fapula do G20 , na zona central do Rio de Janeiro\"\/><figcaption class=\"wp-element-caption\">Homens da Prefeitura trabalham em obras e reparos no MAM (Museu de Arte Moderna) que sediar\u00e1 reuni\u00f5es e encontros da C\u00fapula do G20 , na zona central do Rio de Janeiro&nbsp;<em>Foto:&nbsp;Pedro Kirilos\/Estad\u00e3o<\/em><\/figcaption><\/figure>\n\n\n\n<p>Embora o tema das guerras em curso fosse levantado por delega\u00e7\u00f5es ao longo do ano, a diplomacia brasileira emplacou uma manobra para evitar que dominassem a pauta dos encontros ministeriais e impedissem entendimentos e a publica\u00e7\u00e3o de comunicados conjuntos. O Brasil prop\u00f4s e assegurou que iria tratar dos conflitos b\u00e9licos nas reuni\u00f5es de chanceleres e agora na c\u00fapula final de l\u00edderes, no Rio. Por isso a expectativa sobre como o G-20 vai se pronunciar.<\/p>\n\n\n\n<p>A discuss\u00e3o \u00e9 um dos temas mais complexos do G-20, porque op\u00f5e membros do G-7 &#8211; aliados da Ucr\u00e2nia &#8211; e o Sul Global &#8211; que, ou se inclinam claramente em favor da R\u00fassia, ou se colocam como \u201cneutros\u201d. Ainda n\u00e3o h\u00e1 consenso sobre qual tom ser\u00e1 adotado.<\/p>\n\n\n\n<p>O assunto travou os trabalhos nas duas \u00faltimas edi\u00e7\u00f5es do G-20, em 2022 (Bali, Indon\u00e9sia) e 2023 (Nova D\u00e9lhi, \u00cdndia). Entre as c\u00fapulas indon\u00e9sia e indiana, a declara\u00e7\u00e3o do grupo sobre a guerra no Leste Europeu foi abrandada em favor da R\u00fassia.<\/p>\n\n\n\n<p>Diante do risco de n\u00e3o conseguir um consenso, o presidente Lula e o premi\u00ea indiano, Narendra Modi, apelaram pessoalmente \u00e0s delega\u00e7\u00f5es para que aceitassem um tom mais ameno, que poupava a R\u00fassia e n\u00e3o citava mais a invas\u00e3o ordenada por Putin em fevereiro de 2022.<\/p>\n\n\n\n<p>No ano da invas\u00e3o da Ucr\u00e2nia, o documento final do G-20 foi considerado bastante duro contra Putin &#8211; que faz parte do grupo &#8211; por reproduzir termos usados pelos pa\u00edses do G-7, aliados da Ucr\u00e2nia. A maioria do G-20 decidiu condenar fortemente a guerra, deplorar veementemente a agress\u00e3o russa e exigir a retirada total e incondicional de tropas russas do territ\u00f3rio ucraniano. Nada disso constava do documento em D\u00e9lhi.<\/p>\n\n\n\n<p>O Itamaraty informou que a reuni\u00e3o de l\u00edderes no Rio ter\u00e1 ao todo 55 delega\u00e7\u00f5es, entre pa\u00edses membros, convidados e organiza\u00e7\u00f5es internacionais. Cerca de 2,3 mil jornalistas e profissionais de imprensa est\u00e3o credenciados.<\/p>\n\n\n\n<p>O embaixador disse ter esperan\u00e7a de que quase todos os pa\u00edses enviem como representantes seus chefes de Estado ou de governo, com algumas defec\u00e7\u00f5es j\u00e1 confirmadas. A principal aus\u00eancia ser\u00e1 a do presidente russo, Vladimir Putin, que afirmou n\u00e3o querer atrapalhar os trabalhos do G-20 e, amea\u00e7ado por uma ordem de pris\u00e3o, desistiu de comparecer. Ele ser\u00e1 representando pelo ministro das Rela\u00e7\u00f5es Exteriores, Serguei Lavrov, confirmou o Itamaraty.<\/p>\n\n\n\n<p>Como a guerra na Ucr\u00e2nia n\u00e3o \u00e9 um dos temas que o Brasil quer destacar no G-20, o governo Lula rejeitou apelos de Kiev para que convidasse o presidente Volodmir Zelenski ao Rio. Segundo o sherpa brasileiro, o Pa\u00eds n\u00e3o deseja que o G-20 substitua atribui\u00e7\u00f5es do Conselho de Seguran\u00e7a das Na\u00e7\u00f5es Unidas.<\/p>\n\n\n\n<p>O presidente Lula j\u00e1 havia dito que o negocia\u00e7\u00e3o sobre a guerra na Ucr\u00e2nia n\u00e3o era um assunto para a c\u00fapula, ecoando um argumento diplom\u00e1tico da pr\u00f3pria R\u00fassia. A diplomacia de Moscou rejeita a \u201cpolitiza\u00e7\u00e3o\u201d do G-20, pede que o grupo foque em assuntos econ\u00f4micos e financeiros. Temas geopol\u00edticos devem ficar de fora da c\u00fapula, defendeu o embaixador russo em Bras\u00edlia, Alexei Labetskii, como mostrou o&nbsp;<strong>Estad\u00e3o<\/strong>.<\/p>\n\n\n\n<p><strong>Por Estad\u00e3o<\/strong><\/p>\n\n\n\n<p><strong><br><\/strong><\/p>\n","protected":false},"excerpt":{"rendered":"<p>Governo diz que reuni\u00e3o de l\u00edderes no Rio ter\u00e1 55 delega\u00e7\u00f5es e que n\u00famero \u2018significativo\u2019 vai aderir \u00e0 alian\u00e7a contra fome e pobreza O governo brasileiro defende que o G-20&hellip;<\/p>\n","protected":false},"author":1,"featured_media":327486,"comment_status":"closed","ping_status":"open","sticky":false,"template":"","format":"standard","meta":{"footnotes":""},"categories":[34,46,42],"tags":[],"class_list":["post-327485","post","type-post","status-publish","format-standard","has-post-thumbnail","hentry","category-brasil","category-mundo","category-ultimas"],"_links":{"self":[{"href":"https:\/\/blogfolhadocomercio.com.br\/wp\/wp-json\/wp\/v2\/posts\/327485","targetHints":{"allow":["GET"]}}],"collection":[{"href":"https:\/\/blogfolhadocomercio.com.br\/wp\/wp-json\/wp\/v2\/posts"}],"about":[{"href":"https:\/\/blogfolhadocomercio.com.br\/wp\/wp-json\/wp\/v2\/types\/post"}],"author":[{"embeddable":true,"href":"https:\/\/blogfolhadocomercio.com.br\/wp\/wp-json\/wp\/v2\/users\/1"}],"replies":[{"embeddable":true,"href":"https:\/\/blogfolhadocomercio.com.br\/wp\/wp-json\/wp\/v2\/comments?post=327485"}],"version-history":[{"count":1,"href":"https:\/\/blogfolhadocomercio.com.br\/wp\/wp-json\/wp\/v2\/posts\/327485\/revisions"}],"predecessor-version":[{"id":327487,"href":"https:\/\/blogfolhadocomercio.com.br\/wp\/wp-json\/wp\/v2\/posts\/327485\/revisions\/327487"}],"wp:featuredmedia":[{"embeddable":true,"href":"https:\/\/blogfolhadocomercio.com.br\/wp\/wp-json\/wp\/v2\/media\/327486"}],"wp:attachment":[{"href":"https:\/\/blogfolhadocomercio.com.br\/wp\/wp-json\/wp\/v2\/media?parent=327485"}],"wp:term":[{"taxonomy":"category","embeddable":true,"href":"https:\/\/blogfolhadocomercio.com.br\/wp\/wp-json\/wp\/v2\/categories?post=327485"},{"taxonomy":"post_tag","embeddable":true,"href":"https:\/\/blogfolhadocomercio.com.br\/wp\/wp-json\/wp\/v2\/tags?post=327485"}],"curies":[{"name":"wp","href":"https:\/\/api.w.org\/{rel}","templated":true}]}}