{"id":327072,"date":"2024-11-04T13:51:43","date_gmt":"2024-11-04T13:51:43","guid":{"rendered":"https:\/\/blogfolhadocomercio.com.br\/wp\/?p=327072"},"modified":"2024-11-04T13:51:45","modified_gmt":"2024-11-04T13:51:45","slug":"focus-mercado-volta-a-elevar-projecao-de-inflacao-que-fica-mais-longe-do-teto-da-meta","status":"publish","type":"post","link":"https:\/\/blogfolhadocomercio.com.br\/wp\/2024\/11\/04\/focus-mercado-volta-a-elevar-projecao-de-inflacao-que-fica-mais-longe-do-teto-da-meta\/","title":{"rendered":"Focus: mercado volta a elevar proje\u00e7\u00e3o de infla\u00e7\u00e3o, que fica mais longe do teto da meta"},"content":{"rendered":"\n<p><strong>N\u00fameros divulgados pelo Banco Central mostram tamb\u00e9m que os analistas preveem um juro mais alto no longo prazo<\/strong><\/p>\n\n\n\n<p>O mercado financeiro voltou a subir a proje\u00e7\u00e3o para a<a href=\"https:\/\/www.estadao.com.br\/tudo-sobre\/inflacao\/?srsltid=AfmBOoorlPB2iRX_6_RB_vWNI_8JJj0htHUGordqanbH4emPkuRpbDDA\" target=\"_blank\" rel=\"noreferrer noopener\"><strong>&nbsp;infla\u00e7\u00e3o<\/strong><\/a>&nbsp;deste ano, afastando-se ainda mais do teto da meta perseguida pelo&nbsp;<a href=\"https:\/\/www.estadao.com.br\/tudo-sobre\/banco-central-do-brasil\/?srsltid=AfmBOoqGi4D0XPd_FDxXOE4xtKoeTcgjaBYrnXRqYfKTiOll-Yf6WqHY\" target=\"_blank\" rel=\"noreferrer noopener\"><strong>Banco Central<\/strong><\/a>. No relat\u00f3rio Focus divulgado nesta segunda-feira, 4, a estimativa para o&nbsp;<a href=\"https:\/\/www.estadao.com.br\/tudo-sobre\/ipca-indice-nacional-de-precos-ao-consumidor-amplo\/?srsltid=AfmBOopsCfhjXDSYNy2KT9KaiIGMXC9zASvwbqR8lc-mjDt5p0gerrlk\" target=\"_blank\" rel=\"noreferrer noopener\"><strong>IPCA<\/strong><\/a>&nbsp;passou de 4,55% para 4,59%. Foi a quinta alta seguida na proje\u00e7\u00e3o. Um m\u00eas antes, ela estava em 4,38%.<\/p>\n\n\n\n<p>Se essa proje\u00e7\u00e3o se confirmar, o presidente do Banco Central,&nbsp;<a href=\"https:\/\/www.estadao.com.br\/tudo-sobre\/roberto-campos-neto\/?srsltid=AfmBOooNSfm_O3QOJ0QOTniQ3Vm2m7ifijhKIlMQ0-Cfw59v2hhion1_\" target=\"_blank\" rel=\"noreferrer noopener\"><strong>Roberto Campos Neto<\/strong><\/a>, vai terminar a sua gest\u00e3o escrevendo a terceira carta aberta para explicar o descumprimento da meta &#8211; que \u00e9 de 3%, com margem de toler\u00e2ncia de 1,5 ponto, para mais ou para menos. No in\u00edcio do ano que vem, Campos Neto ser\u00e1 substitu\u00eddo na presid\u00eancia da institui\u00e7\u00e3o pelo diretor de Pol\u00edtica Monet\u00e1ria,&nbsp;<a href=\"https:\/\/www.estadao.com.br\/tudo-sobre\/gabriel-galipolo\/?srsltid=AfmBOopFVKnkUqun2yRFEczl0skjefZN77coLNgtpqlECRDoEm4BOmbz\" target=\"_blank\" rel=\"noreferrer noopener\"><strong>Gabriel Gal\u00edpolo<\/strong><\/a>, indicado ao cargo pelo presidente&nbsp;<a href=\"https:\/\/www.estadao.com.br\/tudo-sobre\/lula-luiz-inacio-lula-da-silva\/?srsltid=AfmBOorU7Gx1vMrXJNLwnIPDBbHwB0sgXmKVcWwLb8br-1ZClIJwIzsw\" target=\"_blank\" rel=\"noreferrer noopener\"><strong>Luiz In\u00e1cio Lula da Silva<\/strong><\/a>.<\/p>\n\n\n\n<figure class=\"wp-block-image size-large\"><img loading=\"lazy\" decoding=\"async\" width=\"1024\" height=\"767\" src=\"https:\/\/blogfolhadocomercio.com.br\/wp\/wp-content\/uploads\/2024\/11\/image-23-1024x767.png\" alt=\"\" class=\"wp-image-327073\" srcset=\"https:\/\/blogfolhadocomercio.com.br\/wp\/wp-content\/uploads\/2024\/11\/image-23-1024x767.png 1024w, https:\/\/blogfolhadocomercio.com.br\/wp\/wp-content\/uploads\/2024\/11\/image-23-300x225.png 300w, https:\/\/blogfolhadocomercio.com.br\/wp\/wp-content\/uploads\/2024\/11\/image-23-768x575.png 768w, https:\/\/blogfolhadocomercio.com.br\/wp\/wp-content\/uploads\/2024\/11\/image-23-1170x877.png 1170w, https:\/\/blogfolhadocomercio.com.br\/wp\/wp-content\/uploads\/2024\/11\/image-23-585x438.png 585w, https:\/\/blogfolhadocomercio.com.br\/wp\/wp-content\/uploads\/2024\/11\/image-23.png 1200w\" sizes=\"auto, (max-width: 1024px) 100vw, 1024px\" \/><\/figure>\n\n\n\n<p>Sede do Banco Central, em Bras\u00edlia\u00a0<em>Foto:\u00a0Wilton Junior\/Estad\u00e3o<\/em><\/p>\n\n\n\n<p>A mediana para a infla\u00e7\u00e3o de 2025 oscilou de 4,0% para 4,03%, mais pr\u00f3xima do teto, de 4,5%, do que do centro da meta, de 3%. A partir do ano que vem, a meta ser\u00e1 cont\u00ednua, apurada com base no IPCA acumulado em 12 meses. Se ele ficar acima ou abaixo do intervalo de toler\u00e2ncia por seis meses consecutivos, o BC ter\u00e1 descumprido o alvo.<\/p>\n\n\n\n<p>A mediana para a infla\u00e7\u00e3o de 2026 voltou a se distanciar do centro da meta, passando de 3,60% para 3,61%, ap\u00f3s quatro semanas de estabilidade. A estimativa intermedi\u00e1ria para 2025 se manteve em 3,5%, como j\u00e1 est\u00e1 h\u00e1 70 semanas.<\/p>\n\n\n\n<h3 class=\"wp-block-heading\" id=\"taxa-de-juros\">Taxa de juros<\/h3>\n\n\n\n<p>A mediana para a taxa Selic no fim de 2024, por sua vez,se manteve em 11,75% pela quinta semana consecutiva, consolidando a avalia\u00e7\u00e3o do mercado de que o Comit\u00ea de Pol\u00edtica Monet\u00e1ria (Copom) aumentar\u00e1 os juros em 0,5 ponto porcentual nas suas duas pr\u00f3ximas reuni\u00f5es. O colegiado define a taxa nesta quarta-feira, 6, e no dia 11 de dezembro. Na sua \u00faltima decis\u00e3o, de 18 de setembro, o Copom aumentou os juros em 0,25 ponto porcentual, de 10,50% para 10,75%.<\/p>\n\n\n\n<p>As medianas para a Selic em prazos mais longos subiram, indicando que o Banco Central ter\u00e1 um espa\u00e7o limitado para cortar juros nos pr\u00f3ximos anos, em meio \u00e0 desancoragem das expectativas para a infla\u00e7\u00e3o, atividade forte e disparada do d\u00f3lar. A mediana para 2025 subiu de 11,25% para 11,50%. Considerando apenas as 90 proje\u00e7\u00f5es atualizadas nos \u00faltimos cinco dias \u00fateis, passou de 11,25% para 11,75% &#8211; o mesmo n\u00edvel esperado para o fim de 2024.<\/p>\n\n\n\n<p>A estimativa intermedi\u00e1ria para a Selic no fim de 2026 subiu de 9,5% para 9,75%, interrompendo uma sequ\u00eancia de nove semanas de estabilidade. A mediana para os juros no fim de 2027 passou de 9% para 9,25%, ap\u00f3s 23 semanas de estabilidade.<\/p>\n\n\n\n<h3 class=\"wp-block-heading\" id=\"pib\">PIB<\/h3>\n\n\n\n<p>Em rela\u00e7\u00e3o ao produto interno bruto (PIB) de 2024, o Focus apontou alta na proje\u00e7\u00e3o pela quarta semana seguida, passando de 3,08% para 3,10% e aproximando-se das estimativas do Banco Central e do Minist\u00e9rio da Fazenda, de 3,20%.<\/p>\n\n\n\n<p>A estimativa intermedi\u00e1ria para 2025 se manteve em 1,93%, est\u00e1vel h\u00e1 quatro semanas, apesar da expectativa de um ciclo maior de aumento de juros &#8211; que, tudo mais constante, deveria esfriar a atividade. Os economistas do mercado n\u00e3o alteraram as proje\u00e7\u00f5es de crescimento da economia em 2026 e 2027. Ambas permaneceram em 2%, como j\u00e1 est\u00e3o h\u00e1 65 e 67 semanas, respectivamente.<\/p>\n\n\n\n<p><strong>Por Estad\u00e3o<\/strong><\/p>\n","protected":false},"excerpt":{"rendered":"<p>N\u00fameros divulgados pelo Banco Central mostram tamb\u00e9m que os analistas preveem um juro mais alto no longo prazo O mercado financeiro voltou a subir a proje\u00e7\u00e3o para a&nbsp;infla\u00e7\u00e3o&nbsp;deste ano, afastando-se&hellip;<\/p>\n","protected":false},"author":1,"featured_media":327073,"comment_status":"closed","ping_status":"open","sticky":false,"template":"","format":"standard","meta":{"footnotes":""},"categories":[34,43,42],"tags":[],"class_list":["post-327072","post","type-post","status-publish","format-standard","has-post-thumbnail","hentry","category-brasil","category-economia","category-ultimas"],"_links":{"self":[{"href":"https:\/\/blogfolhadocomercio.com.br\/wp\/wp-json\/wp\/v2\/posts\/327072","targetHints":{"allow":["GET"]}}],"collection":[{"href":"https:\/\/blogfolhadocomercio.com.br\/wp\/wp-json\/wp\/v2\/posts"}],"about":[{"href":"https:\/\/blogfolhadocomercio.com.br\/wp\/wp-json\/wp\/v2\/types\/post"}],"author":[{"embeddable":true,"href":"https:\/\/blogfolhadocomercio.com.br\/wp\/wp-json\/wp\/v2\/users\/1"}],"replies":[{"embeddable":true,"href":"https:\/\/blogfolhadocomercio.com.br\/wp\/wp-json\/wp\/v2\/comments?post=327072"}],"version-history":[{"count":1,"href":"https:\/\/blogfolhadocomercio.com.br\/wp\/wp-json\/wp\/v2\/posts\/327072\/revisions"}],"predecessor-version":[{"id":327074,"href":"https:\/\/blogfolhadocomercio.com.br\/wp\/wp-json\/wp\/v2\/posts\/327072\/revisions\/327074"}],"wp:featuredmedia":[{"embeddable":true,"href":"https:\/\/blogfolhadocomercio.com.br\/wp\/wp-json\/wp\/v2\/media\/327073"}],"wp:attachment":[{"href":"https:\/\/blogfolhadocomercio.com.br\/wp\/wp-json\/wp\/v2\/media?parent=327072"}],"wp:term":[{"taxonomy":"category","embeddable":true,"href":"https:\/\/blogfolhadocomercio.com.br\/wp\/wp-json\/wp\/v2\/categories?post=327072"},{"taxonomy":"post_tag","embeddable":true,"href":"https:\/\/blogfolhadocomercio.com.br\/wp\/wp-json\/wp\/v2\/tags?post=327072"}],"curies":[{"name":"wp","href":"https:\/\/api.w.org\/{rel}","templated":true}]}}