{"id":327027,"date":"2024-11-02T03:25:52","date_gmt":"2024-11-02T03:25:52","guid":{"rendered":"https:\/\/blogfolhadocomercio.com.br\/wp\/2024\/11\/02\/cadeira-cobicada-por-pt-no-tcu-so-deve-ficar-livre-em-2026-01-11-2024-poder\/"},"modified":"2024-11-02T03:25:57","modified_gmt":"2024-11-02T03:25:57","slug":"cadeira-cobicada-por-pt-no-tcu-so-deve-ficar-livre-em-2026-01-11-2024-poder","status":"publish","type":"post","link":"https:\/\/blogfolhadocomercio.com.br\/wp\/2024\/11\/02\/cadeira-cobicada-por-pt-no-tcu-so-deve-ficar-livre-em-2026-01-11-2024-poder\/","title":{"rendered":"Cadeira cobi\u00e7ada por PT no TCU s\u00f3 deve ficar livre em 2026 &#8211; 01\/11\/2024 &#8211; Poder"},"content":{"rendered":"<p> <br \/>\n<\/p>\n<div xmlns:default=\"https:\/\/www.w3.org\/2000\/svg\" xmlns:default1=\"http:\/\/www.w3.org\/2000\/svg\" xmlns:default2=\"\/\/www.w3.org\/2000\/svg\" data-news-content-text=\"\" data-disable-copy=\"\" data-continue-reading=\"\" data-continue-reading-hide-others=\".js-continue-reading-hidden\" data-age-rating=\"\" itemprop=\"articleBody\">\n<p>A sinaliza\u00e7\u00e3o dada pelo presidente da C\u00e2mara,<a href=\"https:\/\/www1.folha.uol.com.br\/folha-topicos\/arthur-lira\/\" rel=\"noopener\" target=\"\"> Arthur Lira<\/a> (<a href=\"https:\/\/www1.folha.uol.com.br\/folha-topicos\/pp\/\">PP<\/a>-AL), de que um nome do <a href=\"https:\/\/www1.folha.uol.com.br\/folha-topicos\/pt\/\">PT<\/a> <a href=\"https:\/\/www1.folha.uol.com.br\/poder\/2024\/10\/pt-pediu-vaga-no-tcu-para-apoiar-hugo-motta-e-vai-indicar-proximo-ministro-diz-lira.shtml\" rel=\"noopener\" target=\"\">receber\u00e1 apoio na disputa<\/a> pelo cargo de ministro do <a href=\"https:\/\/www1.folha.uol.com.br\/folha-topicos\/tcu\/\" rel=\"noopener\" target=\"\">TCU <\/a>(Tribunal de Contas da Uni\u00e3o) antecipa o debate sobre uma vaga que se abrir\u00e1 apenas em fevereiro de 2026 na corte.<\/p>\n<p>Em 26 de fevereiro daquele ano, o ministro Aroldo Cedraz completar\u00e1 75 anos, idade limite para atua\u00e7\u00e3o no tribunal, e ser\u00e1 substitu\u00eddo por um ministro eleito pelo <a href=\"https:\/\/www1.folha.uol.com.br\/folha-topicos\/congresso-nacional\/\">Congresso Nacional<\/a>.<\/p>\n<p>Em entrevista \u00e0 <b>Folha<\/b>, Lira disse que h\u00e1 acordo para o PT indicar um nome na disputa ao TCU como moeda de troca para o apoio da legenda \u00e0 candidatura de <a href=\"https:\/\/www1.folha.uol.com.br\/folha-topicos\/hugo-motta\/\">Hugo Motta<\/a> (<a href=\"https:\/\/www1.folha.uol.com.br\/folha-topicos\/republicanos\/\">Republicanos<\/a>-RR) ao comando da <a href=\"https:\/\/www1.folha.uol.com.br\/folha-topicos\/camara-dos-deputados\/\">C\u00e2mara dos Deputados<\/a>.<\/p>\n<p>&#8220;Eles [PT] reclamam que politicamente nunca tiveram um representante no TCU. [H\u00e1 o compromisso] com o PT, sim, de eles indicarem a vaga&#8221;, afirmou Lira \u00e0 <strong>Folha<\/strong>.<\/p>\n<p>\u00c9 comum que as vagas no TCU entrem nas negocia\u00e7\u00f5es para as presid\u00eancias da C\u00e2mara e do Senado, tamb\u00e9m nas composi\u00e7\u00f5es de governo e alian\u00e7as eleitorais.<\/p>\n<p>Antes de 2026, uma mudan\u00e7a na c\u00fapula do Tribunal de Contas se daria apenas em casos excepcionais, como algum ministro atual antecipar a aposentadoria. Pol\u00edticos apostam nos bastidores que Cedraz ou o ministro Augusto Nardes poderiam adiantar a sa\u00edda do cargo.<\/p>\n<p>O cargo de ministro do TCU \u00e9 cobi\u00e7ado, entre outras raz\u00f5es, por avaliar a gest\u00e3o do presidente da Rep\u00fablica. Em 2015, o tribunal <a href=\"https:\/\/www1.folha.uol.com.br\/poder\/2015\/10\/1691438-dilma-e-a-primeira-presidente-a-ter-sua-contas-reprovadas-no-tcu.shtml?mobile\" rel=\"noopener\" target=\"\">reprovou as contas de Dilma Rousseff (PT),<\/a> em raz\u00e3o das chamadas &#8220;pedaladas fiscais&#8221;, e pavimentou o caminho para o impeachment da ex-presidente.<\/p>\n<p>A corte tem nove ministros, sendo que o Congresso escolhe seis deles. Outros dois s\u00e3o eleitos pelo presidente entre os ministros substitutos e membros do Minist\u00e9rio P\u00fablico junto ao TCU.<\/p>\n<p>Ainda h\u00e1 uma <a href=\"https:\/\/www1.folha.uol.com.br\/poder\/2020\/10\/bolsonaro-avisa-presidente-do-tcu-que-indicara-jorge-oliveira-para-o-seu-lugar-na-corte.shtml\" rel=\"noopener\" target=\"\">vaga de escolha do presidente da Rep\u00fablica<\/a>. O nome tamb\u00e9m precisa ser aprovado pelo Senado.<\/p>\n<p>As escolhas que cabem ao Congresso mobilizam deputados e senadores em disputa que se assemelham as <a href=\"https:\/\/www1.folha.uol.com.br\/folha-topicos\/eleicoes\/\">elei\u00e7\u00f5es<\/a>, com panfletos, slogans de campanha e apoiadores contratados.<\/p>\n<p>A ideia do PT, por\u00e9m, \u00e9 garantir apoio amplo do centr\u00e3o ao eventual candidato.<\/p>\n<p>Em disputas ao TCU que ocorreram durante gest\u00f5es passadas de <a href=\"https:\/\/www1.folha.uol.com.br\/folha-topicos\/lula\/\">Lula<\/a>, os deputados Jos\u00e9 Pimentel (PT-CE) e Paulo Delgado (PT-MG) foram derrotados.<\/p>\n<p>Na ter\u00e7a-feira (29), em reuni\u00e3o com a bancada do PT, o deputado Elmar Nascimento (Uni\u00e3o Brasil-BA) lembrou dessas derrotas para afirmar que seria como &#8220;vender terreno na lua&#8221; prometer a ida de um petista ao TCU, como mostrou o <a href=\"https:\/\/www1.folha.uol.com.br\/colunas\/painel\/2024\/10\/em-reuniao-com-bancada-do-pt-elmar-acenou-com-apoio-a-reeleicao-de-lula.shtml\">Painel<\/a>. Elmar buscava apoio para a pr\u00f3pria candidatura ao comando da C\u00e2mara, mas ele <a href=\"https:\/\/www1.folha.uol.com.br\/poder\/2024\/10\/uniao-brasil-decide-apoiar-hugo-motta-e-elmar-sinaliza-desistencia-de-eleicao-na-camara.shtml\">j\u00e1 sinalizou que deixar\u00e1 a disputa<\/a> ap\u00f3s o Uni\u00e3o Brasil abra\u00e7ar o nome de Hugo Motta.<\/p>\n<p>O trabalho do TCU ainda desperta interesse do Legislativo por causa das fiscaliza\u00e7\u00f5es feitas pelo \u00f3rg\u00e3o a pedido do Congresso ou por iniciativa pr\u00f3pria. Em alguns casos, o tribunal gera inc\u00f4modo entre parlamentares por suspender obras por poss\u00edveis irregularidades.<\/p>\n<p>O TCU chegou a<a href=\"https:\/\/www1.folha.uol.com.br\/poder\/2022\/05\/tcu-trava-obras-da-codevasf-apos-politicos-escolherem-ate-modelo-de-asfalto-sob-bolsonaro.shtml\"> travar pavimenta\u00e7\u00f5es feitas<\/a> pela estatal Codevasf, bancadas por emendas parlamentares, por questionamentos sobre o modelo de contrata\u00e7\u00e3o e pela interfer\u00eancia de deputados e senadores at\u00e9 no tipo de asfalto escolhido.<\/p>\n<p>Os ministros, por\u00e9m, <a href=\"https:\/\/www1.folha.uol.com.br\/poder\/2022\/06\/tcu-recua-e-libera-obras-da-codevasf-em-que-politicos-indicam-ate-tipo-de-asfalto.shtml\">recuaram e permitiram a continuidade das obras<\/a> ap\u00f3s a companhia federal afirmar que corrigiu os procedimentos.<\/p>\n<p>O TCU ainda<a href=\"https:\/\/www1.folha.uol.com.br\/mercado\/2022\/05\/tcu-forma-maioria-para-aprovar-processo-de-privatizacao-da-eletrobras.shtml\"> atua nos processos de privatiza\u00e7\u00e3o<\/a> e faz a <a href=\"https:\/\/www1.folha.uol.com.br\/colunas\/painelsa\/2024\/07\/lula-interfere-para-resolver-atrito-de-tcu-com-agu-em-mediacoes.shtml\">media\u00e7\u00e3o de acordos bilion\u00e1rios<\/a> em <a href=\"https:\/\/www1.folha.uol.com.br\/colunas\/painelsa\/2024\/09\/tcu-prepara-mudanca-em-mecanismo-que-influencia-bilhoes-de-reais.shtml\" rel=\"noopener\" target=\"\">renegocia\u00e7\u00f5es de contratos<\/a> entre empresas e o poder p\u00fablico.<\/p>\n<p>Ap\u00f3s Cedraz, a aposentadoria seguinte na c\u00fapula do TCU ocorrer\u00e1 em outubro de 2027, quando Nardes completar\u00e1 75 anos.<\/p>\n<p>N\u00e3o seria in\u00e9dito um ministro antecipar a sa\u00edda para abrir vaga no tribunal. Em 2021, o <a href=\"https:\/\/www1.folha.uol.com.br\/poder\/2021\/12\/senado-aprova-anastasia-para-vaga-no-tcu-em-vitoria-de-pacheco.shtml\">ex-governador mineiro Antonio Anastasia<\/a> foi escolhido para o TCU em articula\u00e7\u00e3o relacionada \u00e0 candidatura vitoriosa de Rodrigo Pacheco (PSD-MG) \u00e0 presid\u00eancia do Senado naquele ano.<\/p>\n<p>A ida de Anastasia ao tribunal ainda permitiu que Alexandre Silveira (PSD-MG), atual ministro de Minas e Energia, assumisse o mandato de senador.<\/p>\n<p>Toda a costura s\u00f3 foi poss\u00edvel por causa da <a href=\"https:\/\/www1.folha.uol.com.br\/poder\/2021\/11\/aprovacao-de-nome-de-embaixador-abre-disputa-de-senadores-por-vaga-no-tcu.shtml\">antecipa\u00e7\u00e3o, em quase dois anos, da sa\u00edda do ex-ministro Raimundo Carreiro<\/a>, que deixou o tribunal para assumir a embaixada do Brasil em Portugal, a convite do ent\u00e3o presidente Jair Bolsonaro (PL).<\/p>\n<p>A vaga no TCU preenchida em 2023 tamb\u00e9m foi usada nas negocia\u00e7\u00f5es a presidente da C\u00e2mara. Na primeira elei\u00e7\u00e3o de Arthur Lira ao comando da Casa, ele fez um acordo para apoiar o nome de Jhonatan de Jesus, ent\u00e3o deputado pelo Republicanos de Roraima, ao tribunal. O apadrinhado de Lira tamb\u00e9m \u00e9 filho do senador Mecias de Jesus (Republicanos-RR).<\/p>\n<\/p><\/div>\n<p><br \/>\n<br \/><a href=\"https:\/\/redir.folha.com.br\/redir\/online\/poder\/rss091\/*https:\/\/www1.folha.uol.com.br\/poder\/2024\/11\/cadeira-no-tcu-negociada-por-pt-para-sucessao-na-camara-so-deve-ficar-livre-em-2026.shtml\">Fonte https:\/\/redir.folha.com.br\/redir\/online\/poder\/rss091\/*https:\/\/www1.folha.uol.com.br\/poder\/2024\/11\/cadeira-no-tcu-negociada-por-pt-para-sucessao-na-camara-so-deve-ficar-livre-em-2026.shtml<\/a><\/p>\n","protected":false},"excerpt":{"rendered":"<p>A sinaliza\u00e7\u00e3o dada pelo presidente da C\u00e2mara, Arthur Lira (PP-AL), de que um nome do PT receber\u00e1 apoio na disputa pelo cargo de ministro do TCU (Tribunal de Contas da&hellip;<\/p>\n","protected":false},"author":1,"featured_media":327028,"comment_status":"closed","ping_status":"open","sticky":false,"template":"","format":"standard","meta":{"footnotes":""},"categories":[34,42],"tags":[],"class_list":["post-327027","post","type-post","status-publish","format-standard","has-post-thumbnail","hentry","category-brasil","category-ultimas"],"_links":{"self":[{"href":"https:\/\/blogfolhadocomercio.com.br\/wp\/wp-json\/wp\/v2\/posts\/327027","targetHints":{"allow":["GET"]}}],"collection":[{"href":"https:\/\/blogfolhadocomercio.com.br\/wp\/wp-json\/wp\/v2\/posts"}],"about":[{"href":"https:\/\/blogfolhadocomercio.com.br\/wp\/wp-json\/wp\/v2\/types\/post"}],"author":[{"embeddable":true,"href":"https:\/\/blogfolhadocomercio.com.br\/wp\/wp-json\/wp\/v2\/users\/1"}],"replies":[{"embeddable":true,"href":"https:\/\/blogfolhadocomercio.com.br\/wp\/wp-json\/wp\/v2\/comments?post=327027"}],"version-history":[{"count":1,"href":"https:\/\/blogfolhadocomercio.com.br\/wp\/wp-json\/wp\/v2\/posts\/327027\/revisions"}],"predecessor-version":[{"id":327029,"href":"https:\/\/blogfolhadocomercio.com.br\/wp\/wp-json\/wp\/v2\/posts\/327027\/revisions\/327029"}],"wp:featuredmedia":[{"embeddable":true,"href":"https:\/\/blogfolhadocomercio.com.br\/wp\/wp-json\/wp\/v2\/media\/327028"}],"wp:attachment":[{"href":"https:\/\/blogfolhadocomercio.com.br\/wp\/wp-json\/wp\/v2\/media?parent=327027"}],"wp:term":[{"taxonomy":"category","embeddable":true,"href":"https:\/\/blogfolhadocomercio.com.br\/wp\/wp-json\/wp\/v2\/categories?post=327027"},{"taxonomy":"post_tag","embeddable":true,"href":"https:\/\/blogfolhadocomercio.com.br\/wp\/wp-json\/wp\/v2\/tags?post=327027"}],"curies":[{"name":"wp","href":"https:\/\/api.w.org\/{rel}","templated":true}]}}