{"id":326997,"date":"2024-11-01T17:28:45","date_gmt":"2024-11-01T17:28:45","guid":{"rendered":"https:\/\/blogfolhadocomercio.com.br\/wp\/?p=326997"},"modified":"2024-11-01T17:28:48","modified_gmt":"2024-11-01T17:28:48","slug":"guarda-chuva-garrafinha-fone-de-ouvido-o-que-pode-e-o-que-deve-ser-levado-para-a-prova-do-enem","status":"publish","type":"post","link":"https:\/\/blogfolhadocomercio.com.br\/wp\/2024\/11\/01\/guarda-chuva-garrafinha-fone-de-ouvido-o-que-pode-e-o-que-deve-ser-levado-para-a-prova-do-enem\/","title":{"rendered":"Guarda-chuva, garrafinha, fone de ouvido: o que pode (e o que deve) ser levado para a prova do Enem"},"content":{"rendered":"\n<p><strong>Candidatos devem estar com caneta esferogr\u00e1fica de tinta preta em material transparente e documento de identifica\u00e7\u00e3o f\u00edsico ou digital<\/strong><\/p>\n\n\n\n<p>O primeiro dia de prova do&nbsp;<a href=\"https:\/\/www.estadao.com.br\/tudo-sobre\/enem\/\"><strong>Exame Nacional do Ensino M\u00e9dio (Enem)<\/strong><\/a>&nbsp;de 2024 acontece neste domingo, 3. Para fazer a prova, todos os candidatos precisam levar, obrigatoriamente,&nbsp;<strong>caneta esferogr\u00e1fica de tinta preta em material transparente&nbsp;<\/strong>e<strong>&nbsp;documento de identifica\u00e7\u00e3o v\u00e1lido f\u00edsico ou digital.<\/strong>&nbsp;Mas outros itens podem causar d\u00favidas se s\u00e3o permitidos ou n\u00e3o, j\u00e1 que uma das raz\u00f5es de elimina\u00e7\u00e3o previstas em edital \u00e9 o porte de itens n\u00e3o permitidos durante a aplica\u00e7\u00e3o.<\/p>\n\n\n\n<p>Os documentos aceitos s\u00e3o o RG, Carteira Nacional de Habilita\u00e7\u00e3o (CNH) ou t\u00edtulo de eleitor (e as respectivas vers\u00f5es digitais por meio do aplicativo\u00a0<a href=\"http:\/\/gov.br\/\" target=\"_blank\" rel=\"noreferrer noopener\">Gov.br<\/a>. Este ano, \u00e9 poss\u00edvel ainda apresentar a Carteira de Identidade Nacional (CIN) digital, tamb\u00e9m pelo Gov.br.<\/p>\n\n\n\n<figure class=\"wp-block-image size-large\"><img loading=\"lazy\" decoding=\"async\" width=\"1024\" height=\"769\" src=\"https:\/\/blogfolhadocomercio.com.br\/wp\/wp-content\/uploads\/2024\/11\/image-5-1024x769.png\" alt=\"\" class=\"wp-image-326998\" srcset=\"https:\/\/blogfolhadocomercio.com.br\/wp\/wp-content\/uploads\/2024\/11\/image-5-1024x769.png 1024w, https:\/\/blogfolhadocomercio.com.br\/wp\/wp-content\/uploads\/2024\/11\/image-5-300x225.png 300w, https:\/\/blogfolhadocomercio.com.br\/wp\/wp-content\/uploads\/2024\/11\/image-5-768x577.png 768w, https:\/\/blogfolhadocomercio.com.br\/wp\/wp-content\/uploads\/2024\/11\/image-5-1170x878.png 1170w, https:\/\/blogfolhadocomercio.com.br\/wp\/wp-content\/uploads\/2024\/11\/image-5-585x439.png 585w, https:\/\/blogfolhadocomercio.com.br\/wp\/wp-content\/uploads\/2024\/11\/image-5.png 1200w\" sizes=\"auto, (max-width: 1024px) 100vw, 1024px\" \/><\/figure>\n\n\n\n<p>\u00c9 aconselh\u00e1vel levar o cart\u00e3o de confirma\u00e7\u00e3o da inscri\u00e7\u00e3o no Enem, embora n\u00e3o seja obrigat\u00f3rio. O participante pode portar \u00f3culos de grau e levar lanches (dando prefer\u00eancia para alimentos pr\u00e1ticos) e garrafa d\u2019\u00e1gua, exceto garrafas t\u00e9rmicas com term\u00f4metro, que s\u00e3o proibidas.<\/p>\n\n\n\n<p>Outros itens podem ser levados no dia, mas n\u00e3o podem ser utilizados na prova e, portanto, devem ser guardados em um envelope debaixo da carteira, lacrado e identificado, durante toda a perman\u00eancia do estudante no local.<\/p>\n\n\n\n<p>S\u00e3o eles: \u00f3culos escuros, artigos de chapelaria (bon\u00e9, chap\u00e9u, viseira, gorro ou similares), caneta de material n\u00e3o transparente; protetor auricular; fone de ouvido; dispositivos eletr\u00f4nicos, e quaisquer outros materiais estranhos \u00e0 realiza\u00e7\u00e3o do exame.<\/p>\n\n\n\n<p>Todos os eletr\u00f4nicos, como&nbsp;<em>smartwatches<\/em>, celulares,&nbsp;<em>tablets&nbsp;<\/em>e fones de ouvido<em>&nbsp;<\/em>devem estar desligados e guardados no envelope.<\/p>\n\n\n\n<p>Mochilas, bolsas e guarda-chuva: devem ser colocados debaixo da cadeira ou na frente da sala, de acordo com o que for solicitado pelo fiscal.<\/p>\n\n\n\n<p>O participante que n\u00e3o cumprir a regra ser\u00e1 eliminado do exame, informa o Inep.<\/p>\n\n\n\n<p>O candidato que precisa comprovar presen\u00e7a no exame dever\u00e1 emitir a Declara\u00e7\u00e3o de Comparecimento, dispon\u00edvel na P\u00e1gina do Participante. O documento deve ser impresso e apresentado ao chefe de sala no momento da identifica\u00e7\u00e3o. O Inep n\u00e3o fornece comprovante de presen\u00e7a ap\u00f3s a aplica\u00e7\u00e3o do exame.<\/p>\n\n\n\n<p><strong>Por Estad\u00e3o<br><\/strong><\/p>\n","protected":false},"excerpt":{"rendered":"<p>Candidatos devem estar com caneta esferogr\u00e1fica de tinta preta em material transparente e documento de identifica\u00e7\u00e3o f\u00edsico ou digital O primeiro dia de prova do&nbsp;Exame Nacional do Ensino M\u00e9dio (Enem)&nbsp;de&hellip;<\/p>\n","protected":false},"author":1,"featured_media":326998,"comment_status":"closed","ping_status":"open","sticky":false,"template":"","format":"standard","meta":{"footnotes":""},"categories":[34,40,42],"tags":[],"class_list":["post-326997","post","type-post","status-publish","format-standard","has-post-thumbnail","hentry","category-brasil","category-educacao","category-ultimas"],"_links":{"self":[{"href":"https:\/\/blogfolhadocomercio.com.br\/wp\/wp-json\/wp\/v2\/posts\/326997","targetHints":{"allow":["GET"]}}],"collection":[{"href":"https:\/\/blogfolhadocomercio.com.br\/wp\/wp-json\/wp\/v2\/posts"}],"about":[{"href":"https:\/\/blogfolhadocomercio.com.br\/wp\/wp-json\/wp\/v2\/types\/post"}],"author":[{"embeddable":true,"href":"https:\/\/blogfolhadocomercio.com.br\/wp\/wp-json\/wp\/v2\/users\/1"}],"replies":[{"embeddable":true,"href":"https:\/\/blogfolhadocomercio.com.br\/wp\/wp-json\/wp\/v2\/comments?post=326997"}],"version-history":[{"count":1,"href":"https:\/\/blogfolhadocomercio.com.br\/wp\/wp-json\/wp\/v2\/posts\/326997\/revisions"}],"predecessor-version":[{"id":326999,"href":"https:\/\/blogfolhadocomercio.com.br\/wp\/wp-json\/wp\/v2\/posts\/326997\/revisions\/326999"}],"wp:featuredmedia":[{"embeddable":true,"href":"https:\/\/blogfolhadocomercio.com.br\/wp\/wp-json\/wp\/v2\/media\/326998"}],"wp:attachment":[{"href":"https:\/\/blogfolhadocomercio.com.br\/wp\/wp-json\/wp\/v2\/media?parent=326997"}],"wp:term":[{"taxonomy":"category","embeddable":true,"href":"https:\/\/blogfolhadocomercio.com.br\/wp\/wp-json\/wp\/v2\/categories?post=326997"},{"taxonomy":"post_tag","embeddable":true,"href":"https:\/\/blogfolhadocomercio.com.br\/wp\/wp-json\/wp\/v2\/tags?post=326997"}],"curies":[{"name":"wp","href":"https:\/\/api.w.org\/{rel}","templated":true}]}}