{"id":326844,"date":"2024-10-30T14:19:45","date_gmt":"2024-10-30T14:19:45","guid":{"rendered":"https:\/\/blogfolhadocomercio.com.br\/wp\/?p=326844"},"modified":"2024-10-30T14:19:47","modified_gmt":"2024-10-30T14:19:47","slug":"estudantes-que-tiverem-pontuacao-alta-na-redacao-do-enem-serao-premiados","status":"publish","type":"post","link":"https:\/\/blogfolhadocomercio.com.br\/wp\/2024\/10\/30\/estudantes-que-tiverem-pontuacao-alta-na-redacao-do-enem-serao-premiados\/","title":{"rendered":"Estudantes que tiverem pontua\u00e7\u00e3o alta na Reda\u00e7\u00e3o do Enem ser\u00e3o premiados"},"content":{"rendered":"\n<p><strong>Estudantes da rede estadual que alcan\u00e7arem boas notas na Reda\u00e7\u00e3o do Enem receber\u00e3o pr\u00eamio em dinheiro<\/strong><\/p>\n\n\n\n<figure class=\"wp-block-image size-full\"><img loading=\"lazy\" decoding=\"async\" width=\"1024\" height=\"503\" src=\"https:\/\/blogfolhadocomercio.com.br\/wp\/wp-content\/uploads\/2024\/10\/image-253.png\" alt=\"\" class=\"wp-image-326845\" srcset=\"https:\/\/blogfolhadocomercio.com.br\/wp\/wp-content\/uploads\/2024\/10\/image-253.png 1024w, https:\/\/blogfolhadocomercio.com.br\/wp\/wp-content\/uploads\/2024\/10\/image-253-300x147.png 300w, https:\/\/blogfolhadocomercio.com.br\/wp\/wp-content\/uploads\/2024\/10\/image-253-768x377.png 768w, https:\/\/blogfolhadocomercio.com.br\/wp\/wp-content\/uploads\/2024\/10\/image-253-585x287.png 585w\" sizes=\"auto, (max-width: 1024px) 100vw, 1024px\" \/><\/figure>\n\n\n\n<p>O governador Ronaldo Caiado sancionou, nesta ter\u00e7a-feira (29\/10), a lei que institui o Pr\u00eamio Reda\u00e7\u00e3o Enem. A premia\u00e7\u00e3o ser\u00e1 concedida aos estudantes da 3\u00aa s\u00e9rie do ensino m\u00e9dio que alcan\u00e7arem pontua\u00e7\u00e3o alta na Reda\u00e7\u00e3o do Enem.<\/p>\n\n\n\n<p><strong>O Pr\u00eamio agraciar\u00e1 com R$ 10 mil alunos que tirarem nota 1000. O mesmo valor tamb\u00e9m ser\u00e1 destinado aos professores de L\u00edngua Portuguesa, efetivos ou contratados, modulados h\u00e1 mais tempo na turma em que o estudante premiado estiver matriculado.<\/strong><\/p>\n\n\n\n<p>Al\u00e9m disso, um segundo pr\u00eamio, no valor de R$ 5 mil, ser\u00e1 concedido aos estudantes que obtiverem 980 pontos na Reda\u00e7\u00e3o e o professor de L\u00edngua Portuguesa modulado h\u00e1 mais tempo na turma do aluno ganhador tamb\u00e9m receber\u00e1 R$ 5 mil. Entre os objetivos do Pr\u00eamio est\u00e3o:<\/p>\n\n\n\n<ul class=\"wp-block-list\">\n<li>diminuir a absten\u00e7\u00e3o nos dois dias de provas,<\/li>\n\n\n\n<li>elevar os resultados dos estudantes e impulsionar o ingresso deles ao Ensino Superior,<\/li>\n\n\n\n<li>al\u00e9m de reconhecer a excel\u00eancia do trabalho pedag\u00f3gico desenvolvido pelos professores.<\/li>\n<\/ul>\n\n\n\n<figure class=\"wp-block-image size-large\"><img loading=\"lazy\" decoding=\"async\" width=\"1024\" height=\"682\" src=\"https:\/\/blogfolhadocomercio.com.br\/wp\/wp-content\/uploads\/2024\/10\/image-254-1024x682.png\" alt=\"\" class=\"wp-image-326846\" srcset=\"https:\/\/blogfolhadocomercio.com.br\/wp\/wp-content\/uploads\/2024\/10\/image-254-1024x682.png 1024w, https:\/\/blogfolhadocomercio.com.br\/wp\/wp-content\/uploads\/2024\/10\/image-254-300x200.png 300w, https:\/\/blogfolhadocomercio.com.br\/wp\/wp-content\/uploads\/2024\/10\/image-254-768x512.png 768w, https:\/\/blogfolhadocomercio.com.br\/wp\/wp-content\/uploads\/2024\/10\/image-254-1536x1023.png 1536w, https:\/\/blogfolhadocomercio.com.br\/wp\/wp-content\/uploads\/2024\/10\/image-254-1170x780.png 1170w, https:\/\/blogfolhadocomercio.com.br\/wp\/wp-content\/uploads\/2024\/10\/image-254-585x390.png 585w, https:\/\/blogfolhadocomercio.com.br\/wp\/wp-content\/uploads\/2024\/10\/image-254-263x175.png 263w, https:\/\/blogfolhadocomercio.com.br\/wp\/wp-content\/uploads\/2024\/10\/image-254.png 1600w\" sizes=\"auto, (max-width: 1024px) 100vw, 1024px\" \/><\/figure>\n\n\n\n<p>Iniciativa tem como objetivo elevar resultados dos estudantes no Enem, impulsion\u00e1-los rumo ao Ensino Superior, diminuir absten\u00e7\u00e3o nas provas e incentiv\u00e1-los a obterem resultados de excel\u00eancia em Reda\u00e7\u00e3o (Foto: Seduc-GO)<\/p>\n\n\n\n<h2 class=\"wp-block-heading\">Premia\u00e7\u00e3o<\/h2>\n\n\n\n<p>Para ter acesso \u00e0 premia\u00e7\u00e3o, \u00e9 necess\u00e1rio tamb\u00e9m que o estudante participe dos dois dias de prova do Enem. Quando a unidade escolar possuir mais de um estudante contemplado com o Pr\u00eamio Reda\u00e7\u00e3o Enem, o diretor, o coordenador pedag\u00f3gico e, quando existir, o coordenador da \u00e1rea de Linguagens tamb\u00e9m poder\u00e3o receber o pr\u00eamio de R$ 10 mil ou R$ 5 mil, dividido igualmente entre eles.<\/p>\n\n\n\n<p>A iniciativa do&nbsp;<a href=\"https:\/\/goias.gov.br\/\">Governo de Goi\u00e1s<\/a>&nbsp;tem como objetivo:<\/p>\n\n\n\n<ul class=\"wp-block-list\">\n<li>elevar os resultados dos estudantes no Enem;<\/li>\n\n\n\n<li>impulsion\u00e1-los ao Ensino Superior;<\/li>\n\n\n\n<li>al\u00e9m de diminuir a absten\u00e7\u00e3o nos dois dias de prova<\/li>\n\n\n\n<li>e incentivar os alunos a obterem resultados de excel\u00eancia na prova de Reda\u00e7\u00e3o.<\/li>\n<\/ul>\n\n\n\n<h2 class=\"wp-block-heading\">Goi\u00e1sTec<\/h2>\n\n\n\n<p>Estudantes matriculados em turmas de ensino m\u00e9dio mediado por tecnologia, como o Programa Goi\u00e1sTec, tamb\u00e9m ser\u00e3o premiados. O pr\u00eamio ser\u00e1 dividido igualmente entre o professor mediador modulado h\u00e1 mais tempo na turma do estudante que obtiver 980 (novecentos e oitenta) ou 1.000 (mil) pontos e o professor de Estudo de L\u00edngua Portuguesa modulado na Ger\u00eancia de Media\u00e7\u00e3o Tecnol\u00f3gica.<\/p>\n\n\n\n<p><strong>Secretaria Estadual de Educa\u00e7\u00e3o (Seduc) \u2013 Governo de Goi\u00e1s<\/strong><\/p>\n","protected":false},"excerpt":{"rendered":"<p>Estudantes da rede estadual que alcan\u00e7arem boas notas na Reda\u00e7\u00e3o do Enem receber\u00e3o pr\u00eamio em dinheiro O governador Ronaldo Caiado sancionou, nesta ter\u00e7a-feira (29\/10), a lei que institui o Pr\u00eamio&hellip;<\/p>\n","protected":false},"author":1,"featured_media":326845,"comment_status":"closed","ping_status":"open","sticky":false,"template":"","format":"standard","meta":{"footnotes":""},"categories":[1,40,60,42],"tags":[],"class_list":["post-326844","post","type-post","status-publish","format-standard","has-post-thumbnail","hentry","category-cidades","category-educacao","category-governo","category-ultimas"],"_links":{"self":[{"href":"https:\/\/blogfolhadocomercio.com.br\/wp\/wp-json\/wp\/v2\/posts\/326844","targetHints":{"allow":["GET"]}}],"collection":[{"href":"https:\/\/blogfolhadocomercio.com.br\/wp\/wp-json\/wp\/v2\/posts"}],"about":[{"href":"https:\/\/blogfolhadocomercio.com.br\/wp\/wp-json\/wp\/v2\/types\/post"}],"author":[{"embeddable":true,"href":"https:\/\/blogfolhadocomercio.com.br\/wp\/wp-json\/wp\/v2\/users\/1"}],"replies":[{"embeddable":true,"href":"https:\/\/blogfolhadocomercio.com.br\/wp\/wp-json\/wp\/v2\/comments?post=326844"}],"version-history":[{"count":1,"href":"https:\/\/blogfolhadocomercio.com.br\/wp\/wp-json\/wp\/v2\/posts\/326844\/revisions"}],"predecessor-version":[{"id":326847,"href":"https:\/\/blogfolhadocomercio.com.br\/wp\/wp-json\/wp\/v2\/posts\/326844\/revisions\/326847"}],"wp:featuredmedia":[{"embeddable":true,"href":"https:\/\/blogfolhadocomercio.com.br\/wp\/wp-json\/wp\/v2\/media\/326845"}],"wp:attachment":[{"href":"https:\/\/blogfolhadocomercio.com.br\/wp\/wp-json\/wp\/v2\/media?parent=326844"}],"wp:term":[{"taxonomy":"category","embeddable":true,"href":"https:\/\/blogfolhadocomercio.com.br\/wp\/wp-json\/wp\/v2\/categories?post=326844"},{"taxonomy":"post_tag","embeddable":true,"href":"https:\/\/blogfolhadocomercio.com.br\/wp\/wp-json\/wp\/v2\/tags?post=326844"}],"curies":[{"name":"wp","href":"https:\/\/api.w.org\/{rel}","templated":true}]}}