{"id":326557,"date":"2024-10-23T18:29:43","date_gmt":"2024-10-23T18:29:43","guid":{"rendered":"https:\/\/blogfolhadocomercio.com.br\/wp\/?p=326557"},"modified":"2024-10-23T18:29:45","modified_gmt":"2024-10-23T18:29:45","slug":"novo-paco-municipal-de-catalao-obra-de-modernizacao-sera-lancada-pela-prefeitura","status":"publish","type":"post","link":"https:\/\/blogfolhadocomercio.com.br\/wp\/2024\/10\/23\/novo-paco-municipal-de-catalao-obra-de-modernizacao-sera-lancada-pela-prefeitura\/","title":{"rendered":"Novo Pa\u00e7o Municipal de Catal\u00e3o: Obra de moderniza\u00e7\u00e3o ser\u00e1 lan\u00e7ada pela Prefeitura"},"content":{"rendered":"\n<p><strong>O novo centro administrativo vai reunir todas as secretarias municipais, o gabinete do prefeito e contar\u00e1 com um moderno audit\u00f3rio.<\/strong><\/p>\n\n\n\n<figure class=\"wp-block-image size-full\"><img loading=\"lazy\" decoding=\"async\" width=\"984\" height=\"639\" src=\"https:\/\/blogfolhadocomercio.com.br\/wp\/wp-content\/uploads\/2024\/10\/image-175.png\" alt=\"\" class=\"wp-image-326558\" srcset=\"https:\/\/blogfolhadocomercio.com.br\/wp\/wp-content\/uploads\/2024\/10\/image-175.png 984w, https:\/\/blogfolhadocomercio.com.br\/wp\/wp-content\/uploads\/2024\/10\/image-175-300x195.png 300w, https:\/\/blogfolhadocomercio.com.br\/wp\/wp-content\/uploads\/2024\/10\/image-175-768x499.png 768w, https:\/\/blogfolhadocomercio.com.br\/wp\/wp-content\/uploads\/2024\/10\/image-175-585x380.png 585w\" sizes=\"auto, (max-width: 984px) 100vw, 984px\" \/><\/figure>\n\n\n\n<p>A Prefeitura de Catal\u00e3o lan\u00e7a, nesta nesta quinta-feira(24), \u00e0s 10h30, a obra do novo Pa\u00e7o Municipal. Todos os moradores est\u00e3o convidados a participar da solenidade, \u00e0s 10h30, na Av. Eliane Le\u00e3o Margon, Centro C\u00edvico, n\u00ba 01, nas proximidades de onde foram realizadas as obras de canaliza\u00e7\u00e3o do ribeir\u00e3o Pirapitinga, pr\u00f3ximo ao bairro Alto da Boa Vista I.<\/p>\n\n\n\n<p>O Pa\u00e7o Municipal de Catal\u00e3o ser\u00e1 edificado num terreno de 32.620 m\u00b2 e ter\u00e1 cerca de 5.000 m\u00b2 de \u00e1rea constru\u00edda. A obra, or\u00e7ada em R$ 25.393.941,03, ser\u00e1 feita pela AKMX Arquitetura e Engenharia Ltda, empresa vencedora da licita\u00e7\u00e3o e que tem sede em S\u00e3o Paulo-SP.<\/p>\n\n\n\n<p><strong>Atendimento p\u00fablico em um s\u00f3 lugar<\/strong><br>O complexo administrativo abrigar\u00e1, no t\u00e9rreo, todos os servi\u00e7os de atendimento ao p\u00fablico, inclusive o \u201cVapt e Vupt\u201d. Nos andares superiores funcionar\u00e3o os servi\u00e7os internos e o Gabinete do prefeito. O novo audit\u00f3rio do munic\u00edpio ser\u00e1 concebido para sediar reuni\u00f5es e receber eventos de m\u00e9dio e grande portes.<\/p>\n\n\n\n<p>O Pa\u00e7o Municipal contar\u00e1 tamb\u00e9m com estacionamentos para funcion\u00e1rios e visitantes, oferecendo acessibilidade e praticidade aos usu\u00e1rios. Para proporcionar um ambiente agrad\u00e1vel, uma ampla \u00e1rea de conviv\u00eancia ser\u00e1 instalada no entorno de uma pequena mata existente no local.<\/p>\n\n\n\n<p>A arquitetura do edif\u00edcio destaca-se pelas formas modernas. Pelo projeto, ser\u00e3o instalados vidros que ajudam no controle de luminosidade e temperatura no interior do pr\u00e9dio. A ilumina\u00e7\u00e3o foi idealizada para criar no observador da fachada uma sensa\u00e7\u00e3o de movimento e dinamismo ao longo do dia.<\/p>\n\n\n\n<p><strong>Servi\u00e7o<\/strong><br>Lan\u00e7amento do Pa\u00e7o Municipal de Catal\u00e3o<br>Dia: 24\/10\/2024, quinta-feira<br>Hor\u00e1rio: 10h30<br>Local: Bairro Planejado Parque Cidade, nas proximidades do final da Av. Raulina Paschoal&nbsp;<br>Evento gratuito<\/p>\n\n\n\n<p>SECOM | Prefeitura de Catal\u00e3o<br>Cidade que sonha e faz<\/p>\n","protected":false},"excerpt":{"rendered":"<p>O novo centro administrativo vai reunir todas as secretarias municipais, o gabinete do prefeito e contar\u00e1 com um moderno audit\u00f3rio. A Prefeitura de Catal\u00e3o lan\u00e7a, nesta nesta quinta-feira(24), \u00e0s 10h30,&hellip;<\/p>\n","protected":false},"author":1,"featured_media":326558,"comment_status":"closed","ping_status":"open","sticky":false,"template":"","format":"standard","meta":{"footnotes":""},"categories":[1,38,42],"tags":[],"class_list":["post-326557","post","type-post","status-publish","format-standard","has-post-thumbnail","hentry","category-cidades","category-prefeitura","category-ultimas"],"_links":{"self":[{"href":"https:\/\/blogfolhadocomercio.com.br\/wp\/wp-json\/wp\/v2\/posts\/326557","targetHints":{"allow":["GET"]}}],"collection":[{"href":"https:\/\/blogfolhadocomercio.com.br\/wp\/wp-json\/wp\/v2\/posts"}],"about":[{"href":"https:\/\/blogfolhadocomercio.com.br\/wp\/wp-json\/wp\/v2\/types\/post"}],"author":[{"embeddable":true,"href":"https:\/\/blogfolhadocomercio.com.br\/wp\/wp-json\/wp\/v2\/users\/1"}],"replies":[{"embeddable":true,"href":"https:\/\/blogfolhadocomercio.com.br\/wp\/wp-json\/wp\/v2\/comments?post=326557"}],"version-history":[{"count":1,"href":"https:\/\/blogfolhadocomercio.com.br\/wp\/wp-json\/wp\/v2\/posts\/326557\/revisions"}],"predecessor-version":[{"id":326559,"href":"https:\/\/blogfolhadocomercio.com.br\/wp\/wp-json\/wp\/v2\/posts\/326557\/revisions\/326559"}],"wp:featuredmedia":[{"embeddable":true,"href":"https:\/\/blogfolhadocomercio.com.br\/wp\/wp-json\/wp\/v2\/media\/326558"}],"wp:attachment":[{"href":"https:\/\/blogfolhadocomercio.com.br\/wp\/wp-json\/wp\/v2\/media?parent=326557"}],"wp:term":[{"taxonomy":"category","embeddable":true,"href":"https:\/\/blogfolhadocomercio.com.br\/wp\/wp-json\/wp\/v2\/categories?post=326557"},{"taxonomy":"post_tag","embeddable":true,"href":"https:\/\/blogfolhadocomercio.com.br\/wp\/wp-json\/wp\/v2\/tags?post=326557"}],"curies":[{"name":"wp","href":"https:\/\/api.w.org\/{rel}","templated":true}]}}