{"id":326418,"date":"2024-10-21T19:27:58","date_gmt":"2024-10-21T19:27:58","guid":{"rendered":"https:\/\/blogfolhadocomercio.com.br\/wp\/?p=326418"},"modified":"2024-10-21T19:27:59","modified_gmt":"2024-10-21T19:27:59","slug":"advogadas-e-juristas-pressionam-lula-por-indicacao-de-mulheres-ao-stj-se-trata-de-nao-retroceder","status":"publish","type":"post","link":"https:\/\/blogfolhadocomercio.com.br\/wp\/2024\/10\/21\/advogadas-e-juristas-pressionam-lula-por-indicacao-de-mulheres-ao-stj-se-trata-de-nao-retroceder\/","title":{"rendered":"Advogadas e juristas pressionam Lula por indica\u00e7\u00e3o de mulheres ao STJ: \u2018se trata de n\u00e3o retroceder\u2019"},"content":{"rendered":"\n<p><strong>Manifesto lembra presidente que cadeiras ocupadas por mulheres nos tribunais n\u00e3o passam de 20%; grupo destaca que vagas em aberto no Superior Tribunal de Justi\u00e7a j\u00e1 eram preenchidas por duas ministras, Laurita Vaz e Assesete Magalh\u00e3es<\/strong><\/p>\n\n\n\n<figure class=\"wp-block-image size-large\"><img loading=\"lazy\" decoding=\"async\" width=\"1024\" height=\"683\" src=\"https:\/\/blogfolhadocomercio.com.br\/wp\/wp-content\/uploads\/2024\/10\/image-132-1024x683.png\" alt=\"\" class=\"wp-image-326419\" srcset=\"https:\/\/blogfolhadocomercio.com.br\/wp\/wp-content\/uploads\/2024\/10\/image-132-1024x683.png 1024w, https:\/\/blogfolhadocomercio.com.br\/wp\/wp-content\/uploads\/2024\/10\/image-132-300x200.png 300w, https:\/\/blogfolhadocomercio.com.br\/wp\/wp-content\/uploads\/2024\/10\/image-132-768x512.png 768w, https:\/\/blogfolhadocomercio.com.br\/wp\/wp-content\/uploads\/2024\/10\/image-132-1170x780.png 1170w, https:\/\/blogfolhadocomercio.com.br\/wp\/wp-content\/uploads\/2024\/10\/image-132-585x390.png 585w, https:\/\/blogfolhadocomercio.com.br\/wp\/wp-content\/uploads\/2024\/10\/image-132-263x175.png 263w, https:\/\/blogfolhadocomercio.com.br\/wp\/wp-content\/uploads\/2024\/10\/image-132.png 1200w\" sizes=\"auto, (max-width: 1024px) 100vw, 1024px\" \/><\/figure>\n\n\n\n<p>STJ julgar\u00e1 se causa da morte de militante ser\u00e1 &#8220;tortura praticada por agentes do Estado&#8221;&nbsp;<em>Foto:&nbsp;Gustavo Lima\/STJ<\/em><\/p>\n\n\n\n<p>Grupos de advogadas e juristas de todo Pa\u00eds lan\u00e7aram nesta segunda-feira, 21, um manifesto em defesa da indica\u00e7\u00e3o, pelo presidente Luiz In\u00e1cio Lula da Silva, de duas mulheres para as vagas em aberto no Superior Tribunal de Justi\u00e7a. Elas pressionam o chefe do Executivo com um argumento \u201c\u00f3bvio\u201d de que as cadeiras eram ocupadas por mulheres: as ministras Laurita Vaz e Assusete Magalh\u00e3es.<\/p>\n\n\n\n<p>\u201cSe sequer passamos de 20% do n\u00famero de cadeiras da Corte, n\u00e3o podemos abrir m\u00e3o desse espa\u00e7o. N\u00e3o se trata de avan\u00e7ar, mas de n\u00e3o retroceder. N\u00e3o \u00e9 nada contra os homens que, de forma honrada, tamb\u00e9m comp\u00f5em as listas. \u00c9 sobre n\u00e3o deixar que o Tribunal da Cidadania perca em termos de perspectivas na sua nobre miss\u00e3o jurisdicional\u201d, frisam.<\/p>\n\n\n\n<p>As juristas e advogadas tamb\u00e9m citaram a import\u00e2ncia da indica\u00e7\u00e3o de mais mulheres negras aos Tribunais Superiores, mesmo que as listas tr\u00edplices encaminhadas para a escolha de Lula n\u00e3o apresentem nomes em tal sentido. \u201cAinda h\u00e1 muito o que conquistar, sobretudo sob o vi\u00e9s racial\u201d, indicam.<\/p>\n\n\n\n<p>Assinam a nota a Coaliz\u00e3o Nacional de Mulheres, o Movimento Nacional pela Paridade no Judici\u00e1rio, Associa\u00e7\u00e3o Brasileira de Advogadas, o Movimento Projeto de Lei Mais Mulheres na Pol\u00edtica, a Associa\u00e7\u00e3o Brasileira Elas no Processo, o Grupo Mulheres do Brasil, a iniciativa Quero Voc\u00ea Eleita e a Elas no Poder.<\/p>\n\n\n\n<p>A nota \u00e9 divulgada em um momento no qual, nos bastidores, os nomes de homens s\u00e3o mais fortes para a indica\u00e7\u00e3o de Lula. Hoje, um dos nomes mais fortes \u00e9 o de Carlos Pires Brand\u00e3o.<\/p>\n\n\n\n<p>O presidente dever\u00e1 escolher um nome de cada uma das listas a ele submetidas: a de desembargadores da Justi\u00e7a Federal, que inclui Brand\u00e3o, Daniele Maranh\u00e3o Costa e Marisa Ferreira dos Santos; e de procuradores, com Sammy Barbosa Lopes, Maria Marluce Caldas Bezerra, e Carlos Frederico Santos.<\/p>\n\n\n\n<p>Tamb\u00e9m n\u00e3o se descarta a possibilidade de uma retalia\u00e7\u00e3o do presidente ap\u00f3s o Superior Tribunal de Justi\u00e7a, que aprova os nomes a ser enviados ao chefe do Executivo, deixar de fora da lista o desembargador Rog\u00e9rio Favretto, do Tribunal Regional Federal (TRF) da 4\u00aa Regi\u00e3o. Favreto foi quem mandou soltar Lula em 2018. Assim, o presidente pode n\u00e3o indicar apadrinhados dos ministros da Corte.<\/p>\n\n\n\n<p>No \u00e2mbito da presid\u00eancia brasileira do G20 em 2024, o Minist\u00e9rio P\u00fablico Federal (MPF) realizar\u00e1 a primeira C\u00fapula dos Procuradores-Gerais \u2013 PG20, nos dias 20, 21 e 22 de outubro de 2024, no Rio de Janeiro, Brasil, sobre o tema \u201ccombate ao crime organizado em prol da justi\u00e7a e da sustentabilidade socioambiental\u201d.<\/p>\n\n\n\n<p>Essa iniciativa pioneira proporcionar\u00e1 um foro global de di\u00e1logo para os \u00f3rg\u00e3os de investiga\u00e7\u00e3o e persecu\u00e7\u00e3o penal, fomentando o interc\u00e2mbio de conhecimentos sobre temas jur\u00eddicos estrat\u00e9gicos na atualidade. Do interc\u00e2mbio de boas pr\u00e1ticas, espera-se alcan\u00e7ar importantes resultados e projetos de coopera\u00e7\u00e3o para o benef\u00edcio m\u00fatuo das institui\u00e7\u00f5es e pa\u00edses envolvidos.<\/p>\n\n\n\n<p><strong>Por Estad\u00e3o<br><\/strong><\/p>\n","protected":false},"excerpt":{"rendered":"<p>Manifesto lembra presidente que cadeiras ocupadas por mulheres nos tribunais n\u00e3o passam de 20%; grupo destaca que vagas em aberto no Superior Tribunal de Justi\u00e7a j\u00e1 eram preenchidas por duas&hellip;<\/p>\n","protected":false},"author":1,"featured_media":326420,"comment_status":"closed","ping_status":"open","sticky":false,"template":"","format":"standard","meta":{"footnotes":""},"categories":[34,35,42],"tags":[],"class_list":["post-326418","post","type-post","status-publish","format-standard","has-post-thumbnail","hentry","category-brasil","category-politica","category-ultimas"],"_links":{"self":[{"href":"https:\/\/blogfolhadocomercio.com.br\/wp\/wp-json\/wp\/v2\/posts\/326418","targetHints":{"allow":["GET"]}}],"collection":[{"href":"https:\/\/blogfolhadocomercio.com.br\/wp\/wp-json\/wp\/v2\/posts"}],"about":[{"href":"https:\/\/blogfolhadocomercio.com.br\/wp\/wp-json\/wp\/v2\/types\/post"}],"author":[{"embeddable":true,"href":"https:\/\/blogfolhadocomercio.com.br\/wp\/wp-json\/wp\/v2\/users\/1"}],"replies":[{"embeddable":true,"href":"https:\/\/blogfolhadocomercio.com.br\/wp\/wp-json\/wp\/v2\/comments?post=326418"}],"version-history":[{"count":1,"href":"https:\/\/blogfolhadocomercio.com.br\/wp\/wp-json\/wp\/v2\/posts\/326418\/revisions"}],"predecessor-version":[{"id":326421,"href":"https:\/\/blogfolhadocomercio.com.br\/wp\/wp-json\/wp\/v2\/posts\/326418\/revisions\/326421"}],"wp:featuredmedia":[{"embeddable":true,"href":"https:\/\/blogfolhadocomercio.com.br\/wp\/wp-json\/wp\/v2\/media\/326420"}],"wp:attachment":[{"href":"https:\/\/blogfolhadocomercio.com.br\/wp\/wp-json\/wp\/v2\/media?parent=326418"}],"wp:term":[{"taxonomy":"category","embeddable":true,"href":"https:\/\/blogfolhadocomercio.com.br\/wp\/wp-json\/wp\/v2\/categories?post=326418"},{"taxonomy":"post_tag","embeddable":true,"href":"https:\/\/blogfolhadocomercio.com.br\/wp\/wp-json\/wp\/v2\/tags?post=326418"}],"curies":[{"name":"wp","href":"https:\/\/api.w.org\/{rel}","templated":true}]}}