{"id":326410,"date":"2024-10-21T18:36:32","date_gmt":"2024-10-21T18:36:32","guid":{"rendered":"https:\/\/blogfolhadocomercio.com.br\/wp\/?p=326410"},"modified":"2024-10-21T18:36:35","modified_gmt":"2024-10-21T18:36:35","slug":"oito-torcedores-do-corinthians-sao-detidos-apos-ataque-com-pedras-e-bombas-a-onibus-de-flamenguistas","status":"publish","type":"post","link":"https:\/\/blogfolhadocomercio.com.br\/wp\/2024\/10\/21\/oito-torcedores-do-corinthians-sao-detidos-apos-ataque-com-pedras-e-bombas-a-onibus-de-flamenguistas\/","title":{"rendered":"Oito torcedores do Corinthians s\u00e3o detidos ap\u00f3s ataque com pedras e bombas a \u00f4nibus de flamenguistas"},"content":{"rendered":"\n<p><strong>Ataque aconteceu no quil\u00f4metro 220 da Rodovia Presidente Dutra, em Guarulhos, antes da partida entre as equipes pela semifinal da Copa do Brasil<\/strong><\/p>\n\n\n\n<p>Um ataque de um grupo de&nbsp;<a href=\"https:\/\/www.estadao.com.br\/tudo-sobre\/corinthians\/\" target=\"_blank\" rel=\"noreferrer noopener\"><strong>corintianos&nbsp;<\/strong><\/a>a um \u00f4nibus com torcedores do&nbsp;<a href=\"https:\/\/www.estadao.com.br\/tudo-sobre\/flamengo\" target=\"_blank\" rel=\"noreferrer noopener\"><strong>Flamengo&nbsp;<\/strong><\/a>resultou na pris\u00e3o de oito homens, com idades entre 22 e 35 anos. O incidente ocorreu neste domingo, 20, antes do confronto entre as equipes, na Neo Qu\u00edmica Arena, na zona leste da capital paulista, pela semifinal da Copa do Brasil.<\/p>\n\n\n\n<p>Segundo a Secretaria de Seguran\u00e7a P\u00fablica (SSP), equipes do 2\u00ba Batalh\u00e3o de Choque realizavam a escolta de dez ve\u00edculos quando, na Rodovia Presidente Dutra, em Guarulhos, encontraram dois suspeitos em uma motocicleta com roj\u00f5es e pedras. Posteriormente, um grupo de pessoas atacou o comboio com pedras, roj\u00f5es e uma bomba caseira. A a\u00e7\u00e3o aconteceu no quil\u00f4metro 220 da rodovia.<\/p>\n\n\n\n<figure class=\"wp-block-image size-large\"><img loading=\"lazy\" decoding=\"async\" width=\"1024\" height=\"683\" src=\"https:\/\/blogfolhadocomercio.com.br\/wp\/wp-content\/uploads\/2024\/10\/image-130-1024x683.png\" alt=\"\" class=\"wp-image-326411\" srcset=\"https:\/\/blogfolhadocomercio.com.br\/wp\/wp-content\/uploads\/2024\/10\/image-130-1024x683.png 1024w, https:\/\/blogfolhadocomercio.com.br\/wp\/wp-content\/uploads\/2024\/10\/image-130-300x200.png 300w, https:\/\/blogfolhadocomercio.com.br\/wp\/wp-content\/uploads\/2024\/10\/image-130-768x512.png 768w, https:\/\/blogfolhadocomercio.com.br\/wp\/wp-content\/uploads\/2024\/10\/image-130-1170x780.png 1170w, https:\/\/blogfolhadocomercio.com.br\/wp\/wp-content\/uploads\/2024\/10\/image-130-585x390.png 585w, https:\/\/blogfolhadocomercio.com.br\/wp\/wp-content\/uploads\/2024\/10\/image-130-263x175.png 263w, https:\/\/blogfolhadocomercio.com.br\/wp\/wp-content\/uploads\/2024\/10\/image-130.png 1200w\" sizes=\"auto, (max-width: 1024px) 100vw, 1024px\" \/><\/figure>\n\n\n\n<p>Rodovia Presidente Dutra foi palco de ataque de corintianos a \u00f4nibus com torcedores do Flamengo.\u00a0\u00a0<em>Foto:\u00a0Taba Benedicto\/Estad\u00e3o<\/em><\/p>\n\n\n\n<p>Ainda de acordo com a SSP, dois policiais ficaram feridos e sete ve\u00edculos foram danificados. Os detidos foram conduzidos ao Juizado Especial Criminal (Jecrim), e o caso foi registrado como como \u201cdano e promover tumulto, praticar ou incitar a viol\u00eancia em eventos esportivos\u201d na 6\u00aa Delegacia de Pol\u00edcia de Repress\u00e3o e An\u00e1lise aos Delitos de Intoler\u00e2ncia Esportiva (Drade), onde foi solicitado exames de IML \u00e0s v\u00edtimas.<\/p>\n\n\n\n<p>Em publica\u00e7\u00e3o no X (antigo Twitter), o Flamengo classificou o epis\u00f3dio como \u201cinadmiss\u00edvel\u201d, ressaltando que a\u00e7\u00e3o ocorreu mesmo com a escolta da PM. \u201cTemos certeza que ela n\u00e3o partiu de verdadeiros torcedores do Corinthians. Os respons\u00e1veis por este ato de vandalismo s\u00e3o marginais e assim devem ser tratados pelas autoridades competentes\u201d, escreveu.<\/p>\n\n\n\n<p>\u201cEsperamos que sejam tomadas todas as provid\u00eancias cab\u00edveis na puni\u00e7\u00e3o aos respons\u00e1veis. O Flamengo est\u00e1 \u00e0 disposi\u00e7\u00e3o para passar \u00e0s autoridades os fatos que nos foram relatados. O futebol brasileiro sempre perde com qualquer epis\u00f3dio de viol\u00eancia. Por isso, pedimos, mais uma vez: paz no futebol\u201d, concluiu o Flamengo.<\/p>\n\n\n\n<p>Mais de 46 mil torcedores compareceram \u00e0 Arena em Itaquera para acompanhar a segunda partida entre Corinthians e Flamengo. Depois de vencer o primeiro jogo no Maracan\u00e3, por 1 a 0,&nbsp;<a href=\"https:\/\/www.estadao.com.br\/esportes\/futebol\/corinthians-flamengo-jogo-de-volta-semifinal-copa-do-brasil\/\" target=\"_blank\" rel=\"noreferrer noopener\">os rubro-negros seguraram um empate sem gols com um a menos desde a etapa inicial e avan\u00e7aram \u00e0 decis\u00e3o<\/a>.<\/p>\n\n\n\n<p>O Flamengo vai enfrentar o Atl\u00e9tico-MG, que eliminou o Vasco ap\u00f3s vencer por 2 a 1, em Belo Horizonte, e empatar por 1 a 1, no Rio. As finais da competi\u00e7\u00e3o de mata-mata est\u00e3o agendadas para os dias 3 e 10 de novembro. A CBF sorteia a ordem dos mandos da decis\u00e3o na quinta-feira, 24, \u00e0s 15h.<\/p>\n\n\n\n<p><strong>Por Estad\u00e3o<\/strong><\/p>\n","protected":false},"excerpt":{"rendered":"<p>Ataque aconteceu no quil\u00f4metro 220 da Rodovia Presidente Dutra, em Guarulhos, antes da partida entre as equipes pela semifinal da Copa do Brasil Um ataque de um grupo de&nbsp;corintianos&nbsp;a um&hellip;<\/p>\n","protected":false},"author":1,"featured_media":326412,"comment_status":"closed","ping_status":"open","sticky":false,"template":"","format":"standard","meta":{"footnotes":""},"categories":[1,36,37,42],"tags":[],"class_list":["post-326410","post","type-post","status-publish","format-standard","has-post-thumbnail","hentry","category-cidades","category-esporte","category-seguranca","category-ultimas"],"_links":{"self":[{"href":"https:\/\/blogfolhadocomercio.com.br\/wp\/wp-json\/wp\/v2\/posts\/326410","targetHints":{"allow":["GET"]}}],"collection":[{"href":"https:\/\/blogfolhadocomercio.com.br\/wp\/wp-json\/wp\/v2\/posts"}],"about":[{"href":"https:\/\/blogfolhadocomercio.com.br\/wp\/wp-json\/wp\/v2\/types\/post"}],"author":[{"embeddable":true,"href":"https:\/\/blogfolhadocomercio.com.br\/wp\/wp-json\/wp\/v2\/users\/1"}],"replies":[{"embeddable":true,"href":"https:\/\/blogfolhadocomercio.com.br\/wp\/wp-json\/wp\/v2\/comments?post=326410"}],"version-history":[{"count":1,"href":"https:\/\/blogfolhadocomercio.com.br\/wp\/wp-json\/wp\/v2\/posts\/326410\/revisions"}],"predecessor-version":[{"id":326413,"href":"https:\/\/blogfolhadocomercio.com.br\/wp\/wp-json\/wp\/v2\/posts\/326410\/revisions\/326413"}],"wp:featuredmedia":[{"embeddable":true,"href":"https:\/\/blogfolhadocomercio.com.br\/wp\/wp-json\/wp\/v2\/media\/326412"}],"wp:attachment":[{"href":"https:\/\/blogfolhadocomercio.com.br\/wp\/wp-json\/wp\/v2\/media?parent=326410"}],"wp:term":[{"taxonomy":"category","embeddable":true,"href":"https:\/\/blogfolhadocomercio.com.br\/wp\/wp-json\/wp\/v2\/categories?post=326410"},{"taxonomy":"post_tag","embeddable":true,"href":"https:\/\/blogfolhadocomercio.com.br\/wp\/wp-json\/wp\/v2\/tags?post=326410"}],"curies":[{"name":"wp","href":"https:\/\/api.w.org\/{rel}","templated":true}]}}