{"id":326336,"date":"2024-10-18T19:35:56","date_gmt":"2024-10-18T19:35:56","guid":{"rendered":"https:\/\/blogfolhadocomercio.com.br\/wp\/?p=326336"},"modified":"2024-10-18T19:35:59","modified_gmt":"2024-10-18T19:35:59","slug":"saude-alerta-para-vacina-na-prevencao-da-gripe","status":"publish","type":"post","link":"https:\/\/blogfolhadocomercio.com.br\/wp\/2024\/10\/18\/saude-alerta-para-vacina-na-prevencao-da-gripe\/","title":{"rendered":"Sa\u00fade alerta para vacina na preven\u00e7\u00e3o da gripe"},"content":{"rendered":"\n<p><strong>Secret\u00e1rio Ras\u00edvel Santos e superintende Fl\u00favia Amorim falam sobre import\u00e2ncia da vacina\u00e7\u00e3o para prevenir a gripe\u00a0<\/strong><\/p>\n\n\n\n<figure class=\"wp-block-image size-full\"><img loading=\"lazy\" decoding=\"async\" width=\"1024\" height=\"683\" src=\"https:\/\/blogfolhadocomercio.com.br\/wp\/wp-content\/uploads\/2024\/10\/image-108.png\" alt=\"\" class=\"wp-image-326337\" srcset=\"https:\/\/blogfolhadocomercio.com.br\/wp\/wp-content\/uploads\/2024\/10\/image-108.png 1024w, https:\/\/blogfolhadocomercio.com.br\/wp\/wp-content\/uploads\/2024\/10\/image-108-300x200.png 300w, https:\/\/blogfolhadocomercio.com.br\/wp\/wp-content\/uploads\/2024\/10\/image-108-768x512.png 768w, https:\/\/blogfolhadocomercio.com.br\/wp\/wp-content\/uploads\/2024\/10\/image-108-585x390.png 585w, https:\/\/blogfolhadocomercio.com.br\/wp\/wp-content\/uploads\/2024\/10\/image-108-263x175.png 263w\" sizes=\"auto, (max-width: 1024px) 100vw, 1024px\" \/><\/figure>\n\n\n\n<p>A Secretaria de Estado da Sa\u00fade de Goi\u00e1s (SES-GO), por meio da Superintend\u00eancia de Vigil\u00e2ncia em Sa\u00fade, alerta a popula\u00e7\u00e3o sobre a import\u00e2ncia da vacina\u00e7\u00e3o para prevenir a gripe. A vacina est\u00e1 dispon\u00edvel nos 246 munic\u00edpios, entretanto, a cobertura vacinal em Goi\u00e1s est\u00e1 abaixo do ideal.<\/p>\n\n\n\n<p>\u201cO Minist\u00e9rio da Sa\u00fade (MS) recomenda uma cobertura vacinal de 90%, mas, at\u00e9 o momento, o estado registra apenas 44,91%. Em Goi\u00e2nia e Aparecida de Goi\u00e2nia, as coberturas s\u00e3o ainda mais preocupantes, com \u00edndices de 44,22% e 56,69%, respectivamente\u201d, alertou o secret\u00e1rio estadual da Sa\u00fade, Ras\u00edvel Santos.<\/p>\n\n\n\n<p>Goi\u00e1s exibe um padr\u00e3o sazonal no aumento dos casos de gripe, com picos no outono, devido \u00e0s mudan\u00e7as bruscas de temperatura, e, novamente. no final do ano, a partir de meados de setembro. Essa sazonalidade \u00e9 influenciada por varia\u00e7\u00f5es clim\u00e1ticas que favorecem a circula\u00e7\u00e3o do v\u00edrus.<\/p>\n\n\n\n<blockquote class=\"wp-block-quote is-layout-flow wp-block-quote-is-layout-flow\">\n<p>\u201cEssa sazonalidade \u00e9 nossa realidade, temos que estar preparados e alertar a popula\u00e7\u00e3o que a vacina \u00e9 o meio eficaz de prote\u00e7\u00e3o. O risco \u00e9 muito grande para quem est\u00e1 sem a imuniza\u00e7\u00e3o, porque pode acontecer casos de evolu\u00e7\u00e3o de uma gripe e \u00e9 importante que a popula\u00e7\u00e3o se conscientize\u201d, refor\u00e7a o secret\u00e1rio.<\/p>\n<\/blockquote>\n\n\n\n<h2 class=\"wp-block-heading\">Preven\u00e7\u00e3o da gripe<\/h2>\n\n\n\n<p>A Campanha Nacional de Vacina\u00e7\u00e3o contra a Influenza, em 2024, teve in\u00edcio em 25 de mar\u00e7o, com foco nos grupos priorit\u00e1rios recomendados pelo MS. A partir de 30 de abril, foi ampliada para toda a popula\u00e7\u00e3o acima de 6 meses de idade.<\/p>\n\n\n\n<p><strong>Dados do Painel de Notifica\u00e7\u00f5es da SES-GO mostram que, at\u00e9 17 de outubro, Goi\u00e1s registrou 6.044 interna\u00e7\u00f5es por S\u00edndrome Respirat\u00f3ria Aguda Grave (Srag), com 595 \u00f3bitos.<\/strong><\/p>\n\n\n\n<p>Dos casos notificados, 15% foram causados pela influenza, afetando principalmente pessoas com mais de 60 anos e crian\u00e7as menores de 2 anos. A maioria dos \u00f3bitos se concentrou na faixa et\u00e1ria acima dos 50 anos.<\/p>\n\n\n\n<p><strong>A SES-GO refor\u00e7a a import\u00e2ncia da vacina\u00e7\u00e3o como medida preventiva.<\/strong><\/p>\n\n\n\n<blockquote class=\"wp-block-quote is-layout-flow wp-block-quote-is-layout-flow\">\n<p>\u201c\u00c9 uma das melhores formas de preven\u00e7\u00e3o contra a gripe. Ela \u00e9 segura e eficaz na redu\u00e7\u00e3o dos casos graves e \u00f3bitos relacionados \u00e0 doen\u00e7a. Em caso de suspeita da doen\u00e7a, \u00e9 fundamental evitar o contato com outras pessoas, utilizar m\u00e1scara e higienizar as m\u00e3os frequentemente, pois o v\u00edrus \u00e9 facilmente transmitido por got\u00edculas salivares durante tosses, espirros ou conversas\u201d, enfatiza a Superintendente de Vigil\u00e2ncia em Sa\u00fade, Fl\u00favia Amorim.<\/p>\n<\/blockquote>\n\n\n\n<p>Ela ressalta que, em caso de sintomas gripais, como febre persistente, tosse e dificuldade para respirar, \u00e9 importante que as pessoas procurem uma unidade de sa\u00fade imediatamente, especialmente idosos, crian\u00e7as e imunodeprimidos.<\/p>\n\n\n\n<p><strong>Secretaria da Sa\u00fade \u2013 Governo de Goi\u00e1s<\/strong><\/p>\n","protected":false},"excerpt":{"rendered":"<p>Secret\u00e1rio Ras\u00edvel Santos e superintende Fl\u00favia Amorim falam sobre import\u00e2ncia da vacina\u00e7\u00e3o para prevenir a gripe\u00a0 A Secretaria de Estado da Sa\u00fade de Goi\u00e1s (SES-GO), por meio da Superintend\u00eancia de&hellip;<\/p>\n","protected":false},"author":1,"featured_media":326338,"comment_status":"closed","ping_status":"open","sticky":false,"template":"","format":"standard","meta":{"footnotes":""},"categories":[1,39,42],"tags":[],"class_list":["post-326336","post","type-post","status-publish","format-standard","has-post-thumbnail","hentry","category-cidades","category-saude","category-ultimas"],"_links":{"self":[{"href":"https:\/\/blogfolhadocomercio.com.br\/wp\/wp-json\/wp\/v2\/posts\/326336","targetHints":{"allow":["GET"]}}],"collection":[{"href":"https:\/\/blogfolhadocomercio.com.br\/wp\/wp-json\/wp\/v2\/posts"}],"about":[{"href":"https:\/\/blogfolhadocomercio.com.br\/wp\/wp-json\/wp\/v2\/types\/post"}],"author":[{"embeddable":true,"href":"https:\/\/blogfolhadocomercio.com.br\/wp\/wp-json\/wp\/v2\/users\/1"}],"replies":[{"embeddable":true,"href":"https:\/\/blogfolhadocomercio.com.br\/wp\/wp-json\/wp\/v2\/comments?post=326336"}],"version-history":[{"count":1,"href":"https:\/\/blogfolhadocomercio.com.br\/wp\/wp-json\/wp\/v2\/posts\/326336\/revisions"}],"predecessor-version":[{"id":326339,"href":"https:\/\/blogfolhadocomercio.com.br\/wp\/wp-json\/wp\/v2\/posts\/326336\/revisions\/326339"}],"wp:featuredmedia":[{"embeddable":true,"href":"https:\/\/blogfolhadocomercio.com.br\/wp\/wp-json\/wp\/v2\/media\/326338"}],"wp:attachment":[{"href":"https:\/\/blogfolhadocomercio.com.br\/wp\/wp-json\/wp\/v2\/media?parent=326336"}],"wp:term":[{"taxonomy":"category","embeddable":true,"href":"https:\/\/blogfolhadocomercio.com.br\/wp\/wp-json\/wp\/v2\/categories?post=326336"},{"taxonomy":"post_tag","embeddable":true,"href":"https:\/\/blogfolhadocomercio.com.br\/wp\/wp-json\/wp\/v2\/tags?post=326336"}],"curies":[{"name":"wp","href":"https:\/\/api.w.org\/{rel}","templated":true}]}}