{"id":326301,"date":"2024-10-17T19:28:50","date_gmt":"2024-10-17T19:28:50","guid":{"rendered":"https:\/\/blogfolhadocomercio.com.br\/wp\/?p=326301"},"modified":"2024-10-17T19:28:53","modified_gmt":"2024-10-17T19:28:53","slug":"o-que-restou-da-lideranca-do-hamas-apos-morte-de-yahya-sinwar-veja-os-principais-nomes","status":"publish","type":"post","link":"https:\/\/blogfolhadocomercio.com.br\/wp\/2024\/10\/17\/o-que-restou-da-lideranca-do-hamas-apos-morte-de-yahya-sinwar-veja-os-principais-nomes\/","title":{"rendered":"O que restou da lideran\u00e7a do Hamas ap\u00f3s morte de Yahya Sinwar? Veja os principais nomes"},"content":{"rendered":"\n<p><strong>Khaled Meshal, Khalil Al-Hayya e Mohamed Sinwar, irm\u00e3o do l\u00edder morto, s\u00e3o os principais nomes do grupo atualmente<\/strong><\/p>\n\n\n\n<p><a href=\"https:\/\/www.estadao.com.br\/internacional\/quem-e-o-lider-do-hamas-yehiya-sinwar-de-soldado-a-mentor-dos-atentados-contra-israel\/\" target=\"_blank\" rel=\"noreferrer noopener\"><strong>A morte do l\u00edder do Hamas, Yahya Sinwar, nesta quarta-feira, 17, pelas for\u00e7as israelenses na Faixa de Gaza,\u00a0<\/strong><\/a>representa um golpe significativo para o grupo terrorista.\u00a0<a href=\"https:\/\/www.estadao.com.br\/tudo-sobre\/israel-asia\/\" target=\"_blank\" rel=\"noreferrer noopener\"><strong>Israel<\/strong><\/a>\u00a0fez da elimina\u00e7\u00e3o da lideran\u00e7a do Hamas um objetivo da guerra em Gaza, e considerava Sinwar um de seus maiores alvos.<\/p>\n\n\n\n<p>H\u00e1 muito tempo considerado por Israel e pelos Estados Unidos como o planejador da estrat\u00e9gia militar do Hamas em Gaza, Sinwar tamb\u00e9m assumiu a fun\u00e7\u00e3o de chefe pol\u00edtico da organiza\u00e7\u00e3o h\u00e1 dois meses, ap\u00f3s\u00a0<a href=\"https:\/\/www.estadao.com.br\/internacional\/ismail-haniyeh-lider-do-hamas-e-morto-no-ira\/\" target=\"_blank\" rel=\"noreferrer noopener\"><strong>o assassinato de Ismail Haniyeh<\/strong><\/a><strong>.<\/strong>\u00a0Durante meses, Sinwar evitou o tipo de esfor\u00e7o israelense para encontr\u00e1-lo e mat\u00e1-lo, o que levou \u00e0 morte de outras autoridades do Hamas, entre elas Haniyeh.<\/p>\n\n\n\n<p><strong>Veja o que se sabe sobre algumas das figuras mais proeminentes do Hamas que ainda se acredita estarem vivas ou cujo destino n\u00e3o est\u00e1 claro<\/strong>.<\/p>\n\n\n\n<figure class=\"wp-block-image size-large\"><img loading=\"lazy\" decoding=\"async\" width=\"1024\" height=\"683\" src=\"https:\/\/blogfolhadocomercio.com.br\/wp\/wp-content\/uploads\/2024\/10\/image-96-1024x683.png\" alt=\"\" class=\"wp-image-326302\" srcset=\"https:\/\/blogfolhadocomercio.com.br\/wp\/wp-content\/uploads\/2024\/10\/image-96-1024x683.png 1024w, https:\/\/blogfolhadocomercio.com.br\/wp\/wp-content\/uploads\/2024\/10\/image-96-300x200.png 300w, https:\/\/blogfolhadocomercio.com.br\/wp\/wp-content\/uploads\/2024\/10\/image-96-768x512.png 768w, https:\/\/blogfolhadocomercio.com.br\/wp\/wp-content\/uploads\/2024\/10\/image-96-1170x780.png 1170w, https:\/\/blogfolhadocomercio.com.br\/wp\/wp-content\/uploads\/2024\/10\/image-96-585x390.png 585w, https:\/\/blogfolhadocomercio.com.br\/wp\/wp-content\/uploads\/2024\/10\/image-96-263x175.png 263w, https:\/\/blogfolhadocomercio.com.br\/wp\/wp-content\/uploads\/2024\/10\/image-96.png 1200w\" sizes=\"auto, (max-width: 1024px) 100vw, 1024px\" \/><\/figure>\n\n\n\n<h3 class=\"wp-block-heading\" id=\"khaled-meshal-ex-chefe-politico-do-hamas\">Khaled Meshal, ex-chefe pol\u00edtico do Hamas<\/h3>\n\n\n\n<p>Nascido perto da cidade de Ramallah, na Cisjord\u00e2nia, Meshal tornou-se l\u00edder do escrit\u00f3rio pol\u00edtico do Hamas em 1996, dirigindo o grupo a partir do ex\u00edlio. Dois anos depois, agentes israelenses injetaram nele um veneno de a\u00e7\u00e3o lenta na Jord\u00e2nia, levando-o ao coma antes de ser salvo por um ant\u00eddoto fornecido por Israel como parte de um acordo diplom\u00e1tico com a Jord\u00e2nia.<\/p>\n\n\n\n<p>Meshal passou sua carreira mudando de uma na\u00e7\u00e3o \u00e1rabe para outra, vivendo no Kuwait, Jord\u00e2nia, Catar e S\u00edria. Quando deixou o cargo de chefe do escrit\u00f3rio pol\u00edtico, foi sucedido em 2017 por Haniyeh. At\u00e9 hoje, Meshal continua sendo uma autoridade influente no grupo.<\/p>\n\n\n\n<h3 class=\"wp-block-heading\" id=\"khalil-al-hayya-vice-lider-do-hamas-em-gaza\">Khalil Al-Hayya, vice-l\u00edder do Hamas em Gaza<\/h3>\n\n\n\n<p>Al-Hayya, que agora vive no ex\u00edlio no Catar, \u00e9 uma autoridade do Hamas h\u00e1 d\u00e9cadas e era o segundo em comando do grupo at\u00e9 a morte de Sinwar. Ele sobreviveu a uma tentativa de assassinato israelense em 2007, quando um ataque a\u00e9reo em sua casa em Gaza matou membros de sua fam\u00edlia quando ele n\u00e3o estava l\u00e1.<\/p>\n\n\n\n<p>Um dos fundadores do Hamas, ele iniciou sua carreira pol\u00edtica nos Emirados \u00c1rabes Unidos, onde ajudou a fundar uma filial da Irmandade Mu\u00e7ulmana Palestina, a partir da qual o Hamas foi formado, de acordo com o Conselho Europeu de Rela\u00e7\u00f5es Exteriores.<\/p>\n\n\n\n<p>Mais tarde, ele foi para os Estados Unidos, onde ajudou a fundar institui\u00e7\u00f5es isl\u00e2micas, inclusive aquelas voltadas para a causa palestina. Em 1996, quando chefiava o escrit\u00f3rio pol\u00edtico do Hamas, enfrentou acusa\u00e7\u00f5es israelenses de financiar e ajudar a organizar ataques terroristas. Depois de passar 22 meses em uma pris\u00e3o de Manhattan sob suspeita de terrorismo, ele concordou em renunciar ao seu status de residente permanente nos Estados Unidos e disse que n\u00e3o contestaria as acusa\u00e7\u00f5es de terrorismo que levaram \u00e0 sua deten\u00e7\u00e3o. Os Estados Unidos ent\u00e3o o deportaram para a Jord\u00e2nia.<\/p>\n\n\n\n<figure class=\"wp-block-image size-large\"><img loading=\"lazy\" decoding=\"async\" width=\"1024\" height=\"684\" src=\"https:\/\/blogfolhadocomercio.com.br\/wp\/wp-content\/uploads\/2024\/10\/image-97-1024x684.png\" alt=\"\" class=\"wp-image-326303\" srcset=\"https:\/\/blogfolhadocomercio.com.br\/wp\/wp-content\/uploads\/2024\/10\/image-97-1024x684.png 1024w, https:\/\/blogfolhadocomercio.com.br\/wp\/wp-content\/uploads\/2024\/10\/image-97-300x200.png 300w, https:\/\/blogfolhadocomercio.com.br\/wp\/wp-content\/uploads\/2024\/10\/image-97-768x513.png 768w, https:\/\/blogfolhadocomercio.com.br\/wp\/wp-content\/uploads\/2024\/10\/image-97-1170x781.png 1170w, https:\/\/blogfolhadocomercio.com.br\/wp\/wp-content\/uploads\/2024\/10\/image-97-585x390.png 585w, https:\/\/blogfolhadocomercio.com.br\/wp\/wp-content\/uploads\/2024\/10\/image-97-263x175.png 263w, https:\/\/blogfolhadocomercio.com.br\/wp\/wp-content\/uploads\/2024\/10\/image-97.png 1200w\" sizes=\"auto, (max-width: 1024px) 100vw, 1024px\" \/><\/figure>\n\n\n\n<p>Israelenses comemoram morte de Yahya Sinwar em ataque na Faixa de Gaza\u00a0<em>Foto:\u00a0Jack Guez\/AFP<\/em><\/p>\n\n\n\n<h3 class=\"wp-block-heading\" id=\"muhammad-deif-comandante-das-forcas-armadas-do-hamas\">Muhammad Deif, comandante das for\u00e7as armadas do Hamas<\/h3>\n\n\n\n<p>Deif, outro suspeito de planejar os ataques de 7 de outubro, juntou-se ao Hamas quando era jovem. Em 2002, ele se tornou o l\u00edder da ala militar do Hamas, as Brigadas Qassam, sucedendo seu fundador, que foi morto em um ataque israelense. Desde ent\u00e3o, Deif orquestrou v\u00e1rios ataques a Israel, inclusive uma s\u00e9rie de atentados suicidas em 1996.<\/p>\n\n\n\n<p>Em julho, as for\u00e7as israelenses bombardearam uma \u00e1rea costeira densamente povoada de Gaza com muni\u00e7\u00e3o pesada na tentativa de matar Deif. Dezenas de habitantes de Gaza foram mortos no ataque. Mais tarde, as for\u00e7as armadas israelenses disseram que haviam matado Deif no ataque. O Hamas n\u00e3o confirmou nem negou sua morte.<\/p>\n\n\n\n<p>Ele esteve no topo da lista de terroristas mais procurados por Israel durante d\u00e9cadas, evitando mais de oito atentados contra sua vida, de acordo com a intelig\u00eancia israelense. Em 2014, um ataque a\u00e9reo israelense matou uma de suas esposas e seu filho rec\u00e9m-nascido.<\/p>\n\n\n\n<h3 class=\"wp-block-heading\" id=\"muhammad-sinwar\">Muhammad Sinwar<\/h3>\n\n\n\n<p>Muhammad Sinwar \u00e9 o bra\u00e7o direito de seu irm\u00e3o, Yahya Sinwar. O Ex\u00e9rcito de Israel disse no in\u00edcio de novembro que havia invadido o escrit\u00f3rio de Muhammad, onde disse ter encontrado \u201cdocumentos de doutrina militar\u201d. Em dezembro, o Ex\u00e9rcito tamb\u00e9m liberou o que disse ser um v\u00eddeo de Muhammad em um carro dentro de um t\u00fanel de Gaza.\/<strong>&nbsp;NYT e W.POST<\/strong><\/p>\n\n\n\n<p><strong>Por Estad\u00e3o<\/strong><\/p>\n","protected":false},"excerpt":{"rendered":"<p>Khaled Meshal, Khalil Al-Hayya e Mohamed Sinwar, irm\u00e3o do l\u00edder morto, s\u00e3o os principais nomes do grupo atualmente A morte do l\u00edder do Hamas, Yahya Sinwar, nesta quarta-feira, 17, pelas&hellip;<\/p>\n","protected":false},"author":1,"featured_media":326304,"comment_status":"closed","ping_status":"open","sticky":false,"template":"","format":"standard","meta":{"footnotes":""},"categories":[46,37,42],"tags":[],"class_list":["post-326301","post","type-post","status-publish","format-standard","has-post-thumbnail","hentry","category-mundo","category-seguranca","category-ultimas"],"_links":{"self":[{"href":"https:\/\/blogfolhadocomercio.com.br\/wp\/wp-json\/wp\/v2\/posts\/326301","targetHints":{"allow":["GET"]}}],"collection":[{"href":"https:\/\/blogfolhadocomercio.com.br\/wp\/wp-json\/wp\/v2\/posts"}],"about":[{"href":"https:\/\/blogfolhadocomercio.com.br\/wp\/wp-json\/wp\/v2\/types\/post"}],"author":[{"embeddable":true,"href":"https:\/\/blogfolhadocomercio.com.br\/wp\/wp-json\/wp\/v2\/users\/1"}],"replies":[{"embeddable":true,"href":"https:\/\/blogfolhadocomercio.com.br\/wp\/wp-json\/wp\/v2\/comments?post=326301"}],"version-history":[{"count":1,"href":"https:\/\/blogfolhadocomercio.com.br\/wp\/wp-json\/wp\/v2\/posts\/326301\/revisions"}],"predecessor-version":[{"id":326305,"href":"https:\/\/blogfolhadocomercio.com.br\/wp\/wp-json\/wp\/v2\/posts\/326301\/revisions\/326305"}],"wp:featuredmedia":[{"embeddable":true,"href":"https:\/\/blogfolhadocomercio.com.br\/wp\/wp-json\/wp\/v2\/media\/326304"}],"wp:attachment":[{"href":"https:\/\/blogfolhadocomercio.com.br\/wp\/wp-json\/wp\/v2\/media?parent=326301"}],"wp:term":[{"taxonomy":"category","embeddable":true,"href":"https:\/\/blogfolhadocomercio.com.br\/wp\/wp-json\/wp\/v2\/categories?post=326301"},{"taxonomy":"post_tag","embeddable":true,"href":"https:\/\/blogfolhadocomercio.com.br\/wp\/wp-json\/wp\/v2\/tags?post=326301"}],"curies":[{"name":"wp","href":"https:\/\/api.w.org\/{rel}","templated":true}]}}