{"id":326283,"date":"2024-10-17T18:48:45","date_gmt":"2024-10-17T18:48:45","guid":{"rendered":"https:\/\/blogfolhadocomercio.com.br\/wp\/?p=326283"},"modified":"2024-10-17T18:48:48","modified_gmt":"2024-10-17T18:48:48","slug":"a-guerra-nao-chegou-ao-fim-diz-netanyahu-apos-assassinato-do-lider-do-hamas","status":"publish","type":"post","link":"https:\/\/blogfolhadocomercio.com.br\/wp\/2024\/10\/17\/a-guerra-nao-chegou-ao-fim-diz-netanyahu-apos-assassinato-do-lider-do-hamas\/","title":{"rendered":"\u2018A guerra n\u00e3o chegou ao fim\u2019, diz Netanyahu ap\u00f3s assassinato do l\u00edder do Hamas"},"content":{"rendered":"\n<p><strong>Primeiro-ministro de Israel disse que vai trabalhar para a liberta\u00e7\u00e3o de ref\u00e9ns; EUA conversam com Catar para mediar fim da guerra<\/strong><br>O primeiro-ministro de\u00a0<a href=\"https:\/\/www.estadao.com.br\/tudo-sobre\/israel-asia\/\" target=\"_blank\" rel=\"noreferrer noopener\"><strong>Israel<\/strong><\/a>,\u00a0<a href=\"https:\/\/www.estadao.com.br\/tudo-sobre\/binyamin-netanyahu\/\" target=\"_blank\" rel=\"noreferrer noopener\"><strong>Binyamin Netanyahu<\/strong><\/a>, declarou que a guerra na\u00a0<a href=\"https:\/\/www.estadao.com.br\/tudo-sobre\/faixa-de-gaza\/\" target=\"_blank\" rel=\"noreferrer noopener\"><strong>Faixa de Gaza\u00a0<\/strong><\/a>n\u00e3o chega ao fim com o assassinato do l\u00edder do Hamas e principal arquiteto do ataque terrorista de 7 de outubro,\u00a0<a href=\"https:\/\/www.estadao.com.br\/internacional\/quem-e-o-lider-do-hamas-yehiya-sinwar-de-soldado-a-mentor-dos-atentados-contra-israel\/\" target=\"_blank\" rel=\"noreferrer noopener\"><strong>Yahya Sinwar<\/strong><\/a>. \u201cO mal levou um golpe duro, mas a miss\u00e3o que estamos diante ainda n\u00e3o acabou\u201d, disse em um discurso nesta quinta-feira, 17, transmitido pela TV israelense.<\/p>\n\n\n\n<p>Netanyahu tamb\u00e9m se dirigiu aos membros restantes do Hamas para pedir que se rendam e entreguem os ref\u00e9ns levados de Israel para a Faixa de Gaza no 7 de outubro. De acordo com as autoridades, 101 pessoas continuam presas no enclave. \u201cPara aqueles que est\u00e3o com os sequestrados: liberte-os e n\u00f3s deixaremos voc\u00eas vivos\u201d, declarou.<\/p>\n\n\n\n<p>O discurso do premi\u00ea aconteceu cerca de uma hora depois do Ex\u00e9rcito de Israel confirmar a morte de Sinwar em uma opera\u00e7\u00e3o no sul de Gaza nesta quinta. Netanyahu disse que o resgate dos ref\u00e9ns \u00e9 uma obriga\u00e7\u00e3o e que o assassinato do l\u00edder do Hamas marca um momento importante da guerra. \u201c\u00c9 um marco importante na queda do governo do Hamas em Gaza\u201d, disse.<\/p>\n\n\n\n<figure class=\"wp-block-image size-large\"><img loading=\"lazy\" decoding=\"async\" width=\"1024\" height=\"683\" src=\"https:\/\/blogfolhadocomercio.com.br\/wp\/wp-content\/uploads\/2024\/10\/image-90-1024x683.png\" alt=\"\" class=\"wp-image-326284\" srcset=\"https:\/\/blogfolhadocomercio.com.br\/wp\/wp-content\/uploads\/2024\/10\/image-90-1024x683.png 1024w, https:\/\/blogfolhadocomercio.com.br\/wp\/wp-content\/uploads\/2024\/10\/image-90-300x200.png 300w, https:\/\/blogfolhadocomercio.com.br\/wp\/wp-content\/uploads\/2024\/10\/image-90-768x512.png 768w, https:\/\/blogfolhadocomercio.com.br\/wp\/wp-content\/uploads\/2024\/10\/image-90-1170x780.png 1170w, https:\/\/blogfolhadocomercio.com.br\/wp\/wp-content\/uploads\/2024\/10\/image-90-585x390.png 585w, https:\/\/blogfolhadocomercio.com.br\/wp\/wp-content\/uploads\/2024\/10\/image-90-263x175.png 263w, https:\/\/blogfolhadocomercio.com.br\/wp\/wp-content\/uploads\/2024\/10\/image-90.png 1200w\" sizes=\"auto, (max-width: 1024px) 100vw, 1024px\" \/><\/figure>\n\n\n\n<p>Imagem de setembro mostra o primeiro-ministro de Israel, Binyamin Netanyahu, durante a Assembleia-Geral da ONU. Premi\u00ea confirma a continua\u00e7\u00e3o da guerra ap\u00f3s morte de Sinwar\u00a0<em>Foto:\u00a0Richard Drew\/AP<\/em><\/p>\n\n\n\n<p>A morte de Sinwar causou ansiedade entre os parentes dos ref\u00e9ns. Ao jornal israelense&nbsp;<em>Hareetz,<\/em>&nbsp;uma fam\u00edlia considerou a morte um \u201cacontecimento sens\u00edvel\u201d que exige a negocia\u00e7\u00e3o de acordos para a liberta\u00e7\u00e3o dos ref\u00e9ns o quanto antes. \u201cOs objetivos definidos para a guerra com Gaza foram alcan\u00e7ados. Todos, exceto a liberta\u00e7\u00e3o dos ref\u00e9ns\u201d, disse Ronen Neutra, pai de um ref\u00e9m israelense-americano, ao jornal.<\/p>\n\n\n\n<p>\u201cSinwar foi descrito como um grande obst\u00e1culo para um acordo e n\u00e3o est\u00e1 mais vivo. \u00c9 importante que toda a aten\u00e7\u00e3o esteja focada agora em atingir o objetivo do acordo que garantiria a liberta\u00e7\u00e3o do nosso filho e do resto dos ref\u00e9ns\u201d, acrescentou.<\/p>\n\n\n\n<p>Na Faixa de Gaza, a not\u00edcia da morte do l\u00edder do Hamas tamb\u00e9m despertou a expectativa do fim da guerra entre os civis.<\/p>\n\n\n\n<p>Ap\u00f3s a confirma\u00e7\u00e3o da morte, o secret\u00e1rio de Estado dos EUA, Antony Blinken, conversou com o primeiro-ministro do Catar, Mohammed bin Adbulrahman Al Thani, um dos principais mediadores na guerra, para discutir como agir para \u201cacabar com a guerra na Faixa de Gaza e reduzir a escalada no L\u00edbano\u201d, segundo um comunicado de Doha.<\/p>\n\n\n\n<p>O Catar tem sido um grande mediador nas negocia\u00e7\u00f5es sobre um cessar-fogo com o Hamas, que mant\u00e9m um escrit\u00f3rio pol\u00edtico em Doha.<\/p>\n\n\n\n<p>Mais cedo, o presidente de Israel, Isaac Herzog, saudou o Ex\u00e9rcito israelense ap\u00f3s a morte do terrorista do Hamas. \u201cSinwar, o arquiteto do ataque mortal de 7 de Outubro, foi durante anos respons\u00e1vel por atos hediondos de terrorismo contra civis israelenses, cidad\u00e3os de outros pa\u00edses, e pelo assassinato de milhares de pessoas inocentes.\u201d<\/p>\n\n\n\n<figure class=\"wp-block-image size-large\"><img loading=\"lazy\" decoding=\"async\" width=\"1024\" height=\"683\" src=\"https:\/\/blogfolhadocomercio.com.br\/wp\/wp-content\/uploads\/2024\/10\/image-91-1024x683.png\" alt=\"\" class=\"wp-image-326285\" srcset=\"https:\/\/blogfolhadocomercio.com.br\/wp\/wp-content\/uploads\/2024\/10\/image-91-1024x683.png 1024w, https:\/\/blogfolhadocomercio.com.br\/wp\/wp-content\/uploads\/2024\/10\/image-91-300x200.png 300w, https:\/\/blogfolhadocomercio.com.br\/wp\/wp-content\/uploads\/2024\/10\/image-91-768x512.png 768w, https:\/\/blogfolhadocomercio.com.br\/wp\/wp-content\/uploads\/2024\/10\/image-91-1170x780.png 1170w, https:\/\/blogfolhadocomercio.com.br\/wp\/wp-content\/uploads\/2024\/10\/image-91-585x390.png 585w, https:\/\/blogfolhadocomercio.com.br\/wp\/wp-content\/uploads\/2024\/10\/image-91-263x175.png 263w, https:\/\/blogfolhadocomercio.com.br\/wp\/wp-content\/uploads\/2024\/10\/image-91.png 1200w\" sizes=\"auto, (max-width: 1024px) 100vw, 1024px\" \/><\/figure>\n\n\n\n<p>Imagem de 2021 mostra o l\u00edder do Hamas, Yahya Sinwar, em um discurso na Faixa de Gaza. Sinwar foi assassinado em uma opera\u00e7\u00e3o israelense no sul do enclave ap\u00f3s um ano de guerra&nbsp;<em>Foto:&nbsp;John Minchillo\/AP<\/em><\/p>\n\n\n\n<p>\u201cAgora, mais do que nunca, devemos agir de todas as maneiras poss\u00edveis para trazer de volta os 101 ref\u00e9ns que ainda est\u00e3o sendo mantidos em condi\u00e7\u00f5es horr\u00edveis por terroristas do Hamas em Gaza\u201d, acrescentou Herzog em um comunicado.<\/p>\n\n\n\n<p>A opera\u00e7\u00e3o militar israelense em Gaza que matou Sinwar come\u00e7ou ap\u00f3s um ataque a\u00e9reo israelense, que matou pelo menos 28 pessoas em uma escola, segundo o minist\u00e9rio da Sa\u00fade de Gaza. Fares Abu Hamza, chefe da unidade de emerg\u00eancia local do Minist\u00e9rio da Sa\u00fade de Gaza, confirmou o n\u00famero de v\u00edtimas do ataque e disse que dezenas de pessoas ficaram feridas. Segundo o oficial, o Hospital Kamal Adwan, nas proximidades, estava lutando para tratar as v\u00edtimas. \u201cMuitas mulheres e crian\u00e7as est\u00e3o em estado cr\u00edtico\u201d, disse ele.<\/p>\n\n\n\n<p><strong>Por Estad\u00e3o<\/strong><\/p>\n","protected":false},"excerpt":{"rendered":"<p>Primeiro-ministro de Israel disse que vai trabalhar para a liberta\u00e7\u00e3o de ref\u00e9ns; EUA conversam com Catar para mediar fim da guerraO primeiro-ministro de\u00a0Israel,\u00a0Binyamin Netanyahu, declarou que a guerra na\u00a0Faixa de&hellip;<\/p>\n","protected":false},"author":1,"featured_media":326286,"comment_status":"closed","ping_status":"open","sticky":false,"template":"","format":"standard","meta":{"footnotes":""},"categories":[46,37,42],"tags":[],"class_list":["post-326283","post","type-post","status-publish","format-standard","has-post-thumbnail","hentry","category-mundo","category-seguranca","category-ultimas"],"_links":{"self":[{"href":"https:\/\/blogfolhadocomercio.com.br\/wp\/wp-json\/wp\/v2\/posts\/326283","targetHints":{"allow":["GET"]}}],"collection":[{"href":"https:\/\/blogfolhadocomercio.com.br\/wp\/wp-json\/wp\/v2\/posts"}],"about":[{"href":"https:\/\/blogfolhadocomercio.com.br\/wp\/wp-json\/wp\/v2\/types\/post"}],"author":[{"embeddable":true,"href":"https:\/\/blogfolhadocomercio.com.br\/wp\/wp-json\/wp\/v2\/users\/1"}],"replies":[{"embeddable":true,"href":"https:\/\/blogfolhadocomercio.com.br\/wp\/wp-json\/wp\/v2\/comments?post=326283"}],"version-history":[{"count":1,"href":"https:\/\/blogfolhadocomercio.com.br\/wp\/wp-json\/wp\/v2\/posts\/326283\/revisions"}],"predecessor-version":[{"id":326287,"href":"https:\/\/blogfolhadocomercio.com.br\/wp\/wp-json\/wp\/v2\/posts\/326283\/revisions\/326287"}],"wp:featuredmedia":[{"embeddable":true,"href":"https:\/\/blogfolhadocomercio.com.br\/wp\/wp-json\/wp\/v2\/media\/326286"}],"wp:attachment":[{"href":"https:\/\/blogfolhadocomercio.com.br\/wp\/wp-json\/wp\/v2\/media?parent=326283"}],"wp:term":[{"taxonomy":"category","embeddable":true,"href":"https:\/\/blogfolhadocomercio.com.br\/wp\/wp-json\/wp\/v2\/categories?post=326283"},{"taxonomy":"post_tag","embeddable":true,"href":"https:\/\/blogfolhadocomercio.com.br\/wp\/wp-json\/wp\/v2\/tags?post=326283"}],"curies":[{"name":"wp","href":"https:\/\/api.w.org\/{rel}","templated":true}]}}