{"id":325949,"date":"2024-10-09T01:36:12","date_gmt":"2024-10-09T01:36:12","guid":{"rendered":"https:\/\/blogfolhadocomercio.com.br\/wp\/2024\/10\/09\/medida-provisoria-beneficia-pescadores-do-norte-afetados-pela-seca-com-auxilio-de-r-2-824-noticias\/"},"modified":"2024-10-09T01:36:12","modified_gmt":"2024-10-09T01:36:12","slug":"medida-provisoria-beneficia-pescadores-do-norte-afetados-pela-seca-com-auxilio-de-r-2-824-noticias","status":"publish","type":"post","link":"https:\/\/blogfolhadocomercio.com.br\/wp\/2024\/10\/09\/medida-provisoria-beneficia-pescadores-do-norte-afetados-pela-seca-com-auxilio-de-r-2-824-noticias\/","title":{"rendered":"Medida provis\u00f3ria beneficia pescadores do Norte afetados pela seca com aux\u00edlio de R$ 2.824 &#8211; Not\u00edcias"},"content":{"rendered":"<p> <br \/>\n<\/p>\n<div>\n<div>\n<p class=\"g-artigo__data-hora\">\n                      08\/10\/2024 &#8211; 10:48 \u00a0\n                    <\/p>\n<div id=\"image-container-1101188\" class=\"image-container\" style=\"float: none; margin: 45px 0px; width: 100%;\" data-midia=\"1101188\">\n<p><em>Gustavo Vara\/Prefeitura de Pelotas-RS<\/em><\/p>\n<p>Aux\u00edlio ser\u00e1 pago em parcela \u00fanica<\/p>\n<\/p><\/div>\n<p>A Medida Provis\u00f3ria (MP) 1263\/24 cria um aux\u00edlio extraordin\u00e1rio de R$ 2.824 para pescadores artesanais da regi\u00e3o Norte dos munic\u00edpios afetados por seca ou em situa\u00e7\u00e3o de calamidade p\u00fablica reconhecida pelo governo federal.<\/p>\n<p>A medida provis\u00f3ria foi publicada nesta ter\u00e7a-feira (8) no Di\u00e1rio Oficial da Uni\u00e3o e dever\u00e1 beneficiar pescadores cadastrados no seguro defeso. O texto \u00e9 similar \u00e0 MP 1192\/23, que no ano passado tamb\u00e9m socorreu a categoria.<\/p>\n<p>O aux\u00edlio extraordin\u00e1rio, em valor equivalente a dois sal\u00e1rios m\u00ednimos, ser\u00e1 pago em parcela \u00fanica, com recursos do Minist\u00e9rio da Pesca e Aquicultura. O benef\u00edcio ser\u00e1 devido ainda que o titular receba aux\u00edlios assistenciais ou previdenci\u00e1rios.<\/p>\n<p><strong>Impacto or\u00e7ament\u00e1rio<\/strong><br \/>Segundo a Presid\u00eancia da Rep\u00fablica, o aux\u00edlio extraordin\u00e1rio dever\u00e1 representar cerca de R$ 300 milh\u00f5es para pescadores artesanais que vivem em cerca de cem munic\u00edpios afetados neste ano pela seca ou pela estiagem na regi\u00e3o Norte.<\/p>\n<p>De acordo com o Centro Nacional de Monitoramento e Alertas de Desastres Naturais (Cemaden), 216 munic\u00edpios em todo o Brasil se encontravam em situa\u00e7\u00e3o de seca extrema em setembro. Desses, 27 est\u00e3o na regi\u00e3o Norte.<\/p>\n<p>Diversos munic\u00edpios das regi\u00f5es Norte, Centro-Oeste e Sudeste enfrentam a seca h\u00e1 mais de um ano, segundo o Cemaden. Apesar de uma menor quantidade de munic\u00edpios afetados em rela\u00e7\u00e3o \u00e0s demais, a regi\u00e3o Norte lidera na \u00e1rea total.<\/p>\n<p><strong>Pr\u00f3ximos passos<\/strong><br \/>A Medida Provis\u00f3ria 1263\/24 j\u00e1 est\u00e1 em vigor e precisa ser votada na C\u00e2mara dos Deputados e no Senado para se tornar lei.<\/p>\n<p>\u00a0<\/p>\n<p>        <iframe class=\"infografico-container\" style=\"width: 100%; height: 100%;\" src=\"https:\/\/www.camara.leg.br\/internet\/agencia\/infograficos-html5\/municipios-afetados-por-seca-ou-estiagem-em-2024\/index.html\" frameborder=\"0\" data-mce-fragment=\"1\"><\/iframe><\/p>\n<p>\u00a0<\/p>\n<p style=\"font-size: 0.8rem; font-weight: 700;\">Da Reportagem\/RM<br \/>Edi\u00e7\u00e3o \u2013 Natalia Doederlein<\/p>\n<\/p><\/div>\n<\/p><\/div>\n<p><br \/>\n<br \/><a href=\"https:\/\/www.camara.leg.br\/noticias\/1101175-medida-provisoria-beneficia-pescadores-do-norte-afetados-pela-seca-com-auxilio-de-r-2-824\/\">Fonte https:\/\/www.camara.leg.br\/noticias\/1101175-medida-provisoria-beneficia-pescadores-do-norte-afetados-pela-seca-com-auxilio-de-r-2-824\/<\/a><\/p>\n","protected":false},"excerpt":{"rendered":"<p>08\/10\/2024 &#8211; 10:48 \u00a0 Gustavo Vara\/Prefeitura de Pelotas-RS Aux\u00edlio ser\u00e1 pago em parcela \u00fanica A Medida Provis\u00f3ria (MP) 1263\/24 cria um aux\u00edlio extraordin\u00e1rio de R$ 2.824 para pescadores artesanais da&hellip;<\/p>\n","protected":false},"author":1,"featured_media":325950,"comment_status":"closed","ping_status":"open","sticky":false,"template":"","format":"standard","meta":{"footnotes":""},"categories":[34,38,42],"tags":[],"class_list":["post-325949","post","type-post","status-publish","format-standard","has-post-thumbnail","hentry","category-brasil","category-prefeitura","category-ultimas"],"_links":{"self":[{"href":"https:\/\/blogfolhadocomercio.com.br\/wp\/wp-json\/wp\/v2\/posts\/325949","targetHints":{"allow":["GET"]}}],"collection":[{"href":"https:\/\/blogfolhadocomercio.com.br\/wp\/wp-json\/wp\/v2\/posts"}],"about":[{"href":"https:\/\/blogfolhadocomercio.com.br\/wp\/wp-json\/wp\/v2\/types\/post"}],"author":[{"embeddable":true,"href":"https:\/\/blogfolhadocomercio.com.br\/wp\/wp-json\/wp\/v2\/users\/1"}],"replies":[{"embeddable":true,"href":"https:\/\/blogfolhadocomercio.com.br\/wp\/wp-json\/wp\/v2\/comments?post=325949"}],"version-history":[{"count":1,"href":"https:\/\/blogfolhadocomercio.com.br\/wp\/wp-json\/wp\/v2\/posts\/325949\/revisions"}],"predecessor-version":[{"id":325951,"href":"https:\/\/blogfolhadocomercio.com.br\/wp\/wp-json\/wp\/v2\/posts\/325949\/revisions\/325951"}],"wp:featuredmedia":[{"embeddable":true,"href":"https:\/\/blogfolhadocomercio.com.br\/wp\/wp-json\/wp\/v2\/media\/325950"}],"wp:attachment":[{"href":"https:\/\/blogfolhadocomercio.com.br\/wp\/wp-json\/wp\/v2\/media?parent=325949"}],"wp:term":[{"taxonomy":"category","embeddable":true,"href":"https:\/\/blogfolhadocomercio.com.br\/wp\/wp-json\/wp\/v2\/categories?post=325949"},{"taxonomy":"post_tag","embeddable":true,"href":"https:\/\/blogfolhadocomercio.com.br\/wp\/wp-json\/wp\/v2\/tags?post=325949"}],"curies":[{"name":"wp","href":"https:\/\/api.w.org\/{rel}","templated":true}]}}