{"id":325908,"date":"2024-10-05T01:18:28","date_gmt":"2024-10-05T01:18:28","guid":{"rendered":"https:\/\/blogfolhadocomercio.com.br\/wp\/2024\/10\/05\/projeto-prioriza-mulheres-vitimas-de-violencia-domestica-no-bolsa-familia-noticias\/"},"modified":"2024-10-05T01:18:29","modified_gmt":"2024-10-05T01:18:29","slug":"projeto-prioriza-mulheres-vitimas-de-violencia-domestica-no-bolsa-familia-noticias","status":"publish","type":"post","link":"https:\/\/blogfolhadocomercio.com.br\/wp\/2024\/10\/05\/projeto-prioriza-mulheres-vitimas-de-violencia-domestica-no-bolsa-familia-noticias\/","title":{"rendered":"Projeto prioriza mulheres v\u00edtimas de viol\u00eancia dom\u00e9stica no Bolsa Fam\u00edlia &#8211; Not\u00edcias"},"content":{"rendered":"<p> <br \/>\n<\/p>\n<div>\n<p class=\"g-artigo__data-hora\">\n                      04\/10\/2024 &#8211; 12:54 \u00a0\n                    <\/p>\n<div id=\"image-container-1100448\" class=\"image-container\" style=\"float: none; margin: 45px 0px; width: 100%;\" data-midia=\"1100448\">\n<p><em>Depositphotos<\/em><\/p>\n<p>Segundo o DataSenado, <span style=\"font-weight: 400;\">tr\u00eas a cada dez brasileiras j\u00e1 foram v\u00edtimas de viol\u00eancia dom\u00e9stica<\/span><\/p>\n<\/p><\/div>\n<p><span style=\"font-weight: 400;\">O Projeto de Lei 3324\/23 d\u00e1 prioridade no Bolsa Fam\u00edlia a mulheres v\u00edtimas de viol\u00eancia dom\u00e9stica e familiar que estejam sob medida protetiva de urg\u00eancia. Elas dever\u00e3o cumprir, por\u00e9m, os mesmos requisitos para ingresso no programa que os outros benefici\u00e1rios.<\/span><\/p>\n<p><span style=\"font-weight: 400;\">Apresentada pela senadora Zenaide Maia (PSD-RN), a proposta j\u00e1 foi aprovada pelo Senado Federal e agora est\u00e1 em an\u00e1lise na C\u00e2mara dos Deputados. O texto altera a lei que trata do programa (<a class=\"linkLegislacao\" href=\"https:\/\/www2.camara.gov.br\/legin\/fed\/lei\/2023\/lei-14601-19-junho-2023-794341-norma-pl.html\">Lei 14.601\/23<\/a>).<\/span><\/p>\n<p><span style=\"font-weight: 400;\"><strong>Objetivos do programa<\/strong><br \/>O projeto tamb\u00e9m inclui entre os objetivos do Bolsa Fam\u00edlia promover o desenvolvimento e a prote\u00e7\u00e3o social das mulheres em situa\u00e7\u00e3o de pobreza. <\/span><\/p>\n<p><span style=\"font-weight: 400;\">Hoje j\u00e1 figuram, entre os objetivos do programa, promover o desenvolvimento e a prote\u00e7\u00e3o social das fam\u00edlias, especialmente das crian\u00e7as, dos adolescentes e dos jovens em situa\u00e7\u00e3o de pobreza.<\/span><\/p>\n<p><span style=\"font-weight: 400;\">Segundo o novo texto, os objetivos do programa tamb\u00e9m ser\u00e3o obtidos por meio da articula\u00e7\u00e3o com as a\u00e7\u00f5es de enfrentamento da viol\u00eancia dom\u00e9stica e familiar.\u00a0<\/span><\/p>\n<p><span style=\"font-weight: 400;\"><strong>N\u00fameros da viol\u00eancia<\/strong><br \/>De acordo com a 10\u00aa Pesquisa Nacional de Viol\u00eancia contra a Mulher, de 2023, do instituto DataSenado, quanto menor a renda, maior a chance de a mulher sofrer viol\u00eancia dom\u00e9stica. <\/span><\/p>\n<p><span style=\"font-weight: 400;\">Ainda segundo o instituto, tr\u00eas a cada dez brasileiras j\u00e1 foram v\u00edtimas de viol\u00eancia dom\u00e9stica.<\/span><\/p>\n<p><strong>Pr\u00f3ximos passo<br \/><\/strong><span style=\"font-weight: 400;\">A proposta ser\u00e1 analisada em <span id=\"4322\" class=\"termoGlossario\" title=\"Rito de tramita\u00e7\u00e3o pelo qual o projeto \u00e9 votado apenas pelas comiss\u00f5es designadas para analis\u00e1-lo, dispensada a delibera\u00e7\u00e3o do Plen\u00e1rio. O projeto perde o car\u00e1ter conclusivo se houver decis\u00e3o divergente entre as comiss\u00f5es ou se, independentemente de ser aprovado ou rejeitado, houver recurso assinado por 52 deputados para a aprecia\u00e7\u00e3o da mat\u00e9ria no Plen\u00e1rio.\" contenteditable=\"false\" data-toggle=\"tooltip\" data-placement=\"top\">car\u00e1ter conclusivo<\/span> pelas comiss\u00f5es de Defesa dos Direitos da Mulher; de Previd\u00eancia, Assist\u00eancia Social, Inf\u00e2ncia, Adolesc\u00eancia e Fam\u00edlia; de Finan\u00e7as e Tributa\u00e7\u00e3o; e de Constitui\u00e7\u00e3o e Justi\u00e7a e de Cidadania.<\/span><\/p>\n<p>Para virar lei, o texto, que j\u00e1 foi aprovado no Senado, tamb\u00e9m ter\u00e1 de ser aprovado pela C\u00e2mara.<\/p>\n<p>\u00a0<\/p>\n<p>        <iframe class=\"infografico-container\" style=\"width: 100%; height: 100%;\" src=\"https:\/\/www.camara.leg.br\/internet\/agencia\/infograficos-html5\/violencia-contra-a-mulher-2024\/index.html\" frameborder=\"0\" data-mce-fragment=\"1\"><\/iframe><\/p>\n<p>\u00a0<\/p>\n<p style=\"font-size: 0.8rem; font-weight: 700;\">Reportagem \u2013 Lara Haje<br \/>Edi\u00e7\u00e3o \u2013 Natalia Doederlein<\/p>\n<\/p><\/div>\n<p><br \/>\n<br \/><a href=\"https:\/\/www.camara.leg.br\/noticias\/1100412-projeto-prioriza-mulheres-vitimas-de-violencia-domestica-no-bolsa-familia\/\">Fonte https:\/\/www.camara.leg.br\/noticias\/1100412-projeto-prioriza-mulheres-vitimas-de-violencia-domestica-no-bolsa-familia\/<\/a><\/p>\n","protected":false},"excerpt":{"rendered":"<p>04\/10\/2024 &#8211; 12:54 \u00a0 Depositphotos Segundo o DataSenado, tr\u00eas a cada dez brasileiras j\u00e1 foram v\u00edtimas de viol\u00eancia dom\u00e9stica O Projeto de Lei 3324\/23 d\u00e1 prioridade no Bolsa Fam\u00edlia a&hellip;<\/p>\n","protected":false},"author":1,"featured_media":325909,"comment_status":"closed","ping_status":"open","sticky":false,"template":"","format":"standard","meta":{"footnotes":""},"categories":[42],"tags":[],"class_list":["post-325908","post","type-post","status-publish","format-standard","has-post-thumbnail","hentry","category-ultimas"],"_links":{"self":[{"href":"https:\/\/blogfolhadocomercio.com.br\/wp\/wp-json\/wp\/v2\/posts\/325908","targetHints":{"allow":["GET"]}}],"collection":[{"href":"https:\/\/blogfolhadocomercio.com.br\/wp\/wp-json\/wp\/v2\/posts"}],"about":[{"href":"https:\/\/blogfolhadocomercio.com.br\/wp\/wp-json\/wp\/v2\/types\/post"}],"author":[{"embeddable":true,"href":"https:\/\/blogfolhadocomercio.com.br\/wp\/wp-json\/wp\/v2\/users\/1"}],"replies":[{"embeddable":true,"href":"https:\/\/blogfolhadocomercio.com.br\/wp\/wp-json\/wp\/v2\/comments?post=325908"}],"version-history":[{"count":1,"href":"https:\/\/blogfolhadocomercio.com.br\/wp\/wp-json\/wp\/v2\/posts\/325908\/revisions"}],"predecessor-version":[{"id":325910,"href":"https:\/\/blogfolhadocomercio.com.br\/wp\/wp-json\/wp\/v2\/posts\/325908\/revisions\/325910"}],"wp:featuredmedia":[{"embeddable":true,"href":"https:\/\/blogfolhadocomercio.com.br\/wp\/wp-json\/wp\/v2\/media\/325909"}],"wp:attachment":[{"href":"https:\/\/blogfolhadocomercio.com.br\/wp\/wp-json\/wp\/v2\/media?parent=325908"}],"wp:term":[{"taxonomy":"category","embeddable":true,"href":"https:\/\/blogfolhadocomercio.com.br\/wp\/wp-json\/wp\/v2\/categories?post=325908"},{"taxonomy":"post_tag","embeddable":true,"href":"https:\/\/blogfolhadocomercio.com.br\/wp\/wp-json\/wp\/v2\/tags?post=325908"}],"curies":[{"name":"wp","href":"https:\/\/api.w.org\/{rel}","templated":true}]}}