{"id":325825,"date":"2024-09-15T11:12:27","date_gmt":"2024-09-15T11:12:27","guid":{"rendered":"https:\/\/blogfolhadocomercio.com.br\/wp\/?p=325825"},"modified":"2024-09-15T11:18:45","modified_gmt":"2024-09-15T11:18:45","slug":"a-direita-no-brasil-nao-e-uma-ideologia-e-sim-um-projeto-de-poder","status":"publish","type":"post","link":"https:\/\/blogfolhadocomercio.com.br\/wp\/2024\/09\/15\/a-direita-no-brasil-nao-e-uma-ideologia-e-sim-um-projeto-de-poder\/","title":{"rendered":"A direita no Brasil n\u00e3o \u00e9 uma ideologia, e sim um projeto de poder"},"content":{"rendered":"\n<p><strong>Se a direita no Brasil realmente estivesse preocupada com o futuro da na\u00e7\u00e3o, n\u00e3o estaria tendo estes ataques de Malafaia a Pablo Mar\u00e7al. <\/strong><\/p>\n\n\n\n<p>N\u00e3o estamos aqui defendendo Pablo Mar\u00e7al, n\u00e3o temos ele como o candidato que vai resolver os problemas do Brasil, mas mostrando que o vi\u00e9s ideol\u00f3gico da extrema-direita no Brasil \u00e9 uma mentira, pois j\u00e1 deu para perceber que em nosso pa\u00eds, a direita ou \u00e9 com a fam\u00edlia Bolsonaro no Poder, ou n\u00e3o \u00e9 direita.<\/p>\n\n\n\n<p><\/p>\n\n\n\n<p>Artigo de opini\u00e3o. <\/p>\n","protected":false},"excerpt":{"rendered":"<p>Se a direita no Brasil realmente estivesse preocupada com o futuro da na\u00e7\u00e3o, n\u00e3o estaria tendo estes ataques de Malafaia a Pablo Mar\u00e7al. N\u00e3o estamos aqui defendendo Pablo Mar\u00e7al, n\u00e3o&hellip;<\/p>\n","protected":false},"author":1,"featured_media":325826,"comment_status":"closed","ping_status":"open","sticky":false,"template":"","format":"standard","meta":{"footnotes":""},"categories":[34,35,42],"tags":[],"class_list":["post-325825","post","type-post","status-publish","format-standard","has-post-thumbnail","hentry","category-brasil","category-politica","category-ultimas"],"_links":{"self":[{"href":"https:\/\/blogfolhadocomercio.com.br\/wp\/wp-json\/wp\/v2\/posts\/325825","targetHints":{"allow":["GET"]}}],"collection":[{"href":"https:\/\/blogfolhadocomercio.com.br\/wp\/wp-json\/wp\/v2\/posts"}],"about":[{"href":"https:\/\/blogfolhadocomercio.com.br\/wp\/wp-json\/wp\/v2\/types\/post"}],"author":[{"embeddable":true,"href":"https:\/\/blogfolhadocomercio.com.br\/wp\/wp-json\/wp\/v2\/users\/1"}],"replies":[{"embeddable":true,"href":"https:\/\/blogfolhadocomercio.com.br\/wp\/wp-json\/wp\/v2\/comments?post=325825"}],"version-history":[{"count":4,"href":"https:\/\/blogfolhadocomercio.com.br\/wp\/wp-json\/wp\/v2\/posts\/325825\/revisions"}],"predecessor-version":[{"id":325830,"href":"https:\/\/blogfolhadocomercio.com.br\/wp\/wp-json\/wp\/v2\/posts\/325825\/revisions\/325830"}],"wp:featuredmedia":[{"embeddable":true,"href":"https:\/\/blogfolhadocomercio.com.br\/wp\/wp-json\/wp\/v2\/media\/325826"}],"wp:attachment":[{"href":"https:\/\/blogfolhadocomercio.com.br\/wp\/wp-json\/wp\/v2\/media?parent=325825"}],"wp:term":[{"taxonomy":"category","embeddable":true,"href":"https:\/\/blogfolhadocomercio.com.br\/wp\/wp-json\/wp\/v2\/categories?post=325825"},{"taxonomy":"post_tag","embeddable":true,"href":"https:\/\/blogfolhadocomercio.com.br\/wp\/wp-json\/wp\/v2\/tags?post=325825"}],"curies":[{"name":"wp","href":"https:\/\/api.w.org\/{rel}","templated":true}]}}