{"id":325481,"date":"2024-08-15T22:33:34","date_gmt":"2024-08-15T22:33:34","guid":{"rendered":"https:\/\/blogfolhadocomercio.com.br\/wp\/2024\/08\/15\/ricardo-nunes-conheca-o-candidato-a-prefeito-de-sp-15-08-2024-poder\/"},"modified":"2024-08-15T22:33:37","modified_gmt":"2024-08-15T22:33:37","slug":"ricardo-nunes-conheca-o-candidato-a-prefeito-de-sp-15-08-2024-poder","status":"publish","type":"post","link":"https:\/\/blogfolhadocomercio.com.br\/wp\/2024\/08\/15\/ricardo-nunes-conheca-o-candidato-a-prefeito-de-sp-15-08-2024-poder\/","title":{"rendered":"Ricardo Nunes: conhe\u00e7a o candidato a prefeito de SP &#8211; 15\/08\/2024 &#8211; Poder"},"content":{"rendered":"<p> <br \/>\n<\/p>\n<div data-news-content-text=\"\" data-disable-copy=\"\" data-continue-reading=\"\" data-continue-reading-hide-others=\".js-continue-reading-hidden\" data-age-rating=\"\" itemprop=\"articleBody\">\n<p><a href=\"https:\/\/www1.folha.uol.com.br\/folha-topicos\/ricardo-nunes\/\">Ricardo Nunes<\/a> (MDB), 56, \u00e9 prefeito de S\u00e3o Paulo e disputa a reelei\u00e7\u00e3o \u2014esta \u00e9 sua estreia em campanhas como cabe\u00e7a de chapa. Em 2020, Nunes venceu a elei\u00e7\u00e3o municipal, mas na condi\u00e7\u00e3o de vice de <a href=\"https:\/\/www1.folha.uol.com.br\/folha-topicos\/bruno-covas\/\">Bruno Covas<\/a> (<a href=\"https:\/\/www1.folha.uol.com.br\/folha-topicos\/psdb\/\">PSDB<\/a>).<\/p>\n<p>Quando o <a href=\"https:\/\/www1.folha.uol.com.br\/cotidiano\/2021\/05\/prefeito-bruno-covas-politico-moderado-que-confrontou-autoritarismo-morre-aos-41-em-sp.shtml\" rel=\"noopener\" target=\"\">tucano morreu de c\u00e2ncer<\/a>, em maio de 2021, Nunes herdou a cadeira de prefeito e manteve a maior parte das diretrizes e da equipe da prefeitura.<\/p>\n<p>Na campanha, ele tem ressaltado sua lealdade a Covas e tem como principal advers\u00e1rio o mesmo <a href=\"https:\/\/www1.folha.uol.com.br\/folha-topicos\/guilherme-boulos\/\">Guilherme Boulos<\/a> (<a href=\"https:\/\/www1.folha.uol.com.br\/folha-topicos\/psol\/\">PSOL<\/a>) que perdeu para o tucano no segundo turno h\u00e1 quatro anos.<\/p>\n<p>Outros aliados importantes do prefeito na corrida eleitoral s\u00e3o o ex-presidente <a href=\"https:\/\/www1.folha.uol.com.br\/folha-topicos\/jair-bolsonaro\/\">Jair Bolsonaro<\/a> (<a href=\"https:\/\/www1.folha.uol.com.br\/folha-topicos\/pl\/\">PL<\/a>) e o governador de S\u00e3o Paulo, <a href=\"https:\/\/www1.folha.uol.com.br\/folha-topicos\/tarcisio-de-freitas\/\">Tarc\u00edsio de Freitas<\/a> (Republicanos).<\/p>\n<p>Nunes se filiou ao MDB aos 18 anos e nunca trocou de partido.<\/p>\n<p>Antes de ocupar a vice-prefeitura, ele foi vereador por dois mandatos, tendo sido eleito em 2012 com aproximadamente 30 mil votos e reeleito em 2016 com cerca de 55 mil.<\/p>\n<p>Na C\u00e2mara Municipal, foi relator do Or\u00e7amento e comandou CPIs, como a da sonega\u00e7\u00e3o fiscal, que aplicou multas milion\u00e1rias a bancos.<\/p>\n<p>Cat\u00f3lico, Nunes integrava a bancada religiosa do Legislativo paulistano. Ele atuou contra a chamada <a href=\"https:\/\/www1.folha.uol.com.br\/cotidiano\/2018\/10\/saiba-como-surgiu-o-termo-ideologia-de-genero.shtml\" rel=\"noopener\" target=\"\">&#8220;ideologia de g\u00eanero&#8221;<\/a>, como conservadores costumam a se referir \u00e0 diversidade sexual ou educa\u00e7\u00e3o sexual.<\/p>\n<p>Em 2015, o ent\u00e3o vereador subiu num carro de som, ao lado de padres, para pressionar pela retirada de men\u00e7\u00f5es \u00e0 diversidade sexual do Plano Municipal de Educa\u00e7\u00e3o, o que <a href=\"https:\/\/www1.folha.uol.com.br\/educacao\/2015\/06\/1640618-sob-pressao-camara-de-sp-tira-palavra-genero-de-plano-de-educacao.shtml?mobile\" rel=\"noopener\" target=\"\">ele conseguiu<\/a>.<\/p>\n<p>Posteriormente, ele relacionou a mudan\u00e7a no plano a uma vit\u00f3ria do bem contra o mal e at\u00e9 mandou of\u00edcio a uma escola tentando impedir um evento sobre o assunto. Tamb\u00e9m foi coautor de um projeto de lei que pretendia implantar o programa <a href=\"https:\/\/www1.folha.uol.com.br\/folha-topicos\/escola-sem-partido\/\" rel=\"noopener\" target=\"\">Escola Sem Partido<\/a>.<\/p>\n<p>Em 2018, Nunes se candidatou a deputado federal, mas n\u00e3o foi eleito.<\/p>\n<p>Em 2020, <a href=\"https:\/\/www1.folha.uol.com.br\/poder\/2020\/11\/ricardo-nunes-assumira-vice-prefeitura-de-sao-paulo-com-rotulo-de-principal-calo-eleitoral-de-covas.shtml\" rel=\"noopener\" target=\"\">quando Covas estava em busca de um vice <\/a>e diversos nomes foram cogitados, o ent\u00e3o governador Jo\u00e3o Doria, na \u00e9poca no PSDB, articulou a alian\u00e7a com o MDB, que sugeriu o nome de Nunes. O ent\u00e3o vereador teve a chancela de <a href=\"https:\/\/www1.folha.uol.com.br\/cotidiano\/2024\/05\/futuro-de-milton-leite-soberano-da-camara-municipal-de-sp-intriga-politica-paulista.shtml\" rel=\"noopener\" target=\"\">Milton Leite<\/a>, l\u00edder da Uni\u00e3o Brasil, de quem \u00e9 um aliado pr\u00f3ximo at\u00e9 hoje.<\/p>\n<p>A equipe de <a href=\"https:\/\/www1.folha.uol.com.br\/poder\/2020\/09\/vice-de-covas-luta-contra-ideologia-de-genero-e-tem-influencia-em-modelo-de-creche-sob-investigacao.shtml\" rel=\"noopener\" target=\"\">Covas procurava um nome conservador para a chapa<\/a> para balancear uma s\u00e9rie de acenos do prefeito ao p\u00fablico progressista. O tucano era um cr\u00edtico de Bolsonaro, a quem Nunes chamou de democrata no ano passado, <a href=\"https:\/\/www1.folha.uol.com.br\/poder\/2023\/09\/bolsonaro-e-um-democrata-mas-nao-e-meu-padrinho-politico-diz-nunes.shtml\" rel=\"noopener\" target=\"\">em entrevista \u00e0 <strong>Folha<\/strong><\/a>.<\/p>\n<p>Durante aquela campanha, a <strong>Folha <\/strong>revelou um boletim de ocorr\u00eancia feito pela esposa de Nunes, Regina Carnovale, em 2011, por viol\u00eancia dom\u00e9stica. O caso se transformou numa das principais vitrines do pol\u00edtico.<\/p>\n<p>Na \u00e9poca, Nunes criticou a postura de Bolsonaro diante da pandemia de Covid. Agora busca se equilibrar entre os programas de governo, que incluem incentivo \u00e0 vacina\u00e7\u00e3o e a\u00e7\u00f5es pr\u00f3-diversidade, e gestos aos eleitores fi\u00e9is do ex-presidente.<\/p>\n<p>No per\u00edodo de pouco mais de um ano como vice-prefeito, teve postura discreta, n\u00e3o se op\u00f4s ao prefeito e n\u00e3o tentou impor uma linha ideol\u00f3gica \u00e0 gest\u00e3o.<\/p>\n<p>Em agosto de 2023, 21% dos moradores de S\u00e3o Paulo afirmavam n\u00e3o conhecer o prefeito de S\u00e3o Paulo, <a href=\"https:\/\/www1.folha.uol.com.br\/poder\/2023\/08\/datafolha-boulos-tem-32-e-nunes-24-para-prefeitura-de-sao-paulo.shtml\" rel=\"noopener\" target=\"\">segundo o Datafolha<\/a>.<\/p>\n<p>Depois de demonstrar viabilidade nas pesquisas eleitorais, que costuma liderar empatado tecnicamente com Boulos, o prefeito obteve o apoio de 11 partidos, al\u00e9m do MDB, para concorrer \u00e0 reelei\u00e7\u00e3o.<\/p>\n<p>O PSDB de Covas, no entanto, decidiu lan\u00e7ar <a href=\"https:\/\/www1.folha.uol.com.br\/folha-topicos\/datena\/\" rel=\"noopener\" target=\"\">Jos\u00e9 Luiz Datena<\/a>, embora boa parte da milit\u00e2ncia tucana fa\u00e7a campanha para Nunes.<\/p>\n<p>Na tentativa de frear o fluxo de votos bolsonaristas para <a href=\"https:\/\/www1.folha.uol.com.br\/folha-topicos\/pablo-marcal\/\">Pablo Mar\u00e7al<\/a> (PRTB), Nunes escolheu como vice, em junho, o nome indicado pelo ex-presidente Bolsonaro,<a href=\"https:\/\/www1.folha.uol.com.br\/poder\/2024\/06\/saiba-quem-e-mello-araujo-coronel-que-chefiou-a-rota-e-pode-ser-vice-de-nunes.shtml\" rel=\"noopener\" target=\"\"> o coronel da PM Ricardo Mello Ara\u00fajo<\/a>.<\/p>\n<p>A comunica\u00e7\u00e3o da campanha de Nunes \u00e9 chefiada pelo marqueteiro respons\u00e1vel pela campanha de Bolsonaro em 2022, Duda Lima.<\/p>\n<p>Na <a href=\"https:\/\/www1.folha.uol.com.br\/poder\/2024\/08\/datafolha-aprovacao-de-nunes-oscila-5-pontos-para-baixo-e-fica-em-26-reprovacao-e-de-22.shtml\" rel=\"noopener\" target=\"\">mais recente pesquisa Datafolha<\/a>, divulgada em 8 de agosto, 26% dos entrevistados disseram considerar a gest\u00e3o de Nunes \u00f3tima ou boa. Outros 22% desaprovam seu governo, ou seja, o veem como ruim ou p\u00e9ssimo. Para 47%, \u00e9 uma administra\u00e7\u00e3o regular.<\/p>\n<p>Filho de um imigrante portugu\u00eas, Nunes foi criado no Parque Santo Ant\u00f4nio, na periferia da zona sul da capital. Chegou a cursar direito, mas n\u00e3o concluiu o curso. \u00c9 torcedor do Palmeiras.<\/p>\n<p>O prefeito <a href=\"https:\/\/www1.folha.uol.com.br\/poder\/2024\/08\/veja-o-patrimonio-declarado-pelos-candidatos-a-prefeitura-de-sao-paulo.shtml\" rel=\"noopener\" target=\"\">declarou \u00e0 Justi\u00e7a Eleitoral um patrim\u00f4nio<\/a> de R$ 4,84 milh\u00f5es.<\/p>\n<p>Ele fundou a empresa de dedetiza\u00e7\u00e3o Nikkey, que \u00e9 gerida pela sua fam\u00edlia at\u00e9 hoje, e projetou-se na regi\u00e3o a partir da atua\u00e7\u00e3o como empres\u00e1rio.<\/p>\n<p>Foi diretor da Aesul (Associa\u00e7\u00e3o Empresarial da Regi\u00e3o Sul) e fundou a Adesp (Associa\u00e7\u00e3o das Empresas Controladoras de Pragas do Estado de S\u00e3o Paulo) e a Abrafit (Associa\u00e7\u00e3o Brasileira das Empresas de Tratamento Fitossanit\u00e1rio e Quarenten\u00e1rio).<\/p>\n<p>Casado com Regina h\u00e1 27 anos, Nunes mora atualmente em Interlagos (zona sul) e tem tr\u00eas filhos e um neto.<\/p>\n<\/p><\/div>\n<p><br \/>\n<br \/><a href=\"https:\/\/redir.folha.com.br\/redir\/online\/poder\/rss091\/*https:\/\/www1.folha.uol.com.br\/poder\/2024\/08\/quem-e-ricardo-nunes-candidato-a-prefeito-de-sao-paulo.shtml\">Fonte https:\/\/redir.folha.com.br\/redir\/online\/poder\/rss091\/*https:\/\/www1.folha.uol.com.br\/poder\/2024\/08\/quem-e-ricardo-nunes-candidato-a-prefeito-de-sao-paulo.shtml<\/a><\/p>\n","protected":false},"excerpt":{"rendered":"<p>Ricardo Nunes (MDB), 56, \u00e9 prefeito de S\u00e3o Paulo e disputa a reelei\u00e7\u00e3o \u2014esta \u00e9 sua estreia em campanhas como cabe\u00e7a de chapa. Em 2020, Nunes venceu a elei\u00e7\u00e3o municipal,&hellip;<\/p>\n","protected":false},"author":1,"featured_media":325482,"comment_status":"closed","ping_status":"open","sticky":false,"template":"","format":"standard","meta":{"footnotes":""},"categories":[34,40,38,42],"tags":[],"class_list":["post-325481","post","type-post","status-publish","format-standard","has-post-thumbnail","hentry","category-brasil","category-educacao","category-prefeitura","category-ultimas"],"_links":{"self":[{"href":"https:\/\/blogfolhadocomercio.com.br\/wp\/wp-json\/wp\/v2\/posts\/325481","targetHints":{"allow":["GET"]}}],"collection":[{"href":"https:\/\/blogfolhadocomercio.com.br\/wp\/wp-json\/wp\/v2\/posts"}],"about":[{"href":"https:\/\/blogfolhadocomercio.com.br\/wp\/wp-json\/wp\/v2\/types\/post"}],"author":[{"embeddable":true,"href":"https:\/\/blogfolhadocomercio.com.br\/wp\/wp-json\/wp\/v2\/users\/1"}],"replies":[{"embeddable":true,"href":"https:\/\/blogfolhadocomercio.com.br\/wp\/wp-json\/wp\/v2\/comments?post=325481"}],"version-history":[{"count":1,"href":"https:\/\/blogfolhadocomercio.com.br\/wp\/wp-json\/wp\/v2\/posts\/325481\/revisions"}],"predecessor-version":[{"id":325483,"href":"https:\/\/blogfolhadocomercio.com.br\/wp\/wp-json\/wp\/v2\/posts\/325481\/revisions\/325483"}],"wp:featuredmedia":[{"embeddable":true,"href":"https:\/\/blogfolhadocomercio.com.br\/wp\/wp-json\/wp\/v2\/media\/325482"}],"wp:attachment":[{"href":"https:\/\/blogfolhadocomercio.com.br\/wp\/wp-json\/wp\/v2\/media?parent=325481"}],"wp:term":[{"taxonomy":"category","embeddable":true,"href":"https:\/\/blogfolhadocomercio.com.br\/wp\/wp-json\/wp\/v2\/categories?post=325481"},{"taxonomy":"post_tag","embeddable":true,"href":"https:\/\/blogfolhadocomercio.com.br\/wp\/wp-json\/wp\/v2\/tags?post=325481"}],"curies":[{"name":"wp","href":"https:\/\/api.w.org\/{rel}","templated":true}]}}