{"id":325053,"date":"2024-07-22T18:47:08","date_gmt":"2024-07-22T18:47:08","guid":{"rendered":"https:\/\/blogfolhadocomercio.com.br\/wp\/2024\/07\/22\/nancy-pelosi-anuncia-apoio-a-kamala-e-amplia-o-favoritismo-da-vice-presidente-entre-os-democratas-mundo-cartacapital\/"},"modified":"2024-07-22T18:47:08","modified_gmt":"2024-07-22T18:47:08","slug":"nancy-pelosi-anuncia-apoio-a-kamala-e-amplia-o-favoritismo-da-vice-presidente-entre-os-democratas-mundo-cartacapital","status":"publish","type":"post","link":"https:\/\/blogfolhadocomercio.com.br\/wp\/2024\/07\/22\/nancy-pelosi-anuncia-apoio-a-kamala-e-amplia-o-favoritismo-da-vice-presidente-entre-os-democratas-mundo-cartacapital\/","title":{"rendered":"Nancy Pelosi anuncia apoio a Kamala e amplia o favoritismo da vice-presidente entre os democratas \u2013 Mundo \u2013 CartaCapital"},"content":{"rendered":"<p> <br \/>\n<\/p>\n<div>\n<p>A ex-presidente da C\u00e2mara dos Representantes dos Estados Unidos <strong>Nancy Pelosi<\/strong> anunciou, nesta segunda-feira 22, seu apoio \u00e0 nomea\u00e7\u00e3o de <a href=\"https:\/\/www.cartacapital.com.br\/tag\/kamala-harris\/\">Kamala Harris<\/a> como candidata do Partido Democrata para a elei\u00e7\u00e3o presidencial de novembro.<\/p>\n<p>O endosso de Pelosi, uma influente lideran\u00e7a do partido, ocorre cerca de 24 horas depois de o presidente <a href=\"https:\/\/www.cartacapital.com.br\/tag\/joe-biden\/\">Joe Biden<\/a> anunciar que n\u00e3o buscar\u00e1 a reelei\u00e7\u00e3o e divulgar seu apoio a Kamala, atual vice-presidente do pa\u00eds.<\/p>\n<p><amp-ad width=\"300\" height=\"1\" noloading=\"\" type=\"teads\" data-pid=\"68207\" layout=\"responsive\" class=\"i-amphtml-layout-responsive i-amphtml-layout-size-defined\" i-amphtml-layout=\"responsive\"><i-amphtml-sizer style=\"display:block;padding-top:0.3333%;\"\/>  <\/amp-ad><\/p>\n<p>\u201c\u00c9 com imenso orgulho e otimismo ilimitado sobre o futuro de nosso pa\u00eds que apoio a vice-presidente Kamala Harris para presidente dos Estados Unidos\u201d, escreveu Pelosi em um comunicado. <mark>\u201cMeu entusiasmado endosso a Kamala Harris para presidente \u00e9 oficial, pessoal e pol\u00edtico.\u201d<\/mark><\/p>\n<p><amp-iframe class=\"amp-newsletter i-amphtml-layout-responsive i-amphtml-layout-size-defined\" width=\"350\" title=\"Newsletter\" height=\"250\" layout=\"responsive\" sandbox=\"allow-scripts allow-same-origin allow-modals allow-forms\" frameborder=\"0\" src=\"https:\/\/cartacapital.com.br\/wp-content\/themes\/readanddigest-child\/amp\/amp-newsletter.php\" i-amphtml-layout=\"responsive\"><i-amphtml-sizer style=\"display:block;padding-top:71.4286%;\"\/><\/amp-iframe><\/p>\n<p>Trata-se da mais significativa mensagem recebida por Kamala de lideran\u00e7as democratas, \u00e0 exce\u00e7\u00e3o da carta de Biden.<\/p>\n<p>Restam pouco mais de tr\u00eas meses para a elei\u00e7\u00e3o e os democratas devem escolher um novo candidato na conven\u00e7\u00e3o nacional marcada para 19 de agosto. \u00c9 poss\u00edvel, por\u00e9m, que a legenda antecipe a nomea\u00e7\u00e3o. Harris \u00e9 a grande favorita a conquistar a indica\u00e7\u00e3o.<\/p>\n<p>No domingo, ela passou mais de 10 horas em telefonemas com mais de 100 l\u00edderes democratas, congressistas, governadores e outras figuras, informou a ag\u00eancia\u00a0<em>AFP<\/em>.<\/p>\n<p> <amp-fx-flying-carpet height=\"300px\" id=\"par06\" class=\"i-amphtml-layout-fixed-height i-amphtml-layout-size-defined\" style=\"height:300px;\" i-amphtml-layout=\"fixed-height\"> <amp-ad width=\"300\" height=\"600\" layout=\"fixed\" data-enable-refresh=\"30\" data-loading-strategy=\"2\" type=\"doubleclick\" data-slot=\"\/14147850\/cartacapital-AMP\/amp_interna_p06_fcarpet\" class=\"i-amphtml-layout-fixed i-amphtml-layout-size-defined\" style=\"width:300px;height:600px;\" i-amphtml-layout=\"fixed\"> <\/amp-ad> <\/amp-fx-flying-carpet><\/p>\n<p>Nesta segunda, em sua primeira apari\u00e7\u00e3o p\u00fablica desde o an\u00fancio de Biden, Kamala classificou o legado do presidente como \u201cinigual\u00e1vel na hist\u00f3ria moderna\u201d.<\/p>\n<p><mark class=\"highlighted\">\u201cEm um mandato, ele [Biden] j\u00e1 superou o legado da maioria dos presidentes que cumpriram dois mandatos\u201d<\/mark>, disse a vice em uma cerim\u00f4nia na Casa Branca voltada a atletas universit\u00e1rios. Ainda\u00a0voltou a exaltar caracter\u00edsticas como \u201chonestidade, integridade e profundo amor pelo pa\u00eds\u201d, atribu\u00eddas por ela a Biden.<\/p>\n<p>Tamb\u00e9m nas \u00faltimas horas, governadores democratas (incluindo potenciais oponentes internos) endossaram a nomea\u00e7\u00e3o de Kamala.<\/p>\n<p>\u201cEstou empolgada para apoiar Kamala Harris para presidente dos Estados Unidos\u201d, disse a governadora do Michigan, Gretchen Whitmer, em uma nota conjunta com os governadores de Illinois, Minnesota e Wisconsin.<\/p>\n<p>Pouco antes, o governador de Kentucky, Andy Beshear, saiu em defesa de Kamala. Ele \u00e9 um dos mais cotados a ocupar o posto de vice na chapa democrata.<\/p>\n<\/div>\n\n","protected":false},"excerpt":{"rendered":"<p>A ex-presidente da C\u00e2mara dos Representantes dos Estados Unidos Nancy Pelosi anunciou, nesta segunda-feira 22, seu apoio \u00e0 nomea\u00e7\u00e3o de Kamala Harris como candidata do Partido Democrata para a elei\u00e7\u00e3o&hellip;<\/p>\n","protected":false},"author":1,"featured_media":325054,"comment_status":"","ping_status":"open","sticky":false,"template":"","format":"standard","meta":{"footnotes":""},"categories":[42],"tags":[],"class_list":["post-325053","post","type-post","status-publish","format-standard","has-post-thumbnail","hentry","category-ultimas"],"_links":{"self":[{"href":"https:\/\/blogfolhadocomercio.com.br\/wp\/wp-json\/wp\/v2\/posts\/325053","targetHints":{"allow":["GET"]}}],"collection":[{"href":"https:\/\/blogfolhadocomercio.com.br\/wp\/wp-json\/wp\/v2\/posts"}],"about":[{"href":"https:\/\/blogfolhadocomercio.com.br\/wp\/wp-json\/wp\/v2\/types\/post"}],"author":[{"embeddable":true,"href":"https:\/\/blogfolhadocomercio.com.br\/wp\/wp-json\/wp\/v2\/users\/1"}],"replies":[{"embeddable":true,"href":"https:\/\/blogfolhadocomercio.com.br\/wp\/wp-json\/wp\/v2\/comments?post=325053"}],"version-history":[{"count":0,"href":"https:\/\/blogfolhadocomercio.com.br\/wp\/wp-json\/wp\/v2\/posts\/325053\/revisions"}],"wp:featuredmedia":[{"embeddable":true,"href":"https:\/\/blogfolhadocomercio.com.br\/wp\/wp-json\/wp\/v2\/media\/325054"}],"wp:attachment":[{"href":"https:\/\/blogfolhadocomercio.com.br\/wp\/wp-json\/wp\/v2\/media?parent=325053"}],"wp:term":[{"taxonomy":"category","embeddable":true,"href":"https:\/\/blogfolhadocomercio.com.br\/wp\/wp-json\/wp\/v2\/categories?post=325053"},{"taxonomy":"post_tag","embeddable":true,"href":"https:\/\/blogfolhadocomercio.com.br\/wp\/wp-json\/wp\/v2\/tags?post=325053"}],"curies":[{"name":"wp","href":"https:\/\/api.w.org\/{rel}","templated":true}]}}