{"id":324730,"date":"2024-06-22T05:43:07","date_gmt":"2024-06-22T05:43:07","guid":{"rendered":"https:\/\/blogfolhadocomercio.com.br\/wp\/2024\/06\/22\/em-goias-saude-reforca-a-importancia-da-vacinacao-contra-a-gripe-com-a-chegada-do-inverno-blog-do-amarildo\/"},"modified":"2024-06-22T05:43:07","modified_gmt":"2024-06-22T05:43:07","slug":"em-goias-saude-reforca-a-importancia-da-vacinacao-contra-a-gripe-com-a-chegada-do-inverno-blog-do-amarildo","status":"publish","type":"post","link":"https:\/\/blogfolhadocomercio.com.br\/wp\/2024\/06\/22\/em-goias-saude-reforca-a-importancia-da-vacinacao-contra-a-gripe-com-a-chegada-do-inverno-blog-do-amarildo\/","title":{"rendered":"Em Goi\u00e1s, Sa\u00fade refor\u00e7a a import\u00e2ncia da vacina\u00e7\u00e3o contra a gripe com a chegada do inverno \u2013 Blog do Amarildo"},"content":{"rendered":"<p> <br \/>\n<\/p>\n<div id=\"post-57831\">\n<header class=\"entry-header mh-clearfix\">\n<p><!-- Google tag (gtag.js) --><\/p>\n<p class=\"mh-meta entry-meta\">\n<span class=\"entry-meta-date updated\"><i class=\"fa fa-clock-o\"\/><a href=\"https:\/\/blogdoamarildo.com.br\/2024\/06\/\">Junho 21, 2024<\/a><\/span><br \/>\n<span class=\"entry-meta-author author vcard\"><i class=\"fa fa-user\"\/><a class=\"fn\" href=\"https:\/\/blogdoamarildo.com.br\/author\/amarildo\/\">Amarildo Castro<\/a><\/span><br \/>\n<span class=\"entry-meta-categories\"><i class=\"fa fa-folder-open-o\"\/><a href=\"https:\/\/blogdoamarildo.com.br\/category\/distrito-federal\/\" rel=\"category tag\">Distrito Federal<\/a><\/span><br \/>\n<span class=\"entry-meta-comments\"><i class=\"fa fa-comment-o\"\/><a class=\"mh-comment-scroll\" href=\"https:\/\/blogdoamarildo.com.br\/em-goias-saude-reforca-a-importancia-da-vacinacao-contra-a-gripe-com-a-chegada-do-inverno\/#mh-comments\">0<\/a><\/span>\n<\/p>\n<\/header>\n<div class=\"entry-content mh-clearfix\">\n<figure class=\"entry-thumbnail\">\n<br \/>\n<\/figure>\n<ul>\n<li><em><strong>Imuniza\u00e7\u00e3o \u00e9 recomendada a todas as pessoas com mais de 6 meses de idade. A vacina age para estimular a produ\u00e7\u00e3o de anticorpos contra o v\u00edrus da Influenza<\/strong><\/em><\/li>\n<\/ul>\n<p>Com a chegada do inverno, que come\u00e7ou nesta quinta-feira (20), o Minist\u00e9rio da Sa\u00fade refor\u00e7a import\u00e2ncia da vacina\u00e7\u00e3o contra a gripe para a popula\u00e7\u00e3o de Goi\u00e1s. No caso da\u00a0<a href=\"https:\/\/www.gov.br\/saude\/pt-br\/assuntos\/saude-de-a-a-z\/g\/gripe-influenza\" target=\"_blank\" rel=\"noreferrer noopener\">Influenza<\/a>, ainda em maio, a pasta recomendou a prote\u00e7\u00e3o de todas as pessoas com mais de 6 meses de idade. O minist\u00e9rio j\u00e1 havia antecipado a campanha em raz\u00e3o do aumento da circula\u00e7\u00e3o de v\u00edrus respirat\u00f3rios no pa\u00eds. Neste ano, at\u00e9 o momento, foram aplicadas mais de um milh\u00e3o de doses da vacina no estado. Em 2023, 60,34% do p\u00fablico alvo foi imunizado.<\/p>\n<p>O minist\u00e9rio enfatiza a necessidade de que todas as pessoas se imunizem. Especialmente, as consideradas do p\u00fablico-alvo para a vacina. Entre elas est\u00e3o: crian\u00e7as de 6 meses a menores de 6 anos; gestantes; pu\u00e9rperas; idosos com 60 anos ou mais; e pessoas em situa\u00e7\u00e3o de rua. Crian\u00e7as que v\u00e3o receber o imunizante pela primeira vez dever\u00e3o tomar duas doses, com um intervalo de 30 dias.\u00a0<\/p>\n<p>A campanha de vacina\u00e7\u00e3o contra a gripe em 2024 come\u00e7ou mais cedo nas Regi\u00f5es Nordeste, Centro-Oeste, Sul e Sudeste, com as vacinas sendo distribu\u00eddas para as Unidades Federadas e seus respectivos munic\u00edpios logo no in\u00edcio de mar\u00e7o, focada em grupos priorit\u00e1rios. Vale lembrar que a Regi\u00e3o Norte do pa\u00eds iniciou a vacina\u00e7\u00e3o contra a gripe em novembro do ano passado, tornando-se pioneira nessa antecipa\u00e7\u00e3o. Por esse motivo, ela n\u00e3o est\u00e1 inclu\u00edda nesta etapa da campanha.\u00a0<\/p>\n<\/p><\/div>\n<\/div>\n<p><script>(function(d, s, id) {\n\t\t\tvar js, fjs = d.getElementsByTagName(s)[0];\n\t\t\tif (d.getElementById(id)) return;\n\t\t\tjs = d.createElement(s); js.id = id;\n\t\t\tjs.src=\"https:\/\/connect.facebook.net\/en_US\/sdk.js#xfbml=1&version=v2.11&appId=1158761637505872\";\n\t\t\tfjs.parentNode.insertBefore(js, fjs);\n\t\t}(document, 'script', 'facebook-jssdk'));<\/script><br \/>\n<br \/><\/p>\n","protected":false},"excerpt":{"rendered":"<p>Junho 21, 2024 Amarildo Castro Distrito Federal 0 Imuniza\u00e7\u00e3o \u00e9 recomendada a todas as pessoas com mais de 6 meses de idade. A vacina age para estimular a produ\u00e7\u00e3o de&hellip;<\/p>\n","protected":false},"author":1,"featured_media":324731,"comment_status":"","ping_status":"open","sticky":false,"template":"","format":"standard","meta":{"footnotes":""},"categories":[42],"tags":[],"class_list":["post-324730","post","type-post","status-publish","format-standard","has-post-thumbnail","hentry","category-ultimas"],"_links":{"self":[{"href":"https:\/\/blogfolhadocomercio.com.br\/wp\/wp-json\/wp\/v2\/posts\/324730","targetHints":{"allow":["GET"]}}],"collection":[{"href":"https:\/\/blogfolhadocomercio.com.br\/wp\/wp-json\/wp\/v2\/posts"}],"about":[{"href":"https:\/\/blogfolhadocomercio.com.br\/wp\/wp-json\/wp\/v2\/types\/post"}],"author":[{"embeddable":true,"href":"https:\/\/blogfolhadocomercio.com.br\/wp\/wp-json\/wp\/v2\/users\/1"}],"replies":[{"embeddable":true,"href":"https:\/\/blogfolhadocomercio.com.br\/wp\/wp-json\/wp\/v2\/comments?post=324730"}],"version-history":[{"count":0,"href":"https:\/\/blogfolhadocomercio.com.br\/wp\/wp-json\/wp\/v2\/posts\/324730\/revisions"}],"wp:featuredmedia":[{"embeddable":true,"href":"https:\/\/blogfolhadocomercio.com.br\/wp\/wp-json\/wp\/v2\/media\/324731"}],"wp:attachment":[{"href":"https:\/\/blogfolhadocomercio.com.br\/wp\/wp-json\/wp\/v2\/media?parent=324730"}],"wp:term":[{"taxonomy":"category","embeddable":true,"href":"https:\/\/blogfolhadocomercio.com.br\/wp\/wp-json\/wp\/v2\/categories?post=324730"},{"taxonomy":"post_tag","embeddable":true,"href":"https:\/\/blogfolhadocomercio.com.br\/wp\/wp-json\/wp\/v2\/tags?post=324730"}],"curies":[{"name":"wp","href":"https:\/\/api.w.org\/{rel}","templated":true}]}}