{"id":324708,"date":"2024-06-20T13:51:35","date_gmt":"2024-06-20T13:51:35","guid":{"rendered":"https:\/\/blogfolhadocomercio.com.br\/wp\/2024\/06\/20\/projeto-quer-facilitar-o-dialogo-entre-cidadaos-que-pensam-diferente-sociedade-cartacapital\/"},"modified":"2024-06-20T13:51:35","modified_gmt":"2024-06-20T13:51:35","slug":"projeto-quer-facilitar-o-dialogo-entre-cidadaos-que-pensam-diferente-sociedade-cartacapital","status":"publish","type":"post","link":"https:\/\/blogfolhadocomercio.com.br\/wp\/2024\/06\/20\/projeto-quer-facilitar-o-dialogo-entre-cidadaos-que-pensam-diferente-sociedade-cartacapital\/","title":{"rendered":"projeto quer facilitar o di\u00e1logo entre cidad\u00e3os que pensam diferente \u2013 Sociedade \u2013 CartaCapital"},"content":{"rendered":"<p> <br \/>\n<\/p>\n<div>\n<p>A solidifica\u00e7\u00e3o de posi\u00e7\u00f5es pol\u00edticas, econ\u00f4micas e morais intransigentes e a transforma\u00e7\u00e3o em inimigo de quem pensa diferente tornaram-se um fen\u00f4meno global. Diante desse cen\u00e1rio de intensa polariza\u00e7\u00e3o, como \u00e9 poss\u00edvel estimular o di\u00e1logo entre os cidad\u00e3os de posi\u00e7\u00f5es divergentes? A pergunta est\u00e1 na base de um projeto que acaba de ser lan\u00e7ado no Pa\u00eds e que tem <strong>CartaCapital<\/strong> na lista de parceiros de m\u00eddia.<\/p>\n<p>O Brazil Talks \u00e9 a vers\u00e3o local do My Country Talks, iniciativa nascida em 2017 na Alemanha e estendida desde ent\u00e3o a mais de cem na\u00e7\u00f5es e quase 300 mil participantes. \u201cNeste ano, estamos com um programa voltado para a Europa, com foco em 39 pa\u00edses do Velho Continente e um evento nacional na Alemanha, al\u00e9m do lan\u00e7amento no Brasil\u201d, descreve Sara Cooper, gerente do projeto. O Brazil Talks \u00e9 fruto de uma parceria entre pesquisadores da Universidade de Stanford com o Instituto Sivis, <em>think tank<\/em> apartida\u0301rio e sem fins lucrativos. Com mais de 200 milh\u00f5es de habitantes, alto engajamento digital e forte antagonismo pol\u00edtico nos \u00faltimos anos, o Pa\u00eds era um candidato natural a receber uma vers\u00e3o do programa.<\/p>\n<p><amp-ad width=\"300\" height=\"1\" noloading=\"\" type=\"teads\" data-pid=\"68207\" layout=\"responsive\" class=\"i-amphtml-layout-responsive i-amphtml-layout-size-defined\" i-amphtml-layout=\"responsive\"><i-amphtml-sizer style=\"display:block;padding-top:0.3333%;\"\/>  <\/amp-ad><\/p>\n<p>O objetivo do projeto \u00e9 conectar cerca de 10 mil brasileiros em conversas online por meio de uma plataforma exclusiva e segura.\u00a0<b>Os di\u00e1logos come\u00e7aram na quinta-feira 20 e se estendem at\u00e9 21 de julho<\/b>. Depois de compilados e analisados, os resultados ser\u00e3o divulgados ao<br \/>p\u00fablico. Como parceira de m\u00eddia, <strong>CartaCapital<\/strong> oferecer\u00e1 ao longo das pr\u00f3ximas semanas links, tanto no site quanto nas redes sociais, para os interessados em fazer parte das conversas. A participa\u00e7\u00e3o \u00e9 espont\u00e2nea e gratuita. Quanto maior a coleta de vis\u00f5es distintas dos temas, mais precisa ser\u00e1 a interpreta\u00e7\u00e3o do momento pol\u00edtico e social.<\/p>\n<p><amp-iframe class=\"amp-newsletter i-amphtml-layout-responsive i-amphtml-layout-size-defined\" width=\"350\" title=\"Newsletter\" height=\"250\" layout=\"responsive\" sandbox=\"allow-scripts allow-same-origin allow-modals allow-forms\" frameborder=\"0\" src=\"https:\/\/cartacapital.com.br\/wp-content\/themes\/readanddigest-child\/amp\/amp-newsletter.php\" i-amphtml-layout=\"responsive\"><i-amphtml-sizer style=\"display:block;padding-top:71.4286%;\"\/><\/amp-iframe><\/p>\n<p><!-- IN&Iacute;CIO: O c&oacute;digo do widget come&ccedil;a aqui --><br \/><amp-iframe id=\"qualtrics-survey\" src=\"https:\/\/stanforduniversity.qualtrics.com\/jfe\/form\/SV_4YJB4Nkjlb7My6q\" width=\"300\" height=\"300\" frameborder=\"0\" sandbox=\"allow-scripts allow-same-origin\" layout=\"intrinsic\" class=\"amp-wp-enforced-sizes i-amphtml-layout-intrinsic i-amphtml-layout-size-defined\" i-amphtml-layout=\"intrinsic\"><i-amphtml-sizer class=\"i-amphtml-sizer\"><\/i-amphtml-sizer><span placeholder=\"\" class=\"amp-wp-iframe-placeholder\"\/><noscript><iframe loading=\"lazy\" id=\"qualtrics-survey\" src=\"https:\/\/stanforduniversity.qualtrics.com\/jfe\/form\/SV_4YJB4Nkjlb7My6q\" width=\"300\" height=\"300px\" frameborder=\"0\"><\/iframe><\/noscript><\/amp-iframe><\/p>\n<p>Os leitores responder\u00e3o a um curto question\u00e1rio com perguntas sobre pol\u00edtica, economia e sociedade, selecionadas pela equipe do projeto. Um algoritmo far\u00e1 um pareamento de participantes com opini\u00f5es divergentes. Combinado um hor\u00e1rio comum, os selecionados v\u00e3o reunir-se por meio da plataforma e poder\u00e3o discutir as diferen\u00e7as de pensamento, que devem incluir assuntos econ\u00f4micos, pol\u00edticos e sociais. O encontro \u00e9 privado, sem modera\u00e7\u00e3o, e a plataforma garante a completa privacidade dos participantes.<\/p>\n<p>No in\u00edcio da conversa, para cada participante, vai aparecer um cart\u00e3o na tela com a apresenta\u00e7\u00e3o do perfil do interlocutor e os pontos de discord\u00e2ncia entre os dois. N\u00e3o h\u00e1 um direcionamento, a ideia \u00e9 que o di\u00e1logo seja espont\u00e2neo. \u201cO que se observou, nos casos internacionais, \u00e9 que as falas tendem a come\u00e7ar a partir dessa conversa casual, conforme o que se v\u00ea no perfil do seu par, e depois elas evoluem para outros assuntos.<\/p>\n<p> <amp-fx-flying-carpet height=\"300px\" id=\"par06\" class=\"i-amphtml-layout-fixed-height i-amphtml-layout-size-defined\" style=\"height:300px;\" i-amphtml-layout=\"fixed-height\"> <amp-ad width=\"300\" height=\"600\" layout=\"fixed\" data-enable-refresh=\"30\" data-loading-strategy=\"2\" type=\"doubleclick\" data-slot=\"\/14147850\/cartacapital-AMP\/amp_interna_p06_fcarpet\" class=\"i-amphtml-layout-fixed i-amphtml-layout-size-defined\" style=\"width:300px;height:600px;\" i-amphtml-layout=\"fixed\"> <\/amp-ad> <\/amp-fx-flying-carpet><\/p>\n<p>Em alguns casos, as conversas duram muito tempo, cerca de duas horas. Em outros, 20 minutos. Isso varia muito, a depender dos pares. Mas essas informa\u00e7\u00f5es iniciais dos perfis ensejam uma conex\u00e3o para o come\u00e7o da intera\u00e7\u00e3o\u201d, afirma Fernanda Andrade, do Instituto Sivis.<\/p>\n<p>Segundo um estudo dos economistas Adrian Blattner, da Universidade Stanford, e Martin Koenen, da Universidade Harvard, uma \u00fanica conversa no My Country Talks entre opostos pol\u00edticos tende a reduzir significativamente a polariza\u00e7\u00e3o afetiva. O estudo concluiu que uma conversa n\u00e3o moderada no \u00e2mbito da iniciativa realizada na Alemanha, com 15 mil participantes, em 2021, diminuiu os sentimentos negativos dos participantes em rela\u00e7\u00e3o \u00e0queles com vis\u00e3o pol\u00edtica divergente. Depois de um di\u00e1logo por meio da plataforma, os volunt\u00e1rios foram mais generosos em partilhar dinheiro com simpatizantes de outros partidos pol\u00edticos e tamb\u00e9m disseram que viam o seu interlocutor de forma t\u00e3o positiva como algu\u00e9m do seu pr\u00f3prio partido, mesmo se o parceiro fosse de ideologia completamente oposta. No estudo, perto de 90% dos entrevistados relataram que a conversa durou mais de uma hora e 33%, que foi al\u00e9m de duas horas.<\/p>\n<p>\u201cDo lado dos participantes, o resultado mais importante \u00e9 que a maioria est\u00e1 extremamente satisfeita com a experi\u00eancia. Cerca de 80% deles dizem que est\u00e3o felizes com a conversa e 90% alegaram que participariam novamente no futuro. Tamb\u00e9m temos resultados de pesquisas de Harvard, Stanford e da Universidade de Bonn, na Alemanha, que mostram que uma conversa pode mesmo reduzir os n\u00edveis de polariza\u00e7\u00e3o, bem como fazer com que os participantes aceitem melhor amigos e familiares com diferentes pontos de vista pol\u00edticos\u201d, diz Cooper.<\/p>\n<p>Mais informa\u00e7\u00f5es est\u00e3o dispon\u00edveis no site: <a href=\"https:\/\/www.mycountrytalks.org\/events\/o-brasil-fala\" target=\"_blank\" rel=\"noopener\">mycountrytalks.org<\/a><\/p>\n<\/p><\/div>\n\n","protected":false},"excerpt":{"rendered":"<p>A solidifica\u00e7\u00e3o de posi\u00e7\u00f5es pol\u00edticas, econ\u00f4micas e morais intransigentes e a transforma\u00e7\u00e3o em inimigo de quem pensa diferente tornaram-se um fen\u00f4meno global. Diante desse cen\u00e1rio de intensa polariza\u00e7\u00e3o, como \u00e9&hellip;<\/p>\n","protected":false},"author":1,"featured_media":324709,"comment_status":"","ping_status":"open","sticky":false,"template":"","format":"standard","meta":{"footnotes":""},"categories":[34,43,35,42],"tags":[],"class_list":["post-324708","post","type-post","status-publish","format-standard","has-post-thumbnail","hentry","category-brasil","category-economia","category-politica","category-ultimas"],"_links":{"self":[{"href":"https:\/\/blogfolhadocomercio.com.br\/wp\/wp-json\/wp\/v2\/posts\/324708","targetHints":{"allow":["GET"]}}],"collection":[{"href":"https:\/\/blogfolhadocomercio.com.br\/wp\/wp-json\/wp\/v2\/posts"}],"about":[{"href":"https:\/\/blogfolhadocomercio.com.br\/wp\/wp-json\/wp\/v2\/types\/post"}],"author":[{"embeddable":true,"href":"https:\/\/blogfolhadocomercio.com.br\/wp\/wp-json\/wp\/v2\/users\/1"}],"replies":[{"embeddable":true,"href":"https:\/\/blogfolhadocomercio.com.br\/wp\/wp-json\/wp\/v2\/comments?post=324708"}],"version-history":[{"count":0,"href":"https:\/\/blogfolhadocomercio.com.br\/wp\/wp-json\/wp\/v2\/posts\/324708\/revisions"}],"wp:featuredmedia":[{"embeddable":true,"href":"https:\/\/blogfolhadocomercio.com.br\/wp\/wp-json\/wp\/v2\/media\/324709"}],"wp:attachment":[{"href":"https:\/\/blogfolhadocomercio.com.br\/wp\/wp-json\/wp\/v2\/media?parent=324708"}],"wp:term":[{"taxonomy":"category","embeddable":true,"href":"https:\/\/blogfolhadocomercio.com.br\/wp\/wp-json\/wp\/v2\/categories?post=324708"},{"taxonomy":"post_tag","embeddable":true,"href":"https:\/\/blogfolhadocomercio.com.br\/wp\/wp-json\/wp\/v2\/tags?post=324708"}],"curies":[{"name":"wp","href":"https:\/\/api.w.org\/{rel}","templated":true}]}}