{"id":324595,"date":"2024-06-12T13:23:23","date_gmt":"2024-06-12T13:23:23","guid":{"rendered":"https:\/\/blogfolhadocomercio.com.br\/wp\/?p=324595"},"modified":"2024-06-12T13:23:25","modified_gmt":"2024-06-12T13:23:25","slug":"o-semestre-perdido-de-lula","status":"publish","type":"post","link":"https:\/\/blogfolhadocomercio.com.br\/wp\/2024\/06\/12\/o-semestre-perdido-de-lula\/","title":{"rendered":"O semestre perdido de Lula"},"content":{"rendered":"\n<p><strong>N\u00e3o h\u00e1 nada a apontar de positivo na a\u00e7\u00e3o do governo no Congresso e em sua comunica\u00e7\u00e3o com a sociedade<\/strong><\/p>\n\n\n\n<p>Depois de um primeiro ano de vit\u00f3rias, que come\u00e7ou ainda antes da posse com a PEC da Transi\u00e7\u00e3o, o governo Lula carimbou o semestre perdido no Congresso com a lamban\u00e7a da edi\u00e7\u00e3o da Medida Provis\u00f3ria natimorta que pretendia limitar o uso de cr\u00e9ditos tribut\u00e1rios de PIS e Cofins para pagar outros impostos. E da pior forma poss\u00edvel: dobrando a aposta no rol de erros que cometeu noutra MP, a 1.202, aquela editada na virada do ano que simboliza o in\u00edcio das agruras de Lula no Congresso.<\/p>\n\n\n\n<p>Nos dois casos, est\u00e1 um expediente equivocado de Fernando Haddad: apostar em medidas unilaterais, n\u00e3o explicadas nem negociadas, para tentar sanar problemas de arrecada\u00e7\u00e3o.<\/p>\n\n\n\n<p>As derrotas seguidas, em todas as muitas frentes em que a MP 1.202 pretendeu passar por cima de decis\u00f5es anteriores do Congresso, deveriam ter ensinado algumas li\u00e7\u00f5es a um ministro que vinha ganhando todas at\u00e9 ent\u00e3o, driblando resist\u00eancias em setores hostis e levando a melhor nas disputas internas com o titular da Casa Civil, Rui Costa.<\/p>\n\n\n\n<p>Mas n\u00e3o: ao buscar a compensa\u00e7\u00e3o para a fragorosa e lenta derrota na novela da desonera\u00e7\u00e3o da folha de pagamentos, Haddad incorreu na mesma receita desastrosa, desta vez com uma medida que atingiu em cheio v\u00e1rios setores da economia bastante vocais, como o agroneg\u00f3cio, imediatamente bombardeada pela oposi\u00e7\u00e3o.<\/p>\n\n\n\n<p>O resultado de apostar de novo na autossufici\u00eancia justamente num momento em que sucessivas derrotas demonstram a tibieza da articula\u00e7\u00e3o pol\u00edtica de Lula no Parlamento foi o carimbo de \u201cdevolvida\u201d que Rodrigo Pacheco pespegou na MP, n\u00e3o sem antes avisar a Lula e aos ministros que o faria, e imediatamente.<\/p>\n\n\n\n<p>Haddad demonstrou ao longo de 2023 o tino necess\u00e1rio para entender que navegava em mares duplamente bravios: um mercado que n\u00e3o o via como capacitado a gerir sobretudo o ajuste fiscal e uma ala pol\u00edtica de seu pr\u00f3prio lado, disposta a gastar como se n\u00e3o houvesse amanh\u00e3. Articulou politicamente seus projetos, prevaleceu sobre o PT gastador.<\/p>\n\n\n\n<p>Leia tamb\u00e9m: Fraco, governo n\u00e3o conduz o debate<br>Mas a\u00ed parece ter relaxado e deixado aflorar uma das caracter\u00edsticas mais apontadas pelos aliados e advers\u00e1rios em seu per\u00edodo de prefeito: certa arrog\u00e2ncia de quem prefere ter raz\u00e3o a vencer. Assim, ele insistiu at\u00e9 o \u00faltimo minuto em argumentar a favor da \u201cMP do apocalipse\u201d, como a medida devolvida foi apelidada.<\/p>\n\n\n\n<p>Como nos casos do Perse, o programa do setor de eventos, e de outros benef\u00edcios em que resolveu mexer, argumentou que as compensa\u00e7\u00f5es de PIS\/Cofins estavam eivadas de fraudes. Mas fez isso a posteriori, sem convencer os setores econ\u00f4micos nem o Parlamento.<\/p>\n\n\n\n<p>Diferentemente dos embates anteriores, em que sempre saiu respaldado por Lula, neste epis\u00f3dio o ministro levou uma anota\u00e7\u00e3o na caderneta. O presidente n\u00e3o gostou de ficar exposto bem na hora em que vinha se dispondo a entrar mais diretamente na articula\u00e7\u00e3o pol\u00edtica.<\/p>\n\n\n\n<p>A MP devolvida caiu no colo do presidente, e esse desgaste enorme no pior momento de Lula desde a posse serviu para agravar a crise entre os titulares da Fazenda e da Casa Civil, a quem auxiliares de Haddad culpam pela alta temperatura que a fritura atingiu no caso.<\/p>\n\n\n\n<p>H\u00e1 semanas venho escrevendo sobre a falta de iniciativa pol\u00edtica do governo. Mas a cada crise autoimposta fica a imagem de que Lula est\u00e1 num mar revolto e \u00e9 atingido por uma nova onda antes mesmo de se recuperar de um caldo.<\/p>\n\n\n\n<p>A MP devolvida e o vexaminoso leil\u00e3o para a compra de arroz, anulado ap\u00f3s suspeitas de irregularidades e evid\u00eancias claras de amadorismo, pelo menos, coroam um semestre desastroso, em que n\u00e3o h\u00e1 nada a apontar de positivo na a\u00e7\u00e3o do governo no Congresso e em sua comunica\u00e7\u00e3o com a sociedade.<\/p>\n\n\n\n<p>Por ora, a economia vai se mantendo, mas a preocupa\u00e7\u00e3o com tanta in\u00e9pcia e a trag\u00e9dia no Rio Grande do Sul s\u00e3o nuvens que amea\u00e7am tamb\u00e9m o segundo semestre, se n\u00e3o houver uma tomada de r\u00e9deas por parte do presidente que v\u00e1 muito al\u00e9m de tomar caf\u00e9 com deputado e jogar conversa fora.<\/p>\n\n\n\n<p><\/p>\n","protected":false},"excerpt":{"rendered":"<p>N\u00e3o h\u00e1 nada a apontar de positivo na a\u00e7\u00e3o do governo no Congresso e em sua comunica\u00e7\u00e3o com a sociedade Depois de um primeiro ano de vit\u00f3rias, que come\u00e7ou ainda&hellip;<\/p>\n","protected":false},"author":1,"featured_media":324596,"comment_status":"closed","ping_status":"open","sticky":false,"template":"","format":"standard","meta":{"footnotes":""},"categories":[34,35,42],"tags":[],"class_list":["post-324595","post","type-post","status-publish","format-standard","has-post-thumbnail","hentry","category-brasil","category-politica","category-ultimas"],"_links":{"self":[{"href":"https:\/\/blogfolhadocomercio.com.br\/wp\/wp-json\/wp\/v2\/posts\/324595","targetHints":{"allow":["GET"]}}],"collection":[{"href":"https:\/\/blogfolhadocomercio.com.br\/wp\/wp-json\/wp\/v2\/posts"}],"about":[{"href":"https:\/\/blogfolhadocomercio.com.br\/wp\/wp-json\/wp\/v2\/types\/post"}],"author":[{"embeddable":true,"href":"https:\/\/blogfolhadocomercio.com.br\/wp\/wp-json\/wp\/v2\/users\/1"}],"replies":[{"embeddable":true,"href":"https:\/\/blogfolhadocomercio.com.br\/wp\/wp-json\/wp\/v2\/comments?post=324595"}],"version-history":[{"count":1,"href":"https:\/\/blogfolhadocomercio.com.br\/wp\/wp-json\/wp\/v2\/posts\/324595\/revisions"}],"predecessor-version":[{"id":324597,"href":"https:\/\/blogfolhadocomercio.com.br\/wp\/wp-json\/wp\/v2\/posts\/324595\/revisions\/324597"}],"wp:featuredmedia":[{"embeddable":true,"href":"https:\/\/blogfolhadocomercio.com.br\/wp\/wp-json\/wp\/v2\/media\/324596"}],"wp:attachment":[{"href":"https:\/\/blogfolhadocomercio.com.br\/wp\/wp-json\/wp\/v2\/media?parent=324595"}],"wp:term":[{"taxonomy":"category","embeddable":true,"href":"https:\/\/blogfolhadocomercio.com.br\/wp\/wp-json\/wp\/v2\/categories?post=324595"},{"taxonomy":"post_tag","embeddable":true,"href":"https:\/\/blogfolhadocomercio.com.br\/wp\/wp-json\/wp\/v2\/tags?post=324595"}],"curies":[{"name":"wp","href":"https:\/\/api.w.org\/{rel}","templated":true}]}}